{"id":70272,"date":"2022-10-21T16:30:18","date_gmt":"2022-10-21T16:30:18","guid":{"rendered":"https:\/\/jorgezanoni.com.br\/2019\/?p=70272"},"modified":"2022-10-21T16:30:18","modified_gmt":"2022-10-21T16:30:18","slug":"moradora-reclama-de-falta-de-seguranca-na-rodoviaria-de-dracena","status":"publish","type":"post","link":"https:\/\/jorgezanoni.com.br\/2019\/moradora-reclama-de-falta-de-seguranca-na-rodoviaria-de-dracena\/","title":{"rendered":"Moradora reclama de falta de seguran\u00e7a na Rodovi\u00e1ria de Dracena"},"content":{"rendered":"<p style=\"text-align: justify;\"><strong>Fato aconteceu na madrugada desta sexta-feira (21) e ela fez um desabafo em forma de protesto, por ter vivido momentos de tens\u00e3o no local enquanto esperava a filha que chegaria em coletivo.<\/strong><\/p>\n<p>Jorge Zanoni<\/p>\n<p style=\"text-align: justify;\">VEJA NA \u00cdNTEGRA C\u00d3PIA DO FACEBOOK DA RECLAMANTE:<\/p>\n<div dir=\"auto\" style=\"text-align: justify;\">&#8220;Venho aqui desabafar a quem possa interessar a minha indigna\u00e7\u00e3o sobre a RODOVI\u00c1RIA de Dracena, minha filha chegou agora \u201c01:20hr \u201ccom a empresa de \u00f4nibus Expresso de Prata\u2026.<\/div>\n<div dir=\"auto\" style=\"text-align: justify;\">Cheguei na rodovi\u00e1ria minutos antes do \u00f4nibus chegar nesse lugar que diz ser uma \u201crodovi\u00e1ria\u201d\u2026<\/div>\n<div dir=\"auto\" style=\"text-align: justify;\">Cheguei e percebi estar com uma movimenta\u00e7\u00e3o estranha de pessoas homens e mulheres entrando e saindo do banheiro pra l\u00e1 e pra c\u00e1 dentro de todo o espa\u00e7o daquele lugar, pois bem estava chovendo e fiquei dentro do meu carro pq j\u00e1 fiquei aflita mas n\u00e3o podia sair pq fiquei com medo do \u00f4nibus chegar e minha filha ficar esperando por mim ali sozinha, eles digo a turma toda que ali estavam perceberam meu carro ali parado ligado e come\u00e7aram a se aproximar em bando, eu fiquei nervosa e com muito medo dei r\u00e9 e sai e ali eles ficaram, dei volta na rodovi\u00e1ria e logo j\u00e1 avistei o \u00f4nibus que j\u00e1 estava chegando gra\u00e7as a Deus\u2026<\/div>\n<div dir=\"auto\" style=\"text-align: justify;\">Agora eu pergunto COM QUE SEGURAN\u00c7A PASSAGEIROS E FAMILIARES ,FICAM ALI NAQUELE LOCAL TOMADO PELAS DROGAS E MARGINALIDADE???????<\/div>\n<div dir=\"auto\" style=\"text-align: justify;\">Isso n\u00e3o \u00e9 s\u00f3 a noite n\u00e3o, isso \u00e9 rotina em todos os hor\u00e1rios, cad\u00ea as autoridades, o prefeito, Cad\u00ea a seguran\u00e7a da rodovi\u00e1ria de Dracena, MILAGRE s\u00f3 se for quando n\u00e3o somos assaltados ou furtados ou incomodados, estamos \u00e0 merc\u00ea da criminalidade, da falta de seguran\u00e7a do descaso do prefeito e autoridades, pagamos impostos, somos cobrados, ENT\u00c3O AGORA EU EXIJO QUE FA\u00c7AM ALGUMA COISA NA RODOVI\u00c1RIA, na PRA\u00c7A CENTRAL NOS SEM\u00c1FOROS E PORTAS DE BANCOS QUE TB N\u00c3O TEMOS PAZ\u2026.<\/div>\n<div dir=\"auto\" style=\"text-align: justify;\">AUTORIDADES DE DA CIDADE DE DRACENA, fa\u00e7am alguma coisa pela nossa cidade, os dracenences pedem SOCORRO..<\/div>\n<div dir=\"auto\" style=\"text-align: justify;\">N\u00e3o esperem que aconte\u00e7a uma trag\u00e9dia para perceberem o que est\u00e1 t\u00e3o claro,<\/div>\n<div dir=\"auto\" style=\"text-align: justify;\">PREFEITO ANDR\u00c9 LEMOS, saia de sua zona de conforto e v\u00e1 at\u00e9 a rodovi\u00e1ria sozinho e fique ali 24 horas e ver\u00e1s com seus pr\u00f3prios olhos o que muitas pessoas j\u00e1 reclamaram a vc e as autoridades..<\/div>\n<div dir=\"auto\" style=\"text-align: justify;\">Zela pelos dracenenses, tire as vendas de seus olhos para o que realmente precisa ser feito.&#8221;<\/div>\n<div dir=\"auto\"><\/div>\n<div dir=\"auto\">Imagem Arquivo<\/div>\n","protected":false},"excerpt":{"rendered":"<p>Fato aconteceu na madrugada desta sexta-feira (21) e ela fez um desabafo em forma de protesto, por ter vivido momentos de tens\u00e3o no local enquanto esperava a filha que chegaria em coletivo. Jorge Zanoni VEJA NA \u00cdNTEGRA C\u00d3PIA DO FACEBOOK DA RECLAMANTE: &#8220;Venho aqui desabafar a quem possa interessar a minha indigna\u00e7\u00e3o sobre a RODOVI\u00c1RIA [&hellip;]<\/p>\n","protected":false},"author":1,"featured_media":70273,"comment_status":"closed","ping_status":"open","sticky":false,"template":"","format":"standard","meta":{"footnotes":""},"categories":[179,184,110],"tags":[],"class_list":["post-70272","post","type-post","status-publish","format-standard","has-post-thumbnail","hentry","category-cidadeseregiao","category-dracena","category-noticiasdestaque"],"_links":{"self":[{"href":"https:\/\/jorgezanoni.com.br\/2019\/wp-json\/wp\/v2\/posts\/70272","targetHints":{"allow":["GET"]}}],"collection":[{"href":"https:\/\/jorgezanoni.com.br\/2019\/wp-json\/wp\/v2\/posts"}],"about":[{"href":"https:\/\/jorgezanoni.com.br\/2019\/wp-json\/wp\/v2\/types\/post"}],"author":[{"embeddable":true,"href":"https:\/\/jorgezanoni.com.br\/2019\/wp-json\/wp\/v2\/users\/1"}],"replies":[{"embeddable":true,"href":"https:\/\/jorgezanoni.com.br\/2019\/wp-json\/wp\/v2\/comments?post=70272"}],"version-history":[{"count":1,"href":"https:\/\/jorgezanoni.com.br\/2019\/wp-json\/wp\/v2\/posts\/70272\/revisions"}],"predecessor-version":[{"id":70274,"href":"https:\/\/jorgezanoni.com.br\/2019\/wp-json\/wp\/v2\/posts\/70272\/revisions\/70274"}],"wp:featuredmedia":[{"embeddable":true,"href":"https:\/\/jorgezanoni.com.br\/2019\/wp-json\/wp\/v2\/media\/70273"}],"wp:attachment":[{"href":"https:\/\/jorgezanoni.com.br\/2019\/wp-json\/wp\/v2\/media?parent=70272"}],"wp:term":[{"taxonomy":"category","embeddable":true,"href":"https:\/\/jorgezanoni.com.br\/2019\/wp-json\/wp\/v2\/categories?post=70272"},{"taxonomy":"post_tag","embeddable":true,"href":"https:\/\/jorgezanoni.com.br\/2019\/wp-json\/wp\/v2\/tags?post=70272"}],"curies":[{"name":"wp","href":"https:\/\/api.w.org\/{rel}","templated":true}]}}