{"id":7027,"date":"2019-09-23T00:11:26","date_gmt":"2019-09-23T00:11:26","guid":{"rendered":"https:\/\/jorgezanoni.com.br\/2019\/?p=7027"},"modified":"2019-09-23T00:11:26","modified_gmt":"2019-09-23T00:11:26","slug":"bebe-de-1-ano-morre-apos-se-afogar-na-piscina-de-casa","status":"publish","type":"post","link":"https:\/\/jorgezanoni.com.br\/2019\/bebe-de-1-ano-morre-apos-se-afogar-na-piscina-de-casa\/","title":{"rendered":"Beb\u00ea de 1 ano morre ap\u00f3s se afogar na piscina de casa"},"content":{"rendered":"<div class=\"title\">\n<h1 class=\"content-head__title\">Beb\u00ea de 1 ano morre ap\u00f3s se afogar na piscina de casa, em Rio Verde<\/h1>\n<\/div>\n<div class=\"medium-centered subtitle\">\n<h2 class=\"content-head__subtitle\" style=\"text-align: justify;\">Segundo tia, Helena Martins Batista chegou a ser socorrida pela m\u00e3e e levada ao hospital pelo Samu, mas n\u00e3o resistiu aos ferimentos. Secretaria de Sa\u00fade diz que tentou reanimar a v\u00edtima por quase 1h.<\/h2>\n<div class=\"mc-column content-text active-extra-styles \" style=\"text-align: justify;\" data-block-type=\"unstyled\" data-block-weight=\"54\" data-block-id=\"2\">\n<p class=\"content-text__container \" data-track-category=\"Link no Texto\" data-track-links=\"\">Um beb\u00ea de 1 ano e 4 meses morreu ap\u00f3s se afogar na piscina da casa onde morava, em\u00a0<a href=\"https:\/\/g1.globo.com\/go\/goias\/cidade\/rio-verde\/\">Rio Verde<\/a>, regi\u00e3o sudoeste de Goi\u00e1s. Helena Martins Batista foi socorrida pela m\u00e3e e chegou a ser encaminhada para o hospital pelo Servi\u00e7o de Atendimento M\u00f3vel de Urg\u00eancia (Samu), mas n\u00e3o resistiu aos ferimentos.<\/p>\n<\/div>\n<div class=\"wall protected-content\">\n<div class=\"mc-column content-text active-extra-styles \" style=\"text-align: justify;\" data-block-type=\"unstyled\" data-block-weight=\"40\" data-block-id=\"3\">\n<p class=\"content-text__container \" data-track-category=\"Link no Texto\" data-track-links=\"\">O caso aconteceu na manh\u00e3 de s\u00e1bado (21). Tia da crian\u00e7a, a dentista J\u00e9ssica Caroline Silva, 28, disse que a morte foi uma &#8220;fatalidade&#8221;. Ela contou que no momento do fato, Helena estava sozinha com a m\u00e3e na resid\u00eancia.<\/p>\n<\/div>\n<div class=\"mc-column content-text active-extra-styles \" style=\"text-align: justify;\" data-block-type=\"unstyled\" data-block-weight=\"56\" data-block-id=\"4\">\n<p class=\"content-text__container \" data-track-category=\"Link no Texto\" data-track-links=\"\">&#8220;Foi uma fatalidade realmente. Ela imaginou que estaria tudo fechado, a parte que d\u00e1 acesso \u00e0 \u00e1rea externa, mas ela [beb\u00ea] acabou passando pelos fundos da casa. Quando percebeu, j\u00e1 estava afogada na piscina. A m\u00e3e dela tirou ela, tentou reanimar, chamou o Samu e levou para o hospital, mas ela morreu&#8221;, disse ao\u00a0<strong>G1<\/strong>.<\/p>\n<\/div>\n<div class=\"mc-column content-text active-extra-styles \" style=\"text-align: justify;\" data-block-type=\"unstyled\" data-block-weight=\"17\" data-block-id=\"5\">\n<p class=\"content-text__container \" data-track-category=\"Link no Texto\" data-track-links=\"\">J\u00e9ssica disse que a piscina tinha uma lona por cima, mas que, ela n\u00e3o estava presa.<\/p>\n<\/div>\n<div class=\"mc-column content-text active-extra-styles \" style=\"text-align: justify;\" data-block-type=\"unstyled\" data-block-weight=\"37\" data-block-id=\"6\">\n<p class=\"content-text__container \" data-track-category=\"Link no Texto\" data-track-links=\"\">A Secretaria de Sa\u00fade de Rio Verde emitiu nota de pesar por conta da morte e disse que tentou reanimar Helena por quase 1h, mas ela infelizmente n\u00e3o resistiu<em> (veja a \u00edntegra ao final do texto).<\/em><\/p>\n<\/div>\n<div class=\"mc-column content-text active-extra-styles \" style=\"text-align: justify;\" data-block-type=\"unstyled\" data-block-weight=\"19\" data-block-id=\"8\">\n<p class=\"content-text__container \" data-track-category=\"Link no Texto\" data-track-links=\"\">Helena foi enterrada na manh\u00e3 deste domingo (22) em meio a um clima de muita como\u00e7\u00e3o e tristeza.<\/p>\n<\/div>\n<div class=\"mc-column content-text active-extra-styles \" style=\"text-align: justify;\" data-block-type=\"unstyled\" data-block-weight=\"34\" data-block-id=\"9\">\n<p class=\"content-text__container \" data-track-category=\"Link no Texto\" data-track-links=\"\">&#8220;[Os pais] est\u00e3o dilacerados, sem ch\u00e3o, sem saber o que fazer como qualquer pai nessas circunst\u00e2ncias. [Foi] muita como\u00e7\u00e3o. Ela era muito querida, uma crian\u00e7a muito amada e com muitos amigos&#8221;, desabafa J\u00e9ssica.<\/p>\n<\/div>\n<div class=\"mc-column content-text active-extra-styles\" style=\"text-align: justify;\" data-block-type=\"raw\" data-block-weight=\"5\" data-block-id=\"10\">\n<div class=\"content-intertitle\">\n<h2><em>Nota da Secretaria de Sa\u00fade:<\/em><\/h2>\n<\/div>\n<\/div>\n<div class=\"mc-column content-text active-extra-styles \" data-block-type=\"unstyled\" data-block-weight=\"116\" data-block-id=\"11\">\n<p class=\"content-text__container \" style=\"text-align: justify;\" data-track-category=\"Link no Texto\" data-track-links=\"\"><em>A Secretaria Municipal de Sa\u00fade informa, com pesar, que a crian\u00e7a de um ano e quatro meses chegou ao pronto-socorro de pediatria do Hospital Municipal Universit\u00e1rio j\u00e1 com hist\u00f3rico de 30 minutos de parada cardiorrespirat\u00f3ria, levada por uma equipe do SAMU, que fez o resgate e j\u00e1 faziam a reanima\u00e7\u00e3o cardiopulmonar. A equipe m\u00e9dica do HMU deu continuidade na reanima\u00e7\u00e3o cardiopulmonar, realizando intuba\u00e7\u00e3o orotraqueal e todo protocolo de RCP, mas infelizmente em 49 minutos de reanima\u00e7\u00e3o cardiopulmonar a crian\u00e7a n\u00e3o apresentou os sinais de retorno da circula\u00e7\u00e3o espont\u00e2nea, sendo constatado o \u00f3bito da crian\u00e7a. O corpo foi encaminhado ao IML para as per\u00edcias legais. A equipe do HMU e do SAMU expressa seus sentimentos \u00e0 fam\u00edlia.<\/em><\/p>\n<p style=\"text-align: justify;\" data-track-category=\"Link no Texto\" data-track-links=\"\">Fonte: G1<\/p>\n<\/div>\n<\/div>\n<\/div>\n","protected":false},"excerpt":{"rendered":"<p>Beb\u00ea de 1 ano morre ap\u00f3s se afogar na piscina de casa, em Rio Verde Segundo tia, Helena Martins Batista chegou a ser socorrida pela m\u00e3e e levada ao hospital pelo Samu, mas n\u00e3o resistiu aos ferimentos. Secretaria de Sa\u00fade diz que tentou reanimar a v\u00edtima por quase 1h. Um beb\u00ea de 1 ano e [&hellip;]<\/p>\n","protected":false},"author":1,"featured_media":7028,"comment_status":"closed","ping_status":"open","sticky":false,"template":"","format":"standard","meta":{"footnotes":""},"categories":[110,2],"tags":[],"class_list":["post-7027","post","type-post","status-publish","format-standard","has-post-thumbnail","hentry","category-noticiasdestaque","category-policial"],"_links":{"self":[{"href":"https:\/\/jorgezanoni.com.br\/2019\/wp-json\/wp\/v2\/posts\/7027","targetHints":{"allow":["GET"]}}],"collection":[{"href":"https:\/\/jorgezanoni.com.br\/2019\/wp-json\/wp\/v2\/posts"}],"about":[{"href":"https:\/\/jorgezanoni.com.br\/2019\/wp-json\/wp\/v2\/types\/post"}],"author":[{"embeddable":true,"href":"https:\/\/jorgezanoni.com.br\/2019\/wp-json\/wp\/v2\/users\/1"}],"replies":[{"embeddable":true,"href":"https:\/\/jorgezanoni.com.br\/2019\/wp-json\/wp\/v2\/comments?post=7027"}],"version-history":[{"count":0,"href":"https:\/\/jorgezanoni.com.br\/2019\/wp-json\/wp\/v2\/posts\/7027\/revisions"}],"wp:featuredmedia":[{"embeddable":true,"href":"https:\/\/jorgezanoni.com.br\/2019\/wp-json\/wp\/v2\/media\/7028"}],"wp:attachment":[{"href":"https:\/\/jorgezanoni.com.br\/2019\/wp-json\/wp\/v2\/media?parent=7027"}],"wp:term":[{"taxonomy":"category","embeddable":true,"href":"https:\/\/jorgezanoni.com.br\/2019\/wp-json\/wp\/v2\/categories?post=7027"},{"taxonomy":"post_tag","embeddable":true,"href":"https:\/\/jorgezanoni.com.br\/2019\/wp-json\/wp\/v2\/tags?post=7027"}],"curies":[{"name":"wp","href":"https:\/\/api.w.org\/{rel}","templated":true}]}}