{"id":70263,"date":"2022-10-21T11:14:53","date_gmt":"2022-10-21T11:14:53","guid":{"rendered":"https:\/\/jorgezanoni.com.br\/2019\/?p=70263"},"modified":"2022-10-21T12:04:49","modified_gmt":"2022-10-21T12:04:49","slug":"morre-morador-de-dracena-que-foi-vitima-de-atropelamento","status":"publish","type":"post","link":"https:\/\/jorgezanoni.com.br\/2019\/morre-morador-de-dracena-que-foi-vitima-de-atropelamento\/","title":{"rendered":"Morre morador de Dracena que foi v\u00edtima de atropelamento"},"content":{"rendered":"<p style=\"text-align: justify;\">Comunicamos com pesar o falecimento de Luiz S\u00e9rgio Victor de Souza de 77 anos. Era Policial Civil (Investigador) aposentado. Ele estava internado em Hospital de Presidente Prudente, ap\u00f3s ter sido v\u00edtima de atropelamento em Dracena no final da tarde da \u00faltima ter\u00e7a-feira (18).<\/p>\n<p style=\"text-align: justify;\">Era natural de S\u00e3o Jos\u00e9 do Rio Preto e aposentou em 14\/06\/2001, no 1\u00ba Distr\u00edto Pol\u00edcial, tendo sido admitido na Pol\u00edcia Civil em setembro de 1.977.<\/p>\n<p style=\"text-align: justify;\">Deixa a esposa Marlei (Malu Modas), demais familiares e amigos.<\/p>\n<p style=\"text-align: justify;\">Aguarde hor\u00e1rio de Vel\u00f3rio e Sepultamento.<\/p>\n<p style=\"text-align: justify;\">O Site JZ se solidariza com a fam\u00edlia e amigos neste dif\u00edcil momento.<\/p>\n<p style=\"text-align: justify;\">Jorge Zanoni<\/p>\n<p>O ACIDENTE:<\/p>\n<h1 class=\"entry-title\">Atropelamento em movimentada avenida de Dracena deixa homem ferido<\/h1>\n<p><img loading=\"lazy\" decoding=\"async\" class=\"alignnone size-full wp-image-70266\" src=\"https:\/\/jorgezanoni.com.br\/2019\/wp-content\/uploads\/2022\/10\/IMG_1835-Pequeno-3.jpg\" alt=\"\" width=\"640\" height=\"480\" srcset=\"https:\/\/jorgezanoni.com.br\/2019\/wp-content\/uploads\/2022\/10\/IMG_1835-Pequeno-3.jpg 640w, https:\/\/jorgezanoni.com.br\/2019\/wp-content\/uploads\/2022\/10\/IMG_1835-Pequeno-3-300x225.jpg 300w, https:\/\/jorgezanoni.com.br\/2019\/wp-content\/uploads\/2022\/10\/IMG_1835-Pequeno-3-80x60.jpg 80w, https:\/\/jorgezanoni.com.br\/2019\/wp-content\/uploads\/2022\/10\/IMG_1835-Pequeno-3-265x198.jpg 265w, https:\/\/jorgezanoni.com.br\/2019\/wp-content\/uploads\/2022\/10\/IMG_1835-Pequeno-3-560x420.jpg 560w\" sizes=\"auto, (max-width: 640px) 100vw, 640px\" \/><\/p>\n<p><strong>Acidente aconteceu na esquina da Avenida Presidente Roosevelt com Almirante Barroso, no Bairro S\u00e3o Francisco em Dracena.<\/strong><\/p>\n<p>Segundo informa\u00e7\u00f5es obtidas no local pela reportagem do Site JZ, um ve\u00edculo Onix, placas de Adamantina, dirigido por uma mulher de 39 anos, fazia o sentido \u00fanico de dire\u00e7\u00e3o da Avenida, Bairro-Centro, quando colheu o pedestre homem de 77 anos.<\/p>\n<p>A motorista do ve\u00edculo que parou para prestar socorro, estava em estado de choque e n\u00e3o soube informar se o idoso, morador de Dracena, estava ou n\u00e3o na faixa de pedestres. Populares que estavam pelo local, perguntados pela reportagem tamb\u00e9m n\u00e3o tinham esta informa\u00e7\u00e3o.<\/p>\n<p>O homem foi socorrido por uma Unidade de Resgate do Corpo de Bombeiros com contus\u00e3o (corte) na cabe\u00e7a.<\/p>\n<p>A Pol\u00edcia Militar e Pol\u00edcia T\u00e9cnica compareceram ao local para os levantamentos necess\u00e1rios que ir\u00e3o apontar as causas do acidente.<\/p>\n<p><img loading=\"lazy\" decoding=\"async\" class=\"alignnone size-full wp-image-70264\" src=\"https:\/\/jorgezanoni.com.br\/2019\/wp-content\/uploads\/2022\/10\/IMG_1833-2-Pequeno-1.jpg\" alt=\"\" width=\"750\" height=\"480\" srcset=\"https:\/\/jorgezanoni.com.br\/2019\/wp-content\/uploads\/2022\/10\/IMG_1833-2-Pequeno-1.jpg 750w, https:\/\/jorgezanoni.com.br\/2019\/wp-content\/uploads\/2022\/10\/IMG_1833-2-Pequeno-1-300x192.jpg 300w, https:\/\/jorgezanoni.com.br\/2019\/wp-content\/uploads\/2022\/10\/IMG_1833-2-Pequeno-1-696x445.jpg 696w, https:\/\/jorgezanoni.com.br\/2019\/wp-content\/uploads\/2022\/10\/IMG_1833-2-Pequeno-1-656x420.jpg 656w\" sizes=\"auto, (max-width: 750px) 100vw, 750px\" \/> <img loading=\"lazy\" decoding=\"async\" class=\"alignnone size-full wp-image-70266\" src=\"https:\/\/jorgezanoni.com.br\/2019\/wp-content\/uploads\/2022\/10\/IMG_1835-Pequeno-3.jpg\" alt=\"\" width=\"640\" height=\"480\" srcset=\"https:\/\/jorgezanoni.com.br\/2019\/wp-content\/uploads\/2022\/10\/IMG_1835-Pequeno-3.jpg 640w, https:\/\/jorgezanoni.com.br\/2019\/wp-content\/uploads\/2022\/10\/IMG_1835-Pequeno-3-300x225.jpg 300w, https:\/\/jorgezanoni.com.br\/2019\/wp-content\/uploads\/2022\/10\/IMG_1835-Pequeno-3-80x60.jpg 80w, https:\/\/jorgezanoni.com.br\/2019\/wp-content\/uploads\/2022\/10\/IMG_1835-Pequeno-3-265x198.jpg 265w, https:\/\/jorgezanoni.com.br\/2019\/wp-content\/uploads\/2022\/10\/IMG_1835-Pequeno-3-560x420.jpg 560w\" sizes=\"auto, (max-width: 640px) 100vw, 640px\" \/> <img loading=\"lazy\" decoding=\"async\" class=\"alignnone size-full wp-image-70267\" src=\"https:\/\/jorgezanoni.com.br\/2019\/wp-content\/uploads\/2022\/10\/IMG_1836-2-Pequeno-1.jpg\" alt=\"\" width=\"528\" height=\"480\" srcset=\"https:\/\/jorgezanoni.com.br\/2019\/wp-content\/uploads\/2022\/10\/IMG_1836-2-Pequeno-1.jpg 528w, https:\/\/jorgezanoni.com.br\/2019\/wp-content\/uploads\/2022\/10\/IMG_1836-2-Pequeno-1-300x273.jpg 300w, https:\/\/jorgezanoni.com.br\/2019\/wp-content\/uploads\/2022\/10\/IMG_1836-2-Pequeno-1-462x420.jpg 462w\" sizes=\"auto, (max-width: 528px) 100vw, 528px\" \/><\/p>\n<p>Jorge Zanoni<\/p>\n<p>&nbsp;<\/p>\n","protected":false},"excerpt":{"rendered":"<p>Comunicamos com pesar o falecimento de Luiz S\u00e9rgio Victor de Souza de 77 anos. Era Policial Civil (Investigador) aposentado. Ele estava internado em Hospital de Presidente Prudente, ap\u00f3s ter sido v\u00edtima de atropelamento em Dracena no final da tarde da \u00faltima ter\u00e7a-feira (18). Era natural de S\u00e3o Jos\u00e9 do Rio Preto e aposentou em 14\/06\/2001, [&hellip;]<\/p>\n","protected":false},"author":1,"featured_media":70268,"comment_status":"closed","ping_status":"open","sticky":false,"template":"","format":"standard","meta":{"footnotes":""},"categories":[170,178,110],"tags":[],"class_list":["post-70263","post","type-post","status-publish","format-standard","has-post-thumbnail","hentry","category-acidentes","category-notadefalecimento","category-noticiasdestaque"],"_links":{"self":[{"href":"https:\/\/jorgezanoni.com.br\/2019\/wp-json\/wp\/v2\/posts\/70263","targetHints":{"allow":["GET"]}}],"collection":[{"href":"https:\/\/jorgezanoni.com.br\/2019\/wp-json\/wp\/v2\/posts"}],"about":[{"href":"https:\/\/jorgezanoni.com.br\/2019\/wp-json\/wp\/v2\/types\/post"}],"author":[{"embeddable":true,"href":"https:\/\/jorgezanoni.com.br\/2019\/wp-json\/wp\/v2\/users\/1"}],"replies":[{"embeddable":true,"href":"https:\/\/jorgezanoni.com.br\/2019\/wp-json\/wp\/v2\/comments?post=70263"}],"version-history":[{"count":3,"href":"https:\/\/jorgezanoni.com.br\/2019\/wp-json\/wp\/v2\/posts\/70263\/revisions"}],"predecessor-version":[{"id":70271,"href":"https:\/\/jorgezanoni.com.br\/2019\/wp-json\/wp\/v2\/posts\/70263\/revisions\/70271"}],"wp:featuredmedia":[{"embeddable":true,"href":"https:\/\/jorgezanoni.com.br\/2019\/wp-json\/wp\/v2\/media\/70268"}],"wp:attachment":[{"href":"https:\/\/jorgezanoni.com.br\/2019\/wp-json\/wp\/v2\/media?parent=70263"}],"wp:term":[{"taxonomy":"category","embeddable":true,"href":"https:\/\/jorgezanoni.com.br\/2019\/wp-json\/wp\/v2\/categories?post=70263"},{"taxonomy":"post_tag","embeddable":true,"href":"https:\/\/jorgezanoni.com.br\/2019\/wp-json\/wp\/v2\/tags?post=70263"}],"curies":[{"name":"wp","href":"https:\/\/api.w.org\/{rel}","templated":true}]}}