{"id":70257,"date":"2022-10-20T21:19:39","date_gmt":"2022-10-20T21:19:39","guid":{"rendered":"https:\/\/jorgezanoni.com.br\/2019\/?p=70257"},"modified":"2022-10-21T17:50:14","modified_gmt":"2022-10-21T17:50:14","slug":"crianca-recebe-bala-com-objeto-cortante-de-colega-de-classe-em-escola-de-dracena","status":"publish","type":"post","link":"https:\/\/jorgezanoni.com.br\/2019\/crianca-recebe-bala-com-objeto-cortante-de-colega-de-classe-em-escola-de-dracena\/","title":{"rendered":"Crian\u00e7a recebe bala com objeto cortante de colega de classe em escola de Dracena"},"content":{"rendered":"<div class=\"xdj266r x11i5rnm xat24cr x1mh8g0r x1vvkbs x126k92a\">\n<div dir=\"auto\" style=\"text-align: justify;\"><strong>O Site JZ foi procurado pela m\u00e3e da crian\u00e7a que recebeu a bala, para que fosse feito algo para conscientizar pais e respons\u00e1veis. Fomos at\u00e9 a DDM e Secretaria de Educa\u00e7\u00e3o.<\/strong><\/div>\n<div dir=\"auto\" style=\"text-align: justify;\"><\/div>\n<div dir=\"auto\" style=\"text-align: justify;\">A titular da Delegacia de Defesa da Mulher, Dra. Luciana Nunes Falc\u00e3o Mendes, recebeu a reportagem do Site JZ e informou que foi registrado um Boletim de Ocorr\u00eancia, para que a Per\u00edcia T\u00e9cnica analise o que realmente foi colocado na bala, e conforme o Estatuto da Crian\u00e7a e Adolescente, por conta da idade nada pode ser feito na \u00e1rea policial.<\/div>\n<div dir=\"auto\"><\/div>\n<\/div>\n<div dir=\"auto\" style=\"text-align: justify;\">A Secret\u00e1ria de Educa\u00e7\u00e3o Sabrina Aparecida da Silva Lima que tamb\u00e9m j\u00e1 est\u00e1 ciente do acontecido, tem reuni\u00e3o Multidisciplinar programada para amanh\u00e3 (21) de manh\u00e3, onde o assunto ser\u00e1 discutido com Psic\u00f3logos e Gestores da Escola Municipal sobre o problema registrado.<\/div>\n<div dir=\"auto\"><\/div>\n<div dir=\"auto\" style=\"text-align: justify;\">O Conselho Tutelar tamb\u00e9m tem ci\u00eancia dos fatos e ele sim que toma as devidas provid\u00eancias para apurar e resolver a situa\u00e7\u00e3o.<\/div>\n<div dir=\"auto\" style=\"text-align: justify;\"><\/div>\n<div dir=\"auto\">O Site JZ vai acompanhar o caso.<\/div>\n<div dir=\"auto\" style=\"text-align: justify;\"><\/div>\n<div dir=\"auto\" style=\"text-align: justify;\">Jorge Zanoni<\/div>\n<div dir=\"auto\"><\/div>\n<div dir=\"auto\"><img loading=\"lazy\" decoding=\"async\" class=\"alignnone size-full wp-image-70259\" src=\"https:\/\/jorgezanoni.com.br\/2019\/wp-content\/uploads\/2022\/10\/Bala-1-2.jpg\" alt=\"\" width=\"636\" height=\"781\" srcset=\"https:\/\/jorgezanoni.com.br\/2019\/wp-content\/uploads\/2022\/10\/Bala-1-2.jpg 636w, https:\/\/jorgezanoni.com.br\/2019\/wp-content\/uploads\/2022\/10\/Bala-1-2-244x300.jpg 244w, https:\/\/jorgezanoni.com.br\/2019\/wp-content\/uploads\/2022\/10\/Bala-1-2-342x420.jpg 342w\" sizes=\"auto, (max-width: 636px) 100vw, 636px\" \/><\/div>\n<div dir=\"auto\"><\/div>\n<div class=\"xdj266r x11i5rnm xat24cr x1mh8g0r x1vvkbs x126k92a\">\n<div dir=\"auto\">&#8220;VEJA NA \u00cdNTEGRA (copiado do Facebook pessoal) O QUE ESCREVEU A M\u00c3E DA CRIAN\u00c7A QUE QUASE CHUPOU A BALA&#8221;.<\/div>\n<div dir=\"auto\"><\/div>\n<div dir=\"auto\" style=\"text-align: justify;\">&#8220;Bala comum com objetos cortantes dentro, sino de \u00e1rvore de natal de acr\u00edlico \u00e9 a primeira suspeita, a bala est\u00e1 na per\u00edcia .<\/div>\n<\/div>\n<div class=\"x11i5rnm xat24cr x1mh8g0r x1vvkbs xtlvy1s x126k92a\" style=\"text-align: justify;\">\n<div dir=\"auto\">Hoje vim relatar um fato muito triste que vem acontecendo com minha filha, ela vem sofrendo Bullying de colegas de sala a alguns meses, por conta de sua defici\u00eancia f\u00edsica, mais no dia 18\/10 por volta das 12:24 h, ao buscar minha filha me deparei com um relato de um ocorrido na escola com ela.<\/div>\n<\/div>\n<div class=\"x11i5rnm xat24cr x1mh8g0r x1vvkbs xtlvy1s x126k92a\" style=\"text-align: justify;\">\n<div dir=\"auto\">Colegas de escola, preparou uma bala em casa e a trouxe dizendo ser especial para ela, e minha filha aceitou e a ponhou na boca e mascou e viu algo estranho e cuspiu na m\u00e3o, e observou que algo estava estranho, e resolveu me trazer essa bala, pois como j\u00e1 estavam fazendo desenhos dela e sempre jogava eu disse a pr\u00f3xima vez, que acontecer algo com vc de desenho vc guarda e me tr\u00e1s, mais ela fez isso com a bala e talvez se n\u00e3o tivesse feito isso ningu\u00e9m acreditaria .<\/div>\n<div dir=\"auto\">E hoje essa bala est\u00e1 em per\u00edcia .<\/div>\n<div dir=\"auto\">Minha filha teve epis\u00f3dio de v\u00f4mito, fomos os Ps, gra\u00e7as a Deus n\u00e3o foi nada mais grave, por\u00e9m poderia ter causado a morde dela.<\/div>\n<div dir=\"auto\">Ou alguma complica\u00e7\u00e3o!<\/div>\n<div dir=\"auto\">Pelo fato de ser crian\u00e7as de 9 anos, n\u00e3o dar\u00e1 nada!<\/div>\n<\/div>\n<div class=\"x11i5rnm xat24cr x1mh8g0r x1vvkbs xtlvy1s x126k92a\" style=\"text-align: justify;\">\n<div dir=\"auto\">Mais fica aqui minha indigna\u00e7\u00e3o, e tamb\u00e9m para que as m\u00e3es deixem claro aos filhos n\u00e3o aceitar nada de comer de ningu\u00e9m .<\/div>\n<div dir=\"auto\">E m\u00e3es conversem com seus filhos sobre o bullying pq \u00e9 algo muito s\u00e9rio, sobre o preconceito e aceita\u00e7\u00e3o.<\/div>\n<\/div>\n<div class=\"x11i5rnm xat24cr x1mh8g0r x1vvkbs xtlvy1s x126k92a\" style=\"text-align: justify;\">\n<div dir=\"auto\">Obs: J\u00e1 conversei com uma das m\u00e3es de uma das crian\u00e7as e ela, alegou que a bala seria um s\u00edmbolo de amizade. (Palavras dela)<\/div>\n<div dir=\"auto\">A outra m\u00e3e nem atendeu minha liga\u00e7\u00e3o e nem me deu alguma satisfa\u00e7\u00e3o ou pedido de desculpas.<\/div>\n<\/div>\n<div class=\"x11i5rnm xat24cr x1mh8g0r x1vvkbs xtlvy1s x126k92a\" style=\"text-align: justify;\">\n<div dir=\"auto\">E estou tomando todas as medidas legais e cab\u00edveis.<\/div>\n<\/div>\n<div class=\"x11i5rnm xat24cr x1mh8g0r x1vvkbs xtlvy1s x126k92a\" style=\"text-align: justify;\">\n<div dir=\"auto\">E vou expor sim at\u00e9 que esse maldito preconceito acabe.<\/div>\n<\/div>\n<div class=\"x11i5rnm xat24cr x1mh8g0r x1vvkbs xtlvy1s x126k92a\" style=\"text-align: justify;\">\n<div dir=\"auto\">Tenho depoimento de quem viu tudo e ouviu, se n\u00e3o fosse algo t\u00e3o grave eu n\u00e3o estaria expondo.<\/div>\n<\/div>\n<div class=\"x11i5rnm xat24cr x1mh8g0r x1vvkbs xtlvy1s x126k92a\">\n<div dir=\"auto\" style=\"text-align: justify;\">Vai a pergunta. E se fosse sua filha(o)?&#8221;<\/div>\n<\/div>\n","protected":false},"excerpt":{"rendered":"<p>O Site JZ foi procurado pela m\u00e3e da crian\u00e7a que recebeu a bala, para que fosse feito algo para conscientizar pais e respons\u00e1veis. Fomos at\u00e9 a DDM e Secretaria de Educa\u00e7\u00e3o. A titular da Delegacia de Defesa da Mulher, Dra. Luciana Nunes Falc\u00e3o Mendes, recebeu a reportagem do Site JZ e informou que foi registrado [&hellip;]<\/p>\n","protected":false},"author":1,"featured_media":70258,"comment_status":"closed","ping_status":"open","sticky":false,"template":"","format":"standard","meta":{"footnotes":""},"categories":[110,2],"tags":[],"class_list":["post-70257","post","type-post","status-publish","format-standard","has-post-thumbnail","hentry","category-noticiasdestaque","category-policial"],"_links":{"self":[{"href":"https:\/\/jorgezanoni.com.br\/2019\/wp-json\/wp\/v2\/posts\/70257","targetHints":{"allow":["GET"]}}],"collection":[{"href":"https:\/\/jorgezanoni.com.br\/2019\/wp-json\/wp\/v2\/posts"}],"about":[{"href":"https:\/\/jorgezanoni.com.br\/2019\/wp-json\/wp\/v2\/types\/post"}],"author":[{"embeddable":true,"href":"https:\/\/jorgezanoni.com.br\/2019\/wp-json\/wp\/v2\/users\/1"}],"replies":[{"embeddable":true,"href":"https:\/\/jorgezanoni.com.br\/2019\/wp-json\/wp\/v2\/comments?post=70257"}],"version-history":[{"count":3,"href":"https:\/\/jorgezanoni.com.br\/2019\/wp-json\/wp\/v2\/posts\/70257\/revisions"}],"predecessor-version":[{"id":70290,"href":"https:\/\/jorgezanoni.com.br\/2019\/wp-json\/wp\/v2\/posts\/70257\/revisions\/70290"}],"wp:featuredmedia":[{"embeddable":true,"href":"https:\/\/jorgezanoni.com.br\/2019\/wp-json\/wp\/v2\/media\/70258"}],"wp:attachment":[{"href":"https:\/\/jorgezanoni.com.br\/2019\/wp-json\/wp\/v2\/media?parent=70257"}],"wp:term":[{"taxonomy":"category","embeddable":true,"href":"https:\/\/jorgezanoni.com.br\/2019\/wp-json\/wp\/v2\/categories?post=70257"},{"taxonomy":"post_tag","embeddable":true,"href":"https:\/\/jorgezanoni.com.br\/2019\/wp-json\/wp\/v2\/tags?post=70257"}],"curies":[{"name":"wp","href":"https:\/\/api.w.org\/{rel}","templated":true}]}}