{"id":70249,"date":"2022-10-20T12:26:20","date_gmt":"2022-10-20T12:26:20","guid":{"rendered":"https:\/\/jorgezanoni.com.br\/2019\/?p=70249"},"modified":"2022-10-20T12:26:20","modified_gmt":"2022-10-20T12:26:20","slug":"enfermagem-da-unifadra-dracena-arrecada-doacoes-no-outubro-rosa","status":"publish","type":"post","link":"https:\/\/jorgezanoni.com.br\/2019\/enfermagem-da-unifadra-dracena-arrecada-doacoes-no-outubro-rosa\/","title":{"rendered":"Enfermagem da Unifadra Dracena arrecada doa\u00e7\u00f5es no Outubro Rosa"},"content":{"rendered":"<p style=\"text-align: justify;\"><span style=\"font-size: large;\">Os acad\u00eamicos do curso de Enfermagem da Unifadra Dracena est\u00e3o engajados na Campanha Outubro Rosa. A turma vem desenvolvendo a\u00e7\u00f5es de divulga\u00e7\u00e3o sobre a preven\u00e7\u00e3o do c\u00e2ncer de mama e est\u00e1 realizando a arrecada\u00e7\u00e3o de leite longa vida integral para doa\u00e7\u00e3o \u00e0 <\/span>Avapac<span style=\"font-size: large;\">\u00a0de Dracena. Al\u00e9m disso, realizar\u00e1, nos dias 24 e 25 de outubro, duas atividades no Audit\u00f3rio da Fundec, com entrada gratuita e aberta ao p\u00fablico, ocasi\u00e3o em que tamb\u00e9m ser\u00e3o aceitas doa\u00e7\u00f5es de cabelo.<\/span><\/p>\n<p><span style=\"font-size: large;\">Os estudantes gravaram v\u00eddeos curtos com o objetivo de compartilhar informa\u00e7\u00f5es e promover a conscientiza\u00e7\u00e3o sobre o c\u00e2ncer de mama; proporcionar maior acesso aos servi\u00e7os de diagn\u00f3stico e de tratamento e contribuir para a redu\u00e7\u00e3o da mortalidade pela doen\u00e7a. Para divulga\u00e7\u00e3o desse conte\u00fado, espalharam cartazes com c\u00f3digos que podem ser acessados pela c\u00e2mera do celular para a visualiza\u00e7\u00e3o dos v\u00eddeos.<\/span><\/p>\n<p><span style=\"font-size: large;\">A turma tamb\u00e9m est\u00e1 promovendo uma arrecada\u00e7\u00e3o de leite longa vida integral, o leite de caixinha, para entregar \u00e0\u00a0<\/span>Avapac<span style=\"font-size: large;\">\u00a0&#8211; Associa\u00e7\u00e3o de Volunt\u00e1rios de Apoio ao Paciente de C\u00e2ncer de Dracena. A associa\u00e7\u00e3o usa o produto na fabrica\u00e7\u00e3o de quitutes que s\u00e3o vendidos e ajudam a compor os recursos necess\u00e1rios para desenvolver o trabalho de atender pacientes com diagn\u00f3stico positivo ou com suspeita de c\u00e2ncer, todos encaminhados por meio do Sistema \u00danico de Sa\u00fade (SUS) para o Hospital Amaral Carvalho, de Ja\u00fa.<\/span><\/p>\n<p><span style=\"font-size: large;\">A comunidade acad\u00eamica da Unifadra est\u00e1 participando das doa\u00e7\u00f5es e o p\u00fablico externo tamb\u00e9m pode apoiar a causa, entregando as caixas de leite integral na Biblioteca da Fundec (entrada pela\u00a0<\/span>R.<span style=\"font-size: large;\">\u00a0Bahia, 266).<\/span><\/p>\n<p><span style=\"font-size: large;\">Fechando as a\u00e7\u00f5es, os alunos de Enfermagem v\u00e3o realizar no dia 24\/10 a palestra &#8220;Feridas oncol\u00f3gicas&#8221;, com a enfermeira Ligia Ribeiro Sobreiro, que vai falar sobre curativos em mulheres que retiraram a mama. O evento \u00e9 gratuito, aberto ao p\u00fablico e, na oportunidade, tamb\u00e9m ser\u00e3o aceitas as doa\u00e7\u00f5es de leite para a Avapac.<\/span><\/p>\n<p><span style=\"font-size: large;\">No dia 25\/10, haver\u00e1 uma roda de conversa com mulheres mastectomizadas (que fizeram a cirurgia de remo\u00e7\u00e3o completa da mama), que contar\u00e1 com a presen\u00e7a da equipe da Avapac. A associa\u00e7\u00e3o vai falar um pouco mais sobre o trabalho que desenvolve e trar\u00e1 cabeleireiros que estar\u00e3o coletando a doa\u00e7\u00e3o de cabelos para confec\u00e7\u00e3o de perucas.<\/span><\/p>\n<p><span style=\"font-size: large;\">Os acad\u00eamicos de Enfermagem convidam a todos para participar da Campanha Outubro Rosa, se informando por meio dos conte\u00fados desenvolvidos, participando das doa\u00e7\u00f5es de leite e cabelo e assistindo \u00e0 palestra e \u00e0 roda de conversa.<\/span><\/p>\n<p><span style=\"font-size: large;\">Segundo a coordenadora do curso de\u00a0<\/span>Enfermagem Profa. Dra.<span style=\"font-size: large;\">\u00a0Lilian Carla Ferrari Sossai Panicio, &#8220;o evento serve de alerta e ajuda na propaga\u00e7\u00e3o de informa\u00e7\u00f5es muito relevantes para o controle do c\u00e2ncer de mama. Quanto mais pessoas tiverem informa\u00e7\u00f5es, mais possibilidades de diagn\u00f3sticos precoces e de busca por tratamento. Al\u00e9m disso, estimular a responsabilidade social dos estudantes \u00e9 muito importante!!&#8221;<\/span><\/p>\n<p><b><span style=\"font-size: large;\">PROGRAMA\u00c7\u00c3O<\/span><br \/>\n<span style=\"font-size: large;\">Outubro Rosa: um toque pode salvar sua vida<\/span><\/b><\/p>\n<p><span style=\"font-size: large;\">Doa\u00e7\u00e3o de leite longa vida integral &#8211; arrecada\u00e7\u00e3o para a Avapac<\/span><br \/>\n<span style=\"font-size: large;\">At\u00e9 o dia 25\/10 as entregas podem ser feitas na Biblioteca da Fundec (entrada pela\u00a0<\/span>R.<span style=\"font-size: large;\">\u00a0Bahia, 266).<\/span><\/p>\n<p><b><span style=\"font-size: large;\">Dia 24\/10, \u00e0s 19h, no Audit\u00f3rio da Fundec<\/span><br \/>\n<span style=\"font-size: large;\">Palestra: Feridas oncol\u00f3gicas<\/span><br \/>\n<\/b><span style=\"font-size: large;\"><b>Convidada: Ligia Ribeiro Sobreiro<\/b>, enfermeira, especialista em Preven\u00e7\u00e3o e Controle de Infec\u00e7\u00e3o Relacionada \u00e0 Assist\u00eancia \u00e0 Sa\u00fade pela Universidade Federal de S\u00e3o Paulo (UNIFESP) e especialista em Estomaterapia pela Universidade de Medicina de S\u00e3o Jos\u00e9 do Rio Preto (FAMERP).<\/span><\/p>\n<p><span style=\"font-size: large;\"><b>Dia 25\/10, \u00e0s 19h, no Audit\u00f3rio da Fundec<\/b><\/span><br \/>\n<span style=\"font-size: large;\">&#8211; Roda de conversa com mulheres mastectomizadas<\/span><br \/>\n<span style=\"font-size: large;\">&#8211; Apresenta\u00e7\u00e3o do trabalho da Avapac<\/span><br \/>\n<span style=\"font-size: large;\">&#8211; Doa\u00e7\u00e3o de cabelos<\/span><\/p>\n<p><span style=\"font-size: large;\"><b>Sobre a Avapac<\/b><\/span><br \/>\n<span style=\"font-size: large;\">A Associa\u00e7\u00e3o de Volunt\u00e1rios de Apoio ao Paciente de C\u00e2ncer (Avapac) de Dracena sobrevive de doa\u00e7\u00f5es, promo\u00e7\u00f5es e recursos repassados por \u00f3rg\u00e3os p\u00fablicos e clubes de servi\u00e7os, al\u00e9m de um brech\u00f3 permanente. A caracter\u00edstica de seu trabalho \u00e9 atender pacientes com diagn\u00f3stico positivo ou com suspeita de c\u00e2ncer, todos encaminhados por meio do Sistema \u00danico de Sa\u00fade (SUS) para o Hospital Amaral Carvalho, refer\u00eancia no tratamento do c\u00e2ncer no interior do Estado de S\u00e3o Paulo. O Cons\u00f3rcio Intermunicipal de Sa\u00fade, formado por 10 prefeituras, custeia os \u00f4nibus que transportam os pacientes tr\u00eas vezes por semana. A Avapac leva um pouco de alento \u00e0s pessoas que sofrem de c\u00e2ncer e seus familiares. \u00c9 um servi\u00e7o \u00e0 sociedade, feito de forma s\u00e9ria e volunt\u00e1ria.<\/span><\/p>\n<p><span style=\"font-size: large;\"><b>INCA &#8211; Instituto Nacional de C\u00e2ncer<\/b>\u00a0(Minist\u00e9rio da Sa\u00fade)<\/span><br \/>\n<span style=\"font-size: large;\"><a href=\"https:\/\/www.inca.gov.br\/assuntos\/outubro-rosa\" target=\"_blank\" rel=\"noopener noreferrer\">https:\/\/www.inca.gov.br\/assuntos\/outubro-rosa<\/a><\/span><\/p>\n<p><img loading=\"lazy\" decoding=\"async\" class=\"alignnone size-full wp-image-70250\" src=\"https:\/\/jorgezanoni.com.br\/2019\/wp-content\/uploads\/2022\/10\/fund.jpg\" alt=\"\" width=\"240\" height=\"135\" \/><\/p>\n<p>Fonte: Depto. Comunica\u00e7\u00e3o da Fundec<\/p>\n","protected":false},"excerpt":{"rendered":"<p>Os acad\u00eamicos do curso de Enfermagem da Unifadra Dracena est\u00e3o engajados na Campanha Outubro Rosa. A turma vem desenvolvendo a\u00e7\u00f5es de divulga\u00e7\u00e3o sobre a preven\u00e7\u00e3o do c\u00e2ncer de mama e est\u00e1 realizando a arrecada\u00e7\u00e3o de leite longa vida integral para doa\u00e7\u00e3o \u00e0 Avapac\u00a0de Dracena. Al\u00e9m disso, realizar\u00e1, nos dias 24 e 25 de outubro, duas [&hellip;]<\/p>\n","protected":false},"author":1,"featured_media":70251,"comment_status":"closed","ping_status":"open","sticky":false,"template":"","format":"standard","meta":{"footnotes":""},"categories":[110,122],"tags":[],"class_list":["post-70249","post","type-post","status-publish","format-standard","has-post-thumbnail","hentry","category-noticiasdestaque","category-saudeeducacaoeconcurso"],"_links":{"self":[{"href":"https:\/\/jorgezanoni.com.br\/2019\/wp-json\/wp\/v2\/posts\/70249","targetHints":{"allow":["GET"]}}],"collection":[{"href":"https:\/\/jorgezanoni.com.br\/2019\/wp-json\/wp\/v2\/posts"}],"about":[{"href":"https:\/\/jorgezanoni.com.br\/2019\/wp-json\/wp\/v2\/types\/post"}],"author":[{"embeddable":true,"href":"https:\/\/jorgezanoni.com.br\/2019\/wp-json\/wp\/v2\/users\/1"}],"replies":[{"embeddable":true,"href":"https:\/\/jorgezanoni.com.br\/2019\/wp-json\/wp\/v2\/comments?post=70249"}],"version-history":[{"count":1,"href":"https:\/\/jorgezanoni.com.br\/2019\/wp-json\/wp\/v2\/posts\/70249\/revisions"}],"predecessor-version":[{"id":70252,"href":"https:\/\/jorgezanoni.com.br\/2019\/wp-json\/wp\/v2\/posts\/70249\/revisions\/70252"}],"wp:featuredmedia":[{"embeddable":true,"href":"https:\/\/jorgezanoni.com.br\/2019\/wp-json\/wp\/v2\/media\/70251"}],"wp:attachment":[{"href":"https:\/\/jorgezanoni.com.br\/2019\/wp-json\/wp\/v2\/media?parent=70249"}],"wp:term":[{"taxonomy":"category","embeddable":true,"href":"https:\/\/jorgezanoni.com.br\/2019\/wp-json\/wp\/v2\/categories?post=70249"},{"taxonomy":"post_tag","embeddable":true,"href":"https:\/\/jorgezanoni.com.br\/2019\/wp-json\/wp\/v2\/tags?post=70249"}],"curies":[{"name":"wp","href":"https:\/\/api.w.org\/{rel}","templated":true}]}}