{"id":70241,"date":"2022-10-20T12:10:36","date_gmt":"2022-10-20T12:10:36","guid":{"rendered":"https:\/\/jorgezanoni.com.br\/2019\/?p=70241"},"modified":"2022-10-20T12:13:44","modified_gmt":"2022-10-20T12:13:44","slug":"homem-morre-em-acidente-na-vicinal-que-liga-osvaldo-cruz-a-salmourao","status":"publish","type":"post","link":"https:\/\/jorgezanoni.com.br\/2019\/homem-morre-em-acidente-na-vicinal-que-liga-osvaldo-cruz-a-salmourao\/","title":{"rendered":"Homem morre em acidente na vicinal que liga Osvaldo Cruz a Salmour\u00e3o"},"content":{"rendered":"<p style=\"text-align: justify;\">Um homem morreu na manh\u00e3 desta quinta-feira (20), ap\u00f3s um grave acidente na vicinal que liga Osvaldo Cruz a Salmour\u00e3o.<\/p>\n<p style=\"text-align: justify;\">O acidente envolveu um ve\u00edculo Ford Ka com placas de Adamantina e uma Fiat Strada de uma empresa. A fatal v\u00edtima morava em Salmour\u00e3o.<\/p>\n<p style=\"text-align: justify;\">Segundo informa\u00e7\u00f5es levantadas no local do acidente, o ve\u00edculo Fiat Strada seguia sentido Salmour\u00e3o a Osvaldo Cruz, quando no km 6, colidiu frontalmente com o Ford Ka, que fazia o sentido contr\u00e1rio.<\/p>\n<p style=\"text-align: justify;\">O motorista da pick-up e o passageiro foram socorridos com ferimentos leves para a Santa Casa de Osvaldo Cruz.<\/p>\n<p style=\"text-align: justify;\">J\u00e1 o motorista do Ford Ka, identificado como Daylon Guilherme, de apenas 23 anos de idade, foi socorrido com ferimentos graves, n\u00e3o resistiu e infelizmente acabou falecendo.<\/p>\n<p style=\"text-align: justify;\">Uma crian\u00e7a de 10 meses que estava no banco do passageiro do Ford Ka, devido ao uso correto da cadeirinha nada sofreu.<\/p>\n<p style=\"text-align: justify;\">O policiamento de \u00e1rea da 3\u00b0 Companhia de Osvaldo Cruz, Pol\u00edcia Rodovi\u00e1ria, Corpo de Bombeiros e equipes da concession\u00e1ria que administra a rodovia trabalharam na ocorr\u00eancia. As causas do acidente ser\u00e3o investigadas.<\/p>\n<p><img loading=\"lazy\" decoding=\"async\" class=\"alignnone size-medium wp-image-57722\" src=\"https:\/\/www.jornalcidadeaberta.com.br\/wp-content\/uploads\/2022\/10\/IMG_20221020_080946-1-300x169.jpg\" sizes=\"auto, (max-width: 300px) 100vw, 300px\" srcset=\"https:\/\/www.jornalcidadeaberta.com.br\/wp-content\/uploads\/2022\/10\/IMG_20221020_080946-1-300x169.jpg 300w, https:\/\/www.jornalcidadeaberta.com.br\/wp-content\/uploads\/2022\/10\/IMG_20221020_080946-1-1024x576.jpg 1024w, https:\/\/www.jornalcidadeaberta.com.br\/wp-content\/uploads\/2022\/10\/IMG_20221020_080946-1-768x432.jpg 768w, https:\/\/www.jornalcidadeaberta.com.br\/wp-content\/uploads\/2022\/10\/IMG_20221020_080946-1-1536x864.jpg 1536w, https:\/\/www.jornalcidadeaberta.com.br\/wp-content\/uploads\/2022\/10\/IMG_20221020_080946-1.jpg 1920w\" alt=\"\" width=\"300\" height=\"169\" \/><\/p>\n<p>Fonte: https:\/\/www.jornalcidadeaberta.com.br\/<\/p>\n<p>Foto: Cristiano Nascimento<\/p>\n","protected":false},"excerpt":{"rendered":"<p>Um homem morreu na manh\u00e3 desta quinta-feira (20), ap\u00f3s um grave acidente na vicinal que liga Osvaldo Cruz a Salmour\u00e3o. O acidente envolveu um ve\u00edculo Ford Ka com placas de Adamantina e uma Fiat Strada de uma empresa. A fatal v\u00edtima morava em Salmour\u00e3o. Segundo informa\u00e7\u00f5es levantadas no local do acidente, o ve\u00edculo Fiat Strada [&hellip;]<\/p>\n","protected":false},"author":1,"featured_media":70242,"comment_status":"closed","ping_status":"open","sticky":false,"template":"","format":"standard","meta":{"footnotes":""},"categories":[170,110],"tags":[],"class_list":["post-70241","post","type-post","status-publish","format-standard","has-post-thumbnail","hentry","category-acidentes","category-noticiasdestaque"],"_links":{"self":[{"href":"https:\/\/jorgezanoni.com.br\/2019\/wp-json\/wp\/v2\/posts\/70241","targetHints":{"allow":["GET"]}}],"collection":[{"href":"https:\/\/jorgezanoni.com.br\/2019\/wp-json\/wp\/v2\/posts"}],"about":[{"href":"https:\/\/jorgezanoni.com.br\/2019\/wp-json\/wp\/v2\/types\/post"}],"author":[{"embeddable":true,"href":"https:\/\/jorgezanoni.com.br\/2019\/wp-json\/wp\/v2\/users\/1"}],"replies":[{"embeddable":true,"href":"https:\/\/jorgezanoni.com.br\/2019\/wp-json\/wp\/v2\/comments?post=70241"}],"version-history":[{"count":3,"href":"https:\/\/jorgezanoni.com.br\/2019\/wp-json\/wp\/v2\/posts\/70241\/revisions"}],"predecessor-version":[{"id":70245,"href":"https:\/\/jorgezanoni.com.br\/2019\/wp-json\/wp\/v2\/posts\/70241\/revisions\/70245"}],"wp:featuredmedia":[{"embeddable":true,"href":"https:\/\/jorgezanoni.com.br\/2019\/wp-json\/wp\/v2\/media\/70242"}],"wp:attachment":[{"href":"https:\/\/jorgezanoni.com.br\/2019\/wp-json\/wp\/v2\/media?parent=70241"}],"wp:term":[{"taxonomy":"category","embeddable":true,"href":"https:\/\/jorgezanoni.com.br\/2019\/wp-json\/wp\/v2\/categories?post=70241"},{"taxonomy":"post_tag","embeddable":true,"href":"https:\/\/jorgezanoni.com.br\/2019\/wp-json\/wp\/v2\/tags?post=70241"}],"curies":[{"name":"wp","href":"https:\/\/api.w.org\/{rel}","templated":true}]}}