{"id":70225,"date":"2022-10-20T00:42:41","date_gmt":"2022-10-20T00:42:41","guid":{"rendered":"https:\/\/jorgezanoni.com.br\/2019\/?p=70225"},"modified":"2022-10-20T00:42:41","modified_gmt":"2022-10-20T00:42:41","slug":"dois-rapazes-morrem-em-grave-acidente-na-rodovia-julio-budiski-envolvendo-carro-e-caminhao-em-alvares-machado","status":"publish","type":"post","link":"https:\/\/jorgezanoni.com.br\/2019\/dois-rapazes-morrem-em-grave-acidente-na-rodovia-julio-budiski-envolvendo-carro-e-caminhao-em-alvares-machado\/","title":{"rendered":"Dois rapazes morrem em grave acidente na Rodovia J\u00falio Budiski envolvendo carro e caminh\u00e3o em \u00c1lvares Machado"},"content":{"rendered":"<div class=\"content__signa-share\">\n<div class=\"content__signature\">\n<div class=\"content-publication-data\">\n<div class=\"content-publication-data__text\">\n<h2 class=\"content-head__subtitle\" style=\"text-align: justify;\"><strong>V\u00edtimas, identificadas como Daniel Alexandre de Almeida, de 28 anos, e Al\u00edpio Novais Neto, de 18 anos, moravam em Santo Expedito (SP).<\/strong><\/h2>\n<\/div>\n<\/div>\n<\/div>\n<div class=\"content__share-bar content__share-bar--cloned\" data-position=\"upper\"><\/div>\n<\/div>\n<hr class=\"content__divider \" \/>\n<div class=\"mc-article-body\">\n<article>\n<div class=\"row medium-uncollapsed content-media content-photo\" data-block-type=\"backstage-photo\" data-block-id=\"1\">\n<div class=\"mc-column content-media__container\">\n<div class=\"content-media-container glb-skeleton-box\">\n<figure class=\"content-media-figure\"><img decoding=\"async\" class=\"i-amphtml-fill-content i-amphtml-replaced-content\" src=\"https:\/\/s2.glbimg.com\/67yrPJc3IgBxpxVKBnyobKr5TV0=\/0x0:800x604\/984x0\/smart\/filters:strip_icc()\/i.s3.glbimg.com\/v1\/AUTH_59edd422c0c84a879bd37670ae4f538a\/internal_photos\/bs\/2022\/p\/D\/wSj5mRQIurm20oeRU6QA\/acidente-1.jpg\" sizes=\"(max-width: 1366px) 648px, 100vw\" srcset=\"https:\/\/s2.glbimg.com\/UzjRGl-2h26C-iIhJrzCIYQkogg=\/0x0:800x604\/1000x0\/smart\/filters:strip_icc()\/i.s3.glbimg.com\/v1\/AUTH_59edd422c0c84a879bd37670ae4f538a\/internal_photos\/bs\/2022\/p\/D\/wSj5mRQIurm20oeRU6QA\/acidente-1.jpg 1000w, https:\/\/s2.glbimg.com\/67yrPJc3IgBxpxVKBnyobKr5TV0=\/0x0:800x604\/984x0\/smart\/filters:strip_icc()\/i.s3.glbimg.com\/v1\/AUTH_59edd422c0c84a879bd37670ae4f538a\/internal_photos\/bs\/2022\/p\/D\/wSj5mRQIurm20oeRU6QA\/acidente-1.jpg 984w, https:\/\/s2.glbimg.com\/pF7pKjbzJaSRdsFPYmUchnwI05s=\/0x0:800x604\/640x0\/smart\/filters:strip_icc()\/i.s3.glbimg.com\/v1\/AUTH_59edd422c0c84a879bd37670ae4f538a\/internal_photos\/bs\/2022\/p\/D\/wSj5mRQIurm20oeRU6QA\/acidente-1.jpg 640w, https:\/\/s2.glbimg.com\/t5J_ko9sPTULhX_9CakrW43ulgQ=\/0x0:800x604\/600x0\/smart\/filters:strip_icc()\/i.s3.glbimg.com\/v1\/AUTH_59edd422c0c84a879bd37670ae4f538a\/internal_photos\/bs\/2022\/p\/D\/wSj5mRQIurm20oeRU6QA\/acidente-1.jpg 600w\" alt=\"Duas pessoas morreram na Rodovia J\u00falio Budiski (SP-501), em \u00c1lvares Machado (SP) \u2014 Foto: Cedida\" \/><\/figure>\n<\/div>\n<p class=\"content-media__description \" style=\"text-align: justify;\">Duas pessoas morreram na Rodovia J\u00falio Budiski (SP-501), em \u00c1lvares Machado (SP) \u2014 Foto: Cedida<\/p>\n<\/div>\n<\/div>\n<div class=\"mc-column mc-side-item__container\" style=\"text-align: justify;\" data-block-type=\"ads\" data-block-id=\"2\">\n<div class=\"mc-side-item mc-side-item--right content-ads content-ads--side-ad\">\n<div id=\"banner_materia1\" class=\"tag-manager-publicidade-container\">Dois homens, de 18 e 28 anos, morreram em decorr\u00eancia de um grave acidente de tr\u00e2nsito que envolveu um carro, com placas de <a href=\"https:\/\/g1.globo.com\/sp\/presidente-prudente-regiao\/cidade\/santo-expedito\/\">Santo Expedito (SP)<\/a>, e um caminh\u00e3o, de\u00a0<a href=\"https:\/\/g1.globo.com\/sp\/presidente-prudente-regiao\/cidade\/pacaembu\/\">Pacaembu (SP)<\/a>, na tarde desta quarta-feira (19), na Rodovia J\u00falio Budiski (SP-501), em\u00a0<a href=\"https:\/\/g1.globo.com\/sp\/presidente-prudente-regiao\/cidade\/alvares-machado\/\">\u00c1lvares Machado (SP)<\/a>.<\/div>\n<\/div>\n<\/div>\n<div class=\"wall protected-content\">\n<div class=\"mc-column content-text active-extra-styles \" style=\"text-align: justify;\" data-block-type=\"unstyled\" data-block-weight=\"25\" data-block-id=\"4\">\n<p class=\"content-text__container \" data-track-category=\"Link no Texto\" data-track-links=\"\">De acordo com a Pol\u00edcia Militar Rodovi\u00e1ria, a colis\u00e3o frontal entre os ve\u00edculos ocorreu por volta das 12h20 no trecho que fica no km 19.<\/p>\n<\/div>\n<div class=\"mc-column content-text active-extra-styles \" style=\"text-align: justify;\" data-block-type=\"unstyled\" data-block-weight=\"21\" data-block-id=\"5\">\n<p class=\"content-text__container \" data-track-category=\"Link no Texto\" data-track-links=\"\">A Pol\u00edcia Cient\u00edfica tamb\u00e9m foi acionada para realizar a per\u00edcia e apurar as causas e circunst\u00e2ncias do acidente de tr\u00e2nsito.<\/p>\n<\/div>\n<div class=\"mc-column content-text active-extra-styles \" style=\"text-align: justify;\" data-block-type=\"unstyled\" data-block-weight=\"20\" data-block-id=\"6\">\n<p class=\"content-text__container \" data-track-category=\"Link no Texto\" data-track-links=\"\">Funcion\u00e1rios do Departamento de Estradas de Rodagem (DER) auxiliaram na organiza\u00e7\u00e3o do tr\u00e2nsito no local durante o atendimento da ocorr\u00eancia.<\/p>\n<\/div>\n<div class=\"content-ads content-ads--reveal\" style=\"text-align: justify;\" data-block-type=\"ads\" data-block-id=\"7\">\n<div class=\"tag-manager-publicidade-container mc-has-reveal mc-has-ad-lazyload\" data-id=\"banner_materia2\">Segundo a Pol\u00edcia Rodovi\u00e1ria, o carro seguia no sentido <a href=\"https:\/\/g1.globo.com\/sp\/presidente-prudente-regiao\/cidade\/presidente-prudente\/\">Presidente Prudente (SP)<\/a>\u2013<a href=\"https:\/\/g1.globo.com\/sp\/presidente-prudente-regiao\/cidade\/alfredo-marcondes\/\">Alfredo Marcondes (SP)<\/a>, quando o motorista, possivelmente ao realizar uma manobra de ultrapassagem em local proibido pela sinaliza\u00e7\u00e3o, bateu de frente no caminh\u00e3o, que trafegava na pista contr\u00e1ria e transportava uma carga de cana-de-a\u00e7\u00facar.<\/div>\n<\/div>\n<div class=\"mc-column content-text active-extra-styles \" style=\"text-align: justify;\" data-block-type=\"unstyled\" data-block-weight=\"41\" data-block-id=\"9\">\n<p class=\"content-text__container \" data-track-category=\"Link no Texto\" data-track-links=\"\">Ap\u00f3s a colis\u00e3o, o motorista, de 66 anos, que dirigia o caminh\u00e3o, perdeu o controle da dire\u00e7\u00e3o e o ve\u00edculo s\u00f3 parou em um barranco fora da pista da rodovia. O caminhoneiro n\u00e3o sofreu ferimentos, segundo o Corpo de Bombeiros.<\/p>\n<\/div>\n<div class=\"mc-column content-text active-extra-styles \" style=\"text-align: justify;\" data-block-type=\"unstyled\" data-block-weight=\"15\" data-block-id=\"10\">\n<p class=\"content-text__container \" data-track-category=\"Link no Texto\" data-track-links=\"\">Segundo a pol\u00edcia, o jovem, de 18 anos, que conduzia o carro, n\u00e3o era habilitado.<\/p>\n<\/div>\n<div class=\"mc-column content-text active-extra-styles \" style=\"text-align: justify;\" data-block-type=\"unstyled\" data-block-weight=\"18\" data-block-id=\"11\">\n<p class=\"content-text__container \" data-track-category=\"Link no Texto\" data-track-links=\"\">Os dois rapazes que morreram v\u00edtimas do acidente eram ocupantes do carro e moradores de Santo Expedito.<\/p>\n<\/div>\n<div class=\"mc-column content-text active-extra-styles \" style=\"text-align: justify;\" data-block-type=\"unstyled\" data-block-weight=\"51\" data-block-id=\"12\">\n<p class=\"content-text__container \" data-track-category=\"Link no Texto\" data-track-links=\"\">Um deles, Daniel Alexandre de Almeida, de 28 anos, era engenheiro civil da Prefeitura da cidade. Conforme o prefeito de Santo Expedito, Anderson Jos\u00e9 Betio (PSDB), nesta quarta-feira (19) o funcion\u00e1rio p\u00fablico estava de folga. A outra v\u00edtima, Al\u00edpio Novais Neto, de 18 anos, estava no ve\u00edculo com o engenheiro.<\/p>\n<\/div>\n<div class=\"mc-column content-text active-extra-styles\" style=\"text-align: justify;\" data-block-type=\"raw\" data-block-weight=\"33\" data-block-id=\"13\">\n<blockquote class=\"content-blockquote theme-border-color-primary-before\"><p>\u201cEle [Daniel] era um funcion\u00e1rio muito bom, muito bom mesmo, muito eficiente. Eu estou muito triste porque era um rapaz novo, mas muito competente na \u00e1rea dele\u201d, afirmou ao\u00a0<a href=\"https:\/\/g1.globo.com\/sp\/presidente-prudente-regiao\/\">g1<\/a>\u00a0o prefeito.<\/p><\/blockquote>\n<p>A Prefeitura de Santo Expedito decretou luto oficial de dois dias, nestas quarta (19) e quinta-feiras (20).<\/p>\n<\/div>\n<div class=\"row medium-uncollapsed content-media content-photo\" style=\"text-align: justify;\" data-block-type=\"backstage-photo\" data-block-id=\"16\">\n<div class=\"mc-column content-media__container\">\n<div class=\"content-media-container glb-skeleton-box\">\n<figure class=\"content-media-figure\"><img decoding=\"async\" class=\"i-amphtml-fill-content i-amphtml-replaced-content\" src=\"https:\/\/s2.glbimg.com\/4BFYFmfa9tknD1RLSyni5mCa9kE=\/0x58:750x814\/984x0\/smart\/filters:strip_icc()\/i.s3.glbimg.com\/v1\/AUTH_59edd422c0c84a879bd37670ae4f538a\/internal_photos\/bs\/2022\/Z\/Z\/mcRmjuSMGq7XYQAbVlNg\/daniel-almeida.jpg\" sizes=\"(max-width: 1366px) 648px, 100vw\" srcset=\"https:\/\/s2.glbimg.com\/k_rbSuzXehMEtkUVxW-LfBR2AmQ=\/0x58:750x814\/1000x0\/smart\/filters:strip_icc()\/i.s3.glbimg.com\/v1\/AUTH_59edd422c0c84a879bd37670ae4f538a\/internal_photos\/bs\/2022\/Z\/Z\/mcRmjuSMGq7XYQAbVlNg\/daniel-almeida.jpg 1000w, https:\/\/s2.glbimg.com\/4BFYFmfa9tknD1RLSyni5mCa9kE=\/0x58:750x814\/984x0\/smart\/filters:strip_icc()\/i.s3.glbimg.com\/v1\/AUTH_59edd422c0c84a879bd37670ae4f538a\/internal_photos\/bs\/2022\/Z\/Z\/mcRmjuSMGq7XYQAbVlNg\/daniel-almeida.jpg 984w, https:\/\/s2.glbimg.com\/0Xtgd5e2Bz49fERcBrsAp9Z1ryg=\/0x58:750x814\/640x0\/smart\/filters:strip_icc()\/i.s3.glbimg.com\/v1\/AUTH_59edd422c0c84a879bd37670ae4f538a\/internal_photos\/bs\/2022\/Z\/Z\/mcRmjuSMGq7XYQAbVlNg\/daniel-almeida.jpg 640w, https:\/\/s2.glbimg.com\/tHJVtFZOnkdek8Fo82Ct8kZAyJY=\/0x58:750x814\/600x0\/smart\/filters:strip_icc()\/i.s3.glbimg.com\/v1\/AUTH_59edd422c0c84a879bd37670ae4f538a\/internal_photos\/bs\/2022\/Z\/Z\/mcRmjuSMGq7XYQAbVlNg\/daniel-almeida.jpg 600w\" alt=\"Daniel Alexandre de Almeida, de 28 anos \u2014 Foto: Redes sociais\" \/><\/figure>\n<\/div>\n<p class=\"content-media__description \">Daniel Alexandre de Almeida, de 28 anos \u2014 Foto: Redes sociais<\/p>\n<\/div>\n<\/div>\n<div class=\"row medium-uncollapsed content-media content-photo\" style=\"text-align: justify;\" data-block-type=\"backstage-photo\" data-block-id=\"17\">\n<div class=\"mc-column content-media__container\">\n<div class=\"content-media-container glb-skeleton-box\">\n<figure class=\"content-media-figure\"><img decoding=\"async\" class=\"i-amphtml-fill-content i-amphtml-replaced-content\" src=\"https:\/\/s2.glbimg.com\/99Z3FAIa82Z79UuOLfHILDDqjmw=\/0x202:720x842\/984x0\/smart\/filters:strip_icc()\/i.s3.glbimg.com\/v1\/AUTH_59edd422c0c84a879bd37670ae4f538a\/internal_photos\/bs\/2022\/Z\/X\/YgNic8QciPVALnAHykQA\/alipio-novais.jpg\" sizes=\"(max-width: 1366px) 648px, 100vw\" srcset=\"https:\/\/s2.glbimg.com\/EETJKXZTMBxA8-Z6TAGe2FFldsM=\/0x202:720x842\/1000x0\/smart\/filters:strip_icc()\/i.s3.glbimg.com\/v1\/AUTH_59edd422c0c84a879bd37670ae4f538a\/internal_photos\/bs\/2022\/Z\/X\/YgNic8QciPVALnAHykQA\/alipio-novais.jpg 1000w, https:\/\/s2.glbimg.com\/99Z3FAIa82Z79UuOLfHILDDqjmw=\/0x202:720x842\/984x0\/smart\/filters:strip_icc()\/i.s3.glbimg.com\/v1\/AUTH_59edd422c0c84a879bd37670ae4f538a\/internal_photos\/bs\/2022\/Z\/X\/YgNic8QciPVALnAHykQA\/alipio-novais.jpg 984w, https:\/\/s2.glbimg.com\/H4H3Ebi_C2oFFhFUk9g-m7m6U8c=\/0x202:720x842\/640x0\/smart\/filters:strip_icc()\/i.s3.glbimg.com\/v1\/AUTH_59edd422c0c84a879bd37670ae4f538a\/internal_photos\/bs\/2022\/Z\/X\/YgNic8QciPVALnAHykQA\/alipio-novais.jpg 640w, https:\/\/s2.glbimg.com\/yXTYWevFuSlPlVGJ3ce3E6GiArA=\/0x202:720x842\/600x0\/smart\/filters:strip_icc()\/i.s3.glbimg.com\/v1\/AUTH_59edd422c0c84a879bd37670ae4f538a\/internal_photos\/bs\/2022\/Z\/X\/YgNic8QciPVALnAHykQA\/alipio-novais.jpg 600w\" alt=\"Al\u00edpio Novais Neto, de 18 anos \u2014 Foto: Redes sociais\" \/><\/figure>\n<\/div>\n<p class=\"content-media__description \">Al\u00edpio Novais Neto, de 18 anos \u2014 Foto: Redes sociais<\/p>\n<\/div>\n<\/div>\n<div class=\"content-ads content-ads--reveal\" style=\"text-align: justify;\" data-block-type=\"ads\" data-block-id=\"18\">\n<div class=\"tag-manager-publicidade-container mc-has-reveal mc-has-ad-lazyload\" data-id=\"banner_materia__fae9215f-1ff5-4381-a0f4-0bfa8edf9745\"><\/div>\n<\/div>\n<div class=\"row medium-uncollapsed content-media content-photo\" style=\"text-align: justify;\" data-block-type=\"backstage-photo\" data-block-id=\"19\">\n<div class=\"mc-column content-media__container\">\n<div class=\"content-media-container glb-skeleton-box\">\n<figure class=\"content-media-figure\"><img decoding=\"async\" class=\"i-amphtml-fill-content i-amphtml-replaced-content\" src=\"https:\/\/s2.glbimg.com\/JN7Pcle1_AWpdlyERi8PlV-d-34=\/0x0:800x861\/984x0\/smart\/filters:strip_icc()\/i.s3.glbimg.com\/v1\/AUTH_59edd422c0c84a879bd37670ae4f538a\/internal_photos\/bs\/2022\/o\/W\/FtAbflTg2kvSZJaupB9w\/acidente-3.jpg\" sizes=\"(max-width: 1366px) 648px, 100vw\" srcset=\"https:\/\/s2.glbimg.com\/u_W62qQnLKQLudVdZzAi3-0tF3Q=\/0x0:800x861\/1000x0\/smart\/filters:strip_icc()\/i.s3.glbimg.com\/v1\/AUTH_59edd422c0c84a879bd37670ae4f538a\/internal_photos\/bs\/2022\/o\/W\/FtAbflTg2kvSZJaupB9w\/acidente-3.jpg 1000w, https:\/\/s2.glbimg.com\/JN7Pcle1_AWpdlyERi8PlV-d-34=\/0x0:800x861\/984x0\/smart\/filters:strip_icc()\/i.s3.glbimg.com\/v1\/AUTH_59edd422c0c84a879bd37670ae4f538a\/internal_photos\/bs\/2022\/o\/W\/FtAbflTg2kvSZJaupB9w\/acidente-3.jpg 984w, https:\/\/s2.glbimg.com\/i1P7WqaPTYaa4oXnNGFAesp-ZJc=\/0x0:800x861\/640x0\/smart\/filters:strip_icc()\/i.s3.glbimg.com\/v1\/AUTH_59edd422c0c84a879bd37670ae4f538a\/internal_photos\/bs\/2022\/o\/W\/FtAbflTg2kvSZJaupB9w\/acidente-3.jpg 640w, https:\/\/s2.glbimg.com\/2Wd5DaGFWfUrDycsiXHXSk9q6qg=\/0x0:800x861\/600x0\/smart\/filters:strip_icc()\/i.s3.glbimg.com\/v1\/AUTH_59edd422c0c84a879bd37670ae4f538a\/internal_photos\/bs\/2022\/o\/W\/FtAbflTg2kvSZJaupB9w\/acidente-3.jpg 600w\" alt=\"Duas pessoas morreram na Rodovia J\u00falio Budiski (SP-501), em \u00c1lvares Machado (SP) \u2014 Foto: Cedida\" \/><\/figure>\n<\/div>\n<p class=\"content-media__description \">Duas pessoas morreram na Rodovia J\u00falio Budiski (SP-501), em \u00c1lvares Machado (SP) \u2014 Foto: Cedida<\/p>\n<\/div>\n<\/div>\n<div class=\"row medium-uncollapsed content-media content-photo\" style=\"text-align: justify;\" data-block-type=\"backstage-photo\" data-block-id=\"20\">\n<div class=\"mc-column content-media__container\">\n<div class=\"content-media-container glb-skeleton-box\">\n<figure class=\"content-media-figure\"><img decoding=\"async\" class=\"i-amphtml-fill-content i-amphtml-replaced-content\" src=\"https:\/\/s2.glbimg.com\/Fxr3AQoeghTA-e8CHQyCfzTd_kY=\/0x0:1137x691\/984x0\/smart\/filters:strip_icc()\/i.s3.glbimg.com\/v1\/AUTH_59edd422c0c84a879bd37670ae4f538a\/internal_photos\/bs\/2022\/E\/E\/goFlXeTHCkBQSZHNlBtg\/acidente-2.jpg\" sizes=\"(max-width: 1366px) 648px, 100vw\" srcset=\"https:\/\/s2.glbimg.com\/qROAzOlZYReQ2i7nf5Fiumdehqs=\/0x0:1137x691\/1000x0\/smart\/filters:strip_icc()\/i.s3.glbimg.com\/v1\/AUTH_59edd422c0c84a879bd37670ae4f538a\/internal_photos\/bs\/2022\/E\/E\/goFlXeTHCkBQSZHNlBtg\/acidente-2.jpg 1000w, https:\/\/s2.glbimg.com\/Fxr3AQoeghTA-e8CHQyCfzTd_kY=\/0x0:1137x691\/984x0\/smart\/filters:strip_icc()\/i.s3.glbimg.com\/v1\/AUTH_59edd422c0c84a879bd37670ae4f538a\/internal_photos\/bs\/2022\/E\/E\/goFlXeTHCkBQSZHNlBtg\/acidente-2.jpg 984w, https:\/\/s2.glbimg.com\/dKs5chs07B-Lpt3tE4WY9gdoQ6I=\/0x0:1137x691\/640x0\/smart\/filters:strip_icc()\/i.s3.glbimg.com\/v1\/AUTH_59edd422c0c84a879bd37670ae4f538a\/internal_photos\/bs\/2022\/E\/E\/goFlXeTHCkBQSZHNlBtg\/acidente-2.jpg 640w, https:\/\/s2.glbimg.com\/nQVIPGfrFXafbvlwCXsfAzloh7c=\/0x0:1137x691\/600x0\/smart\/filters:strip_icc()\/i.s3.glbimg.com\/v1\/AUTH_59edd422c0c84a879bd37670ae4f538a\/internal_photos\/bs\/2022\/E\/E\/goFlXeTHCkBQSZHNlBtg\/acidente-2.jpg 600w\" alt=\"Duas pessoas morreram na Rodovia J\u00falio Budiski (SP-501), em \u00c1lvares Machado (SP) \u2014 Foto: Cedida\" \/><\/figure>\n<\/div>\n<p class=\"content-media__description \">Duas pessoas morreram na Rodovia J\u00falio Budiski (SP-501), em \u00c1lvares Machado (SP) \u2014 Foto: Cedida<\/p>\n<\/div>\n<\/div>\n<div class=\"content-ads content-ads--reveal\" style=\"text-align: justify;\" data-block-type=\"ads\" data-block-id=\"21\">\n<div class=\"tag-manager-publicidade-container mc-has-reveal mc-has-ad-lazyload\" data-id=\"banner_materia__e6100a76-a3b4-4b65-bd54-e282719d7762\"><\/div>\n<\/div>\n<div class=\"row medium-uncollapsed content-media content-photo\" style=\"text-align: justify;\" data-block-type=\"backstage-photo\" data-block-id=\"22\">\n<div class=\"mc-column content-media__container\">\n<div class=\"content-media-container glb-skeleton-box\">\n<figure class=\"content-media-figure\"><img decoding=\"async\" class=\"i-amphtml-fill-content i-amphtml-replaced-content\" src=\"https:\/\/s2.glbimg.com\/jXRwpDDzXdgF4TRPpy-MY-R-bwE=\/0x0:1600x900\/984x0\/smart\/filters:strip_icc()\/i.s3.glbimg.com\/v1\/AUTH_59edd422c0c84a879bd37670ae4f538a\/internal_photos\/bs\/2022\/b\/d\/fXJQHWTLKsYy9BrPkrwg\/bruna-2.jpg\" sizes=\"(max-width: 1366px) 648px, 100vw\" srcset=\"https:\/\/s2.glbimg.com\/OoN29t4wcItZPKhZbKwzdIxhJSg=\/0x0:1600x900\/1000x0\/smart\/filters:strip_icc()\/i.s3.glbimg.com\/v1\/AUTH_59edd422c0c84a879bd37670ae4f538a\/internal_photos\/bs\/2022\/b\/d\/fXJQHWTLKsYy9BrPkrwg\/bruna-2.jpg 1000w, https:\/\/s2.glbimg.com\/jXRwpDDzXdgF4TRPpy-MY-R-bwE=\/0x0:1600x900\/984x0\/smart\/filters:strip_icc()\/i.s3.glbimg.com\/v1\/AUTH_59edd422c0c84a879bd37670ae4f538a\/internal_photos\/bs\/2022\/b\/d\/fXJQHWTLKsYy9BrPkrwg\/bruna-2.jpg 984w, https:\/\/s2.glbimg.com\/X5wWBhSuNQMNons3IkmmoKd7bDE=\/0x0:1600x900\/640x0\/smart\/filters:strip_icc()\/i.s3.glbimg.com\/v1\/AUTH_59edd422c0c84a879bd37670ae4f538a\/internal_photos\/bs\/2022\/b\/d\/fXJQHWTLKsYy9BrPkrwg\/bruna-2.jpg 640w, https:\/\/s2.glbimg.com\/bfh0sAsB4z4lvXqKq-FUgyH60LI=\/0x0:1600x900\/600x0\/smart\/filters:strip_icc()\/i.s3.glbimg.com\/v1\/AUTH_59edd422c0c84a879bd37670ae4f538a\/internal_photos\/bs\/2022\/b\/d\/fXJQHWTLKsYy9BrPkrwg\/bruna-2.jpg 600w\" alt=\"Duas pessoas morreram na Rodovia J\u00falio Budiski (SP-501), em \u00c1lvares Machado (SP) \u2014 Foto: Bruna Bachega\/TV Fronteira\" \/><\/figure>\n<\/div>\n<p class=\"content-media__description \">Duas pessoas morreram na Rodovia J\u00falio Budiski (SP-501), em \u00c1lvares Machado (SP) \u2014 Foto: Bruna Bachega\/TV Fronteira<\/p>\n<\/div>\n<\/div>\n<div class=\"row medium-uncollapsed content-media content-photo\" style=\"text-align: justify;\" data-block-type=\"backstage-photo\" data-block-id=\"23\">\n<div class=\"mc-column content-media__container\">\n<div class=\"content-media-container glb-skeleton-box\">\n<figure class=\"content-media-figure\"><img decoding=\"async\" class=\"i-amphtml-fill-content i-amphtml-replaced-content\" src=\"https:\/\/s2.glbimg.com\/ZxEjaENBS2eQMOWJaa8M0od-63Y=\/0x0:1600x900\/984x0\/smart\/filters:strip_icc()\/i.s3.glbimg.com\/v1\/AUTH_59edd422c0c84a879bd37670ae4f538a\/internal_photos\/bs\/2022\/S\/o\/c5WUcwT7a2H3AIOt8DPQ\/bruna-1.jpg\" sizes=\"(max-width: 1366px) 648px, 100vw\" srcset=\"https:\/\/s2.glbimg.com\/IZPpLDnMS5FATw12L8Rte_fzncU=\/0x0:1600x900\/1000x0\/smart\/filters:strip_icc()\/i.s3.glbimg.com\/v1\/AUTH_59edd422c0c84a879bd37670ae4f538a\/internal_photos\/bs\/2022\/S\/o\/c5WUcwT7a2H3AIOt8DPQ\/bruna-1.jpg 1000w, https:\/\/s2.glbimg.com\/ZxEjaENBS2eQMOWJaa8M0od-63Y=\/0x0:1600x900\/984x0\/smart\/filters:strip_icc()\/i.s3.glbimg.com\/v1\/AUTH_59edd422c0c84a879bd37670ae4f538a\/internal_photos\/bs\/2022\/S\/o\/c5WUcwT7a2H3AIOt8DPQ\/bruna-1.jpg 984w, https:\/\/s2.glbimg.com\/hwxQt0GJsxQc2ZYpZYEKhNzUH9g=\/0x0:1600x900\/640x0\/smart\/filters:strip_icc()\/i.s3.glbimg.com\/v1\/AUTH_59edd422c0c84a879bd37670ae4f538a\/internal_photos\/bs\/2022\/S\/o\/c5WUcwT7a2H3AIOt8DPQ\/bruna-1.jpg 640w, https:\/\/s2.glbimg.com\/zhZJf0LRPwlAuhemNFENnebezhY=\/0x0:1600x900\/600x0\/smart\/filters:strip_icc()\/i.s3.glbimg.com\/v1\/AUTH_59edd422c0c84a879bd37670ae4f538a\/internal_photos\/bs\/2022\/S\/o\/c5WUcwT7a2H3AIOt8DPQ\/bruna-1.jpg 600w\" alt=\"Duas pessoas morreram na Rodovia J\u00falio Budiski (SP-501), em \u00c1lvares Machado (SP) \u2014 Foto: Bruna Bachega\/TV Fronteira\" \/><\/figure>\n<\/div>\n<p class=\"content-media__description \">Duas pessoas morreram na Rodovia J\u00falio Budiski (SP-501), em \u00c1lvares Machado (SP) \u2014 Foto: Bruna Bachega\/TV Fronteira<\/p>\n<\/div>\n<\/div>\n<div class=\"content-ads content-ads--reveal\" style=\"text-align: justify;\" data-block-type=\"ads\" data-block-id=\"24\">\n<div class=\"tag-manager-publicidade-container mc-has-reveal mc-has-ad-lazyload\" data-id=\"banner_materia__788388e7-0e75-41bc-8a53-20a2f0f9e1fb\"><\/div>\n<\/div>\n<div class=\"row medium-uncollapsed content-media content-photo\" style=\"text-align: justify;\" data-block-type=\"backstage-photo\" data-block-id=\"25\">\n<div class=\"mc-column content-media__container\">\n<div class=\"content-media-container glb-skeleton-box\">\n<figure class=\"content-media-figure\"><img decoding=\"async\" class=\"i-amphtml-fill-content i-amphtml-replaced-content\" src=\"https:\/\/s2.glbimg.com\/6vq4OfgrNs9difN9ZKJT99-GVb4=\/0x0:1600x900\/984x0\/smart\/filters:strip_icc()\/i.s3.glbimg.com\/v1\/AUTH_59edd422c0c84a879bd37670ae4f538a\/internal_photos\/bs\/2022\/N\/B\/ZiB7zaR4GMDuiUc06Fsg\/bruna-3.jpg\" sizes=\"(max-width: 1366px) 648px, 100vw\" srcset=\"https:\/\/s2.glbimg.com\/mFADn9JU-ozbrsYHdyDnZqSfcA8=\/0x0:1600x900\/1000x0\/smart\/filters:strip_icc()\/i.s3.glbimg.com\/v1\/AUTH_59edd422c0c84a879bd37670ae4f538a\/internal_photos\/bs\/2022\/N\/B\/ZiB7zaR4GMDuiUc06Fsg\/bruna-3.jpg 1000w, https:\/\/s2.glbimg.com\/6vq4OfgrNs9difN9ZKJT99-GVb4=\/0x0:1600x900\/984x0\/smart\/filters:strip_icc()\/i.s3.glbimg.com\/v1\/AUTH_59edd422c0c84a879bd37670ae4f538a\/internal_photos\/bs\/2022\/N\/B\/ZiB7zaR4GMDuiUc06Fsg\/bruna-3.jpg 984w, https:\/\/s2.glbimg.com\/5ETNyDEcUQNGhwN1UzR9KxTOZl8=\/0x0:1600x900\/640x0\/smart\/filters:strip_icc()\/i.s3.glbimg.com\/v1\/AUTH_59edd422c0c84a879bd37670ae4f538a\/internal_photos\/bs\/2022\/N\/B\/ZiB7zaR4GMDuiUc06Fsg\/bruna-3.jpg 640w, https:\/\/s2.glbimg.com\/XNBaGnv-wpnYsuZR5qFv70hSQPs=\/0x0:1600x900\/600x0\/smart\/filters:strip_icc()\/i.s3.glbimg.com\/v1\/AUTH_59edd422c0c84a879bd37670ae4f538a\/internal_photos\/bs\/2022\/N\/B\/ZiB7zaR4GMDuiUc06Fsg\/bruna-3.jpg 600w\" alt=\"Duas pessoas morreram na Rodovia J\u00falio Budiski (SP-501), em \u00c1lvares Machado (SP) \u2014 Foto: Bruna Bachega\/TV Fronteira\" \/><\/figure>\n<\/div>\n<p class=\"content-media__description \">Duas pessoas morreram na Rodovia J\u00falio Budiski (SP-501), em \u00c1lvares Machado (SP) \u2014 Foto: Bruna Bachega\/TV Fronteira<\/p>\n<\/div>\n<\/div>\n<div class=\"row medium-uncollapsed content-media content-photo\" style=\"text-align: justify;\" data-block-type=\"backstage-photo\" data-block-id=\"26\">\n<div class=\"mc-column content-media__container\">\n<div class=\"content-media-container glb-skeleton-box\">\n<figure class=\"content-media-figure\"><img decoding=\"async\" class=\"i-amphtml-fill-content i-amphtml-replaced-content\" src=\"https:\/\/s2.glbimg.com\/XchAwFO5tcNxS2TE8BvA6TOB-Bo=\/0x0:1600x900\/984x0\/smart\/filters:strip_icc()\/i.s3.glbimg.com\/v1\/AUTH_59edd422c0c84a879bd37670ae4f538a\/internal_photos\/bs\/2022\/0\/9\/v1qm6ESXCzMoZfwSWW2g\/bruna-4.jpg\" sizes=\"(max-width: 1366px) 648px, 100vw\" srcset=\"https:\/\/s2.glbimg.com\/bmjZSCyHqMo1wY1bQdazNC6gvY0=\/0x0:1600x900\/1000x0\/smart\/filters:strip_icc()\/i.s3.glbimg.com\/v1\/AUTH_59edd422c0c84a879bd37670ae4f538a\/internal_photos\/bs\/2022\/0\/9\/v1qm6ESXCzMoZfwSWW2g\/bruna-4.jpg 1000w, https:\/\/s2.glbimg.com\/XchAwFO5tcNxS2TE8BvA6TOB-Bo=\/0x0:1600x900\/984x0\/smart\/filters:strip_icc()\/i.s3.glbimg.com\/v1\/AUTH_59edd422c0c84a879bd37670ae4f538a\/internal_photos\/bs\/2022\/0\/9\/v1qm6ESXCzMoZfwSWW2g\/bruna-4.jpg 984w, https:\/\/s2.glbimg.com\/kgEMp7hsQzrzoax3gHaRGYI0m8I=\/0x0:1600x900\/640x0\/smart\/filters:strip_icc()\/i.s3.glbimg.com\/v1\/AUTH_59edd422c0c84a879bd37670ae4f538a\/internal_photos\/bs\/2022\/0\/9\/v1qm6ESXCzMoZfwSWW2g\/bruna-4.jpg 640w, https:\/\/s2.glbimg.com\/_Nt0X9rKavmY1Sa4wg6wMa78ceM=\/0x0:1600x900\/600x0\/smart\/filters:strip_icc()\/i.s3.glbimg.com\/v1\/AUTH_59edd422c0c84a879bd37670ae4f538a\/internal_photos\/bs\/2022\/0\/9\/v1qm6ESXCzMoZfwSWW2g\/bruna-4.jpg 600w\" alt=\"Duas pessoas morreram na Rodovia J\u00falio Budiski (SP-501), em \u00c1lvares Machado (SP) \u2014 Foto: Bruna Bachega\/TV Fronteira\" \/><\/figure>\n<\/div>\n<p class=\"content-media__description \">Duas pessoas morreram na Rodovia J\u00falio Budiski (SP-501), em \u00c1lvares Machado (SP) \u2014 Foto: Bruna Bachega\/TV Fronteira<\/p>\n<\/div>\n<\/div>\n<div class=\"content-ads content-ads--reveal\" style=\"text-align: justify;\" data-block-type=\"ads\" data-block-id=\"27\">\n<div class=\"tag-manager-publicidade-container mc-has-reveal mc-has-ad-lazyload\" data-id=\"banner_materia__ac17832c-87cb-4cf6-a114-0e5b596ef3a6\"><\/div>\n<\/div>\n<div class=\"row medium-uncollapsed content-media content-photo\" style=\"text-align: justify;\" data-block-type=\"backstage-photo\" data-block-id=\"28\">\n<div class=\"mc-column content-media__container\">\n<div class=\"content-media-container glb-skeleton-box\">\n<figure class=\"content-media-figure\"><img decoding=\"async\" class=\"i-amphtml-fill-content i-amphtml-replaced-content\" src=\"https:\/\/s2.glbimg.com\/icZWGMF_lKsCzIqpiSKY0AGw-Ow=\/0x0:1600x900\/984x0\/smart\/filters:strip_icc()\/i.s3.glbimg.com\/v1\/AUTH_59edd422c0c84a879bd37670ae4f538a\/internal_photos\/bs\/2022\/B\/8\/o02Mw6RICxOCt9aVBdsQ\/bruna-5.jpg\" sizes=\"(max-width: 1366px) 648px, 100vw\" srcset=\"https:\/\/s2.glbimg.com\/sKERhmy072whjvv3N23KC8Y6Gm4=\/0x0:1600x900\/1000x0\/smart\/filters:strip_icc()\/i.s3.glbimg.com\/v1\/AUTH_59edd422c0c84a879bd37670ae4f538a\/internal_photos\/bs\/2022\/B\/8\/o02Mw6RICxOCt9aVBdsQ\/bruna-5.jpg 1000w, https:\/\/s2.glbimg.com\/icZWGMF_lKsCzIqpiSKY0AGw-Ow=\/0x0:1600x900\/984x0\/smart\/filters:strip_icc()\/i.s3.glbimg.com\/v1\/AUTH_59edd422c0c84a879bd37670ae4f538a\/internal_photos\/bs\/2022\/B\/8\/o02Mw6RICxOCt9aVBdsQ\/bruna-5.jpg 984w, https:\/\/s2.glbimg.com\/TAztcuSTVSdRrZzmHtuyzoOd3Fo=\/0x0:1600x900\/640x0\/smart\/filters:strip_icc()\/i.s3.glbimg.com\/v1\/AUTH_59edd422c0c84a879bd37670ae4f538a\/internal_photos\/bs\/2022\/B\/8\/o02Mw6RICxOCt9aVBdsQ\/bruna-5.jpg 640w, https:\/\/s2.glbimg.com\/O8SpRyEF2VZ5Q3FlteY_i454Ku0=\/0x0:1600x900\/600x0\/smart\/filters:strip_icc()\/i.s3.glbimg.com\/v1\/AUTH_59edd422c0c84a879bd37670ae4f538a\/internal_photos\/bs\/2022\/B\/8\/o02Mw6RICxOCt9aVBdsQ\/bruna-5.jpg 600w\" alt=\"Duas pessoas morreram na Rodovia J\u00falio Budiski (SP-501), em \u00c1lvares Machado (SP) \u2014 Foto: Bruna Bachega\/TV Fronteira\" \/><\/figure>\n<\/div>\n<p class=\"content-media__description \">Duas pessoas morreram na Rodovia J\u00falio Budiski (SP-501), em \u00c1lvares Machado (SP) \u2014 Foto: Bruna Bachega\/TV Fronteira<\/p>\n<\/div>\n<\/div>\n<div class=\"row medium-uncollapsed content-media content-photo\" style=\"text-align: justify;\" data-block-type=\"backstage-photo\" data-block-id=\"29\">\n<div class=\"mc-column content-media__container\">\n<div class=\"content-media-container glb-skeleton-box\">\n<figure class=\"content-media-figure\"><img decoding=\"async\" class=\"i-amphtml-fill-content i-amphtml-replaced-content\" src=\"https:\/\/s2.glbimg.com\/NfGOSzyIaIyaBHV1Yl7NN6pBNiE=\/0x0:1600x900\/984x0\/smart\/filters:strip_icc()\/i.s3.glbimg.com\/v1\/AUTH_59edd422c0c84a879bd37670ae4f538a\/internal_photos\/bs\/2022\/V\/Q\/XEGhkNSAOsa1quiaiDmw\/bruna-6.jpg\" sizes=\"(max-width: 1366px) 648px, 100vw\" srcset=\"https:\/\/s2.glbimg.com\/mz7dtHrz-AkObni3nUMjzrYTQ9c=\/0x0:1600x900\/1000x0\/smart\/filters:strip_icc()\/i.s3.glbimg.com\/v1\/AUTH_59edd422c0c84a879bd37670ae4f538a\/internal_photos\/bs\/2022\/V\/Q\/XEGhkNSAOsa1quiaiDmw\/bruna-6.jpg 1000w, https:\/\/s2.glbimg.com\/NfGOSzyIaIyaBHV1Yl7NN6pBNiE=\/0x0:1600x900\/984x0\/smart\/filters:strip_icc()\/i.s3.glbimg.com\/v1\/AUTH_59edd422c0c84a879bd37670ae4f538a\/internal_photos\/bs\/2022\/V\/Q\/XEGhkNSAOsa1quiaiDmw\/bruna-6.jpg 984w, https:\/\/s2.glbimg.com\/CdO_V3rCRJYFyYxyUf0juElR2Ow=\/0x0:1600x900\/640x0\/smart\/filters:strip_icc()\/i.s3.glbimg.com\/v1\/AUTH_59edd422c0c84a879bd37670ae4f538a\/internal_photos\/bs\/2022\/V\/Q\/XEGhkNSAOsa1quiaiDmw\/bruna-6.jpg 640w, https:\/\/s2.glbimg.com\/zM8ADrIrI9sTbHBLuJPajvP5np8=\/0x0:1600x900\/600x0\/smart\/filters:strip_icc()\/i.s3.glbimg.com\/v1\/AUTH_59edd422c0c84a879bd37670ae4f538a\/internal_photos\/bs\/2022\/V\/Q\/XEGhkNSAOsa1quiaiDmw\/bruna-6.jpg 600w\" alt=\"Duas pessoas morreram na Rodovia J\u00falio Budiski (SP-501), em \u00c1lvares Machado (SP) \u2014 Foto: Bruna Bachega\/TV Fronteira\" \/><\/figure>\n<\/div>\n<p class=\"content-media__description \">Duas pessoas morreram na Rodovia J\u00falio Budiski (SP-501), em \u00c1lvares Machado (SP) \u2014 Foto: Bruna Bachega\/TV Fronteira<\/p>\n<\/div>\n<\/div>\n<div class=\"content-ads content-ads--reveal\" style=\"text-align: justify;\" data-block-type=\"ads\" data-block-id=\"30\">\n<div class=\"tag-manager-publicidade-container mc-has-reveal mc-has-ad-lazyload\" data-id=\"banner_materia__41c5bfbf-28f3-42a5-b4f2-209587b288f9\"><\/div>\n<\/div>\n<div class=\"row medium-uncollapsed content-media content-photo\" style=\"text-align: justify;\" data-block-type=\"backstage-photo\" data-block-id=\"31\">\n<div class=\"mc-column content-media__container\">\n<div class=\"content-media-container glb-skeleton-box\">\n<figure class=\"content-media-figure\"><img decoding=\"async\" class=\"i-amphtml-fill-content i-amphtml-replaced-content\" src=\"https:\/\/s2.glbimg.com\/Z1kLy3X5_JmLmArBBuCnTe_PIfM=\/0x0:1600x900\/984x0\/smart\/filters:strip_icc()\/i.s3.glbimg.com\/v1\/AUTH_59edd422c0c84a879bd37670ae4f538a\/internal_photos\/bs\/2022\/9\/q\/FBfOFSRXGNFwBU3elJBQ\/bruna-7.jpg\" sizes=\"(max-width: 1366px) 648px, 100vw\" srcset=\"https:\/\/s2.glbimg.com\/XtJPifOU5u4svnamYIgbF4HLTas=\/0x0:1600x900\/1000x0\/smart\/filters:strip_icc()\/i.s3.glbimg.com\/v1\/AUTH_59edd422c0c84a879bd37670ae4f538a\/internal_photos\/bs\/2022\/9\/q\/FBfOFSRXGNFwBU3elJBQ\/bruna-7.jpg 1000w, https:\/\/s2.glbimg.com\/Z1kLy3X5_JmLmArBBuCnTe_PIfM=\/0x0:1600x900\/984x0\/smart\/filters:strip_icc()\/i.s3.glbimg.com\/v1\/AUTH_59edd422c0c84a879bd37670ae4f538a\/internal_photos\/bs\/2022\/9\/q\/FBfOFSRXGNFwBU3elJBQ\/bruna-7.jpg 984w, https:\/\/s2.glbimg.com\/-P8wdluCF8F6h6QPRz-m37NiPMw=\/0x0:1600x900\/640x0\/smart\/filters:strip_icc()\/i.s3.glbimg.com\/v1\/AUTH_59edd422c0c84a879bd37670ae4f538a\/internal_photos\/bs\/2022\/9\/q\/FBfOFSRXGNFwBU3elJBQ\/bruna-7.jpg 640w, https:\/\/s2.glbimg.com\/7cYJ_LlSOg6uSSqXE7y_La-D-fc=\/0x0:1600x900\/600x0\/smart\/filters:strip_icc()\/i.s3.glbimg.com\/v1\/AUTH_59edd422c0c84a879bd37670ae4f538a\/internal_photos\/bs\/2022\/9\/q\/FBfOFSRXGNFwBU3elJBQ\/bruna-7.jpg 600w\" alt=\"Duas pessoas morreram na Rodovia J\u00falio Budiski (SP-501), em \u00c1lvares Machado (SP) \u2014 Foto: Bruna Bachega\/TV Fronteira\" \/><\/figure>\n<\/div>\n<p class=\"content-media__description \">Duas pessoas morreram na Rodovia J\u00falio Budiski (SP-501), em \u00c1lvares Machado (SP) \u2014 Foto: Bruna Bachega\/TV Fronteira<\/p>\n<\/div>\n<\/div>\n<div class=\"row medium-uncollapsed content-media content-photo\" style=\"text-align: justify;\" data-block-type=\"backstage-photo\" data-block-id=\"32\">\n<div class=\"mc-column content-media__container\">\n<div class=\"content-media-container glb-skeleton-box\">\n<figure class=\"content-media-figure\"><img decoding=\"async\" class=\"i-amphtml-fill-content i-amphtml-replaced-content\" src=\"https:\/\/s2.glbimg.com\/DgWOMaXri6GfJcTBW1lw7drPc4Y=\/0x0:1600x900\/984x0\/smart\/filters:strip_icc()\/i.s3.glbimg.com\/v1\/AUTH_59edd422c0c84a879bd37670ae4f538a\/internal_photos\/bs\/2022\/j\/o\/4mqAzDQwuEqN9DE0kwfA\/bruna-8.jpg\" sizes=\"(max-width: 1366px) 648px, 100vw\" srcset=\"https:\/\/s2.glbimg.com\/cIUqhgnfuQ59BRdv6gCAPIMFmDQ=\/0x0:1600x900\/1000x0\/smart\/filters:strip_icc()\/i.s3.glbimg.com\/v1\/AUTH_59edd422c0c84a879bd37670ae4f538a\/internal_photos\/bs\/2022\/j\/o\/4mqAzDQwuEqN9DE0kwfA\/bruna-8.jpg 1000w, https:\/\/s2.glbimg.com\/DgWOMaXri6GfJcTBW1lw7drPc4Y=\/0x0:1600x900\/984x0\/smart\/filters:strip_icc()\/i.s3.glbimg.com\/v1\/AUTH_59edd422c0c84a879bd37670ae4f538a\/internal_photos\/bs\/2022\/j\/o\/4mqAzDQwuEqN9DE0kwfA\/bruna-8.jpg 984w, https:\/\/s2.glbimg.com\/SUIhMCdRbwmVuP8KgN0TCSStbXY=\/0x0:1600x900\/640x0\/smart\/filters:strip_icc()\/i.s3.glbimg.com\/v1\/AUTH_59edd422c0c84a879bd37670ae4f538a\/internal_photos\/bs\/2022\/j\/o\/4mqAzDQwuEqN9DE0kwfA\/bruna-8.jpg 640w, https:\/\/s2.glbimg.com\/YQpJRPuKWECpQ0QoTDsOiU_mmSk=\/0x0:1600x900\/600x0\/smart\/filters:strip_icc()\/i.s3.glbimg.com\/v1\/AUTH_59edd422c0c84a879bd37670ae4f538a\/internal_photos\/bs\/2022\/j\/o\/4mqAzDQwuEqN9DE0kwfA\/bruna-8.jpg 600w\" alt=\"Duas pessoas morreram na Rodovia J\u00falio Budiski (SP-501), em \u00c1lvares Machado (SP) \u2014 Foto: Bruna Bachega\/TV Fronteira\" \/><\/figure>\n<\/div>\n<p class=\"content-media__description \">Duas pessoas morreram na Rodovia J\u00falio Budiski (SP-501), em \u00c1lvares Machado (SP) \u2014 Foto: Bruna Bachega\/TV Fronteira<\/p>\n<\/div>\n<\/div>\n<div class=\"content-ads content-ads--reveal\" style=\"text-align: justify;\" data-block-type=\"ads\" data-block-id=\"33\">\n<div class=\"tag-manager-publicidade-container mc-has-reveal mc-has-ad-lazyload\" data-id=\"banner_materia__cf9a4cda-4daf-40a5-bdfe-0f549af1fe1f\"><\/div>\n<\/div>\n<div class=\"row medium-uncollapsed content-media content-photo\" style=\"text-align: justify;\" data-block-type=\"backstage-photo\" data-block-id=\"34\">\n<div class=\"mc-column content-media__container\">\n<div class=\"content-media-container glb-skeleton-box\">\n<figure class=\"content-media-figure\"><img decoding=\"async\" class=\"i-amphtml-fill-content i-amphtml-replaced-content\" src=\"https:\/\/s2.glbimg.com\/xp-z5eDYU821xhXxG7DrdR1cnTQ=\/0x0:1600x900\/984x0\/smart\/filters:strip_icc()\/i.s3.glbimg.com\/v1\/AUTH_59edd422c0c84a879bd37670ae4f538a\/internal_photos\/bs\/2022\/Q\/4\/3RYm7XS7OACTBGt8noBA\/bruna-9.jpg\" sizes=\"(max-width: 1366px) 648px, 100vw\" srcset=\"https:\/\/s2.glbimg.com\/UEeo5VJ2gyUGiLTxuVimnwdBx28=\/0x0:1600x900\/1000x0\/smart\/filters:strip_icc()\/i.s3.glbimg.com\/v1\/AUTH_59edd422c0c84a879bd37670ae4f538a\/internal_photos\/bs\/2022\/Q\/4\/3RYm7XS7OACTBGt8noBA\/bruna-9.jpg 1000w, https:\/\/s2.glbimg.com\/xp-z5eDYU821xhXxG7DrdR1cnTQ=\/0x0:1600x900\/984x0\/smart\/filters:strip_icc()\/i.s3.glbimg.com\/v1\/AUTH_59edd422c0c84a879bd37670ae4f538a\/internal_photos\/bs\/2022\/Q\/4\/3RYm7XS7OACTBGt8noBA\/bruna-9.jpg 984w, https:\/\/s2.glbimg.com\/P6mu7PiVASipbshBg30193MyJ6E=\/0x0:1600x900\/640x0\/smart\/filters:strip_icc()\/i.s3.glbimg.com\/v1\/AUTH_59edd422c0c84a879bd37670ae4f538a\/internal_photos\/bs\/2022\/Q\/4\/3RYm7XS7OACTBGt8noBA\/bruna-9.jpg 640w, https:\/\/s2.glbimg.com\/FtDHx3LT1a1aAsYH-HZl_tme08w=\/0x0:1600x900\/600x0\/smart\/filters:strip_icc()\/i.s3.glbimg.com\/v1\/AUTH_59edd422c0c84a879bd37670ae4f538a\/internal_photos\/bs\/2022\/Q\/4\/3RYm7XS7OACTBGt8noBA\/bruna-9.jpg 600w\" alt=\"Duas pessoas morreram na Rodovia J\u00falio Budiski (SP-501), em \u00c1lvares Machado (SP) \u2014 Foto: Bruna Bachega\/TV Fronteira\" \/><\/figure>\n<\/div>\n<p class=\"content-media__description \">Duas pessoas morreram na Rodovia J\u00falio Budiski (SP-501), em \u00c1lvares Machado (SP) \u2014 Foto: Bruna Bachega\/TV Fronteira<\/p>\n<\/div>\n<\/div>\n<div class=\"row medium-uncollapsed content-media content-photo\" style=\"text-align: justify;\" data-block-type=\"backstage-photo\" data-block-id=\"35\">\n<div class=\"mc-column content-media__container\">\n<div class=\"content-media-container glb-skeleton-box\">\n<figure class=\"content-media-figure\"><img decoding=\"async\" class=\"i-amphtml-fill-content i-amphtml-replaced-content\" src=\"https:\/\/s2.glbimg.com\/1yJVXq8TEtqfcj57kUU-E3UECVQ=\/0x0:1600x900\/984x0\/smart\/filters:strip_icc()\/i.s3.glbimg.com\/v1\/AUTH_59edd422c0c84a879bd37670ae4f538a\/internal_photos\/bs\/2022\/i\/r\/VLsAM6R0Cg8mTaNDkuog\/bruna-10.jpg\" sizes=\"(max-width: 1366px) 648px, 100vw\" srcset=\"https:\/\/s2.glbimg.com\/5GSn5Yyb0NBHP516VTXB7FLkGJ8=\/0x0:1600x900\/1000x0\/smart\/filters:strip_icc()\/i.s3.glbimg.com\/v1\/AUTH_59edd422c0c84a879bd37670ae4f538a\/internal_photos\/bs\/2022\/i\/r\/VLsAM6R0Cg8mTaNDkuog\/bruna-10.jpg 1000w, https:\/\/s2.glbimg.com\/1yJVXq8TEtqfcj57kUU-E3UECVQ=\/0x0:1600x900\/984x0\/smart\/filters:strip_icc()\/i.s3.glbimg.com\/v1\/AUTH_59edd422c0c84a879bd37670ae4f538a\/internal_photos\/bs\/2022\/i\/r\/VLsAM6R0Cg8mTaNDkuog\/bruna-10.jpg 984w, https:\/\/s2.glbimg.com\/hJIEgDl6be5zPXv0DH8c2Yq2AUg=\/0x0:1600x900\/640x0\/smart\/filters:strip_icc()\/i.s3.glbimg.com\/v1\/AUTH_59edd422c0c84a879bd37670ae4f538a\/internal_photos\/bs\/2022\/i\/r\/VLsAM6R0Cg8mTaNDkuog\/bruna-10.jpg 640w, https:\/\/s2.glbimg.com\/Y7hwNYR_A3X4yqMtSlYxNItue18=\/0x0:1600x900\/600x0\/smart\/filters:strip_icc()\/i.s3.glbimg.com\/v1\/AUTH_59edd422c0c84a879bd37670ae4f538a\/internal_photos\/bs\/2022\/i\/r\/VLsAM6R0Cg8mTaNDkuog\/bruna-10.jpg 600w\" alt=\"Duas pessoas morreram na Rodovia J\u00falio Budiski (SP-501), em \u00c1lvares Machado (SP) \u2014 Foto: Bruna Bachega\/TV Fronteira\" \/><\/figure>\n<\/div>\n<p class=\"content-media__description \">Duas pessoas morreram na Rodovia J\u00falio Budiski (SP-501), em \u00c1lvares Machado (SP) \u2014 Foto: Bruna Bachega\/TV Fronteira<\/p>\n<\/div>\n<\/div>\n<div class=\"content-ads content-ads--reveal\" style=\"text-align: justify;\" data-block-type=\"ads\" data-block-id=\"36\">\n<div class=\"tag-manager-publicidade-container mc-has-reveal mc-has-ad-lazyload\" data-id=\"banner_materia__a669f965-eea0-4767-9038-398e30fd5bd2\"><\/div>\n<\/div>\n<div class=\"row medium-uncollapsed content-media content-photo\" style=\"text-align: justify;\" data-block-type=\"backstage-photo\" data-block-id=\"37\">\n<div class=\"mc-column content-media__container\">\n<div class=\"content-media-container glb-skeleton-box\">\n<figure class=\"content-media-figure\"><img decoding=\"async\" class=\"i-amphtml-fill-content i-amphtml-replaced-content\" src=\"https:\/\/s2.glbimg.com\/HYAgO4ZjIbpGBqAcNsBdhDqdM6E=\/0x0:1600x900\/984x0\/smart\/filters:strip_icc()\/i.s3.glbimg.com\/v1\/AUTH_59edd422c0c84a879bd37670ae4f538a\/internal_photos\/bs\/2022\/b\/3\/BDssm9RoiiXxn2x9vubA\/bruna-11.jpg\" sizes=\"(max-width: 1366px) 648px, 100vw\" srcset=\"https:\/\/s2.glbimg.com\/LSbHc7xj7Urk-jE8Um4Fpzesbs0=\/0x0:1600x900\/1000x0\/smart\/filters:strip_icc()\/i.s3.glbimg.com\/v1\/AUTH_59edd422c0c84a879bd37670ae4f538a\/internal_photos\/bs\/2022\/b\/3\/BDssm9RoiiXxn2x9vubA\/bruna-11.jpg 1000w, https:\/\/s2.glbimg.com\/HYAgO4ZjIbpGBqAcNsBdhDqdM6E=\/0x0:1600x900\/984x0\/smart\/filters:strip_icc()\/i.s3.glbimg.com\/v1\/AUTH_59edd422c0c84a879bd37670ae4f538a\/internal_photos\/bs\/2022\/b\/3\/BDssm9RoiiXxn2x9vubA\/bruna-11.jpg 984w, https:\/\/s2.glbimg.com\/X_4rWbbgNoPsaj02GVHnfB5Jfls=\/0x0:1600x900\/640x0\/smart\/filters:strip_icc()\/i.s3.glbimg.com\/v1\/AUTH_59edd422c0c84a879bd37670ae4f538a\/internal_photos\/bs\/2022\/b\/3\/BDssm9RoiiXxn2x9vubA\/bruna-11.jpg 640w, https:\/\/s2.glbimg.com\/V8xoyNpGc5O7nJFIRF9ZDbvntk0=\/0x0:1600x900\/600x0\/smart\/filters:strip_icc()\/i.s3.glbimg.com\/v1\/AUTH_59edd422c0c84a879bd37670ae4f538a\/internal_photos\/bs\/2022\/b\/3\/BDssm9RoiiXxn2x9vubA\/bruna-11.jpg 600w\" alt=\"Duas pessoas morreram na Rodovia J\u00falio Budiski (SP-501), em \u00c1lvares Machado (SP) \u2014 Foto: Bruna Bachega\/TV Fronteira\" \/><\/figure>\n<\/div>\n<p class=\"content-media__description \">Duas pessoas morreram na Rodovia J\u00falio Budiski (SP-501), em \u00c1lvares Machado (SP) \u2014 Foto: Bruna Bachega\/TV Fronteira<\/p>\n<\/div>\n<\/div>\n<div class=\"row medium-uncollapsed content-media content-photo\" style=\"text-align: justify;\" data-block-type=\"backstage-photo\" data-block-id=\"38\">\n<div class=\"mc-column content-media__container\">\n<div class=\"content-media-container glb-skeleton-box\">\n<figure class=\"content-media-figure\"><img decoding=\"async\" class=\"i-amphtml-fill-content i-amphtml-replaced-content\" src=\"https:\/\/s2.glbimg.com\/wrysVIqSOrTvBVBC_qqOf-wUTrI=\/0x0:1600x900\/984x0\/smart\/filters:strip_icc()\/i.s3.glbimg.com\/v1\/AUTH_59edd422c0c84a879bd37670ae4f538a\/internal_photos\/bs\/2022\/q\/G\/mwEFJqROmfyzqBfni9Kw\/bruna-12.jpg\" sizes=\"(max-width: 1366px) 648px, 100vw\" srcset=\"https:\/\/s2.glbimg.com\/95h9uzT7Lb1NQ_RsLfm_iMzx92M=\/0x0:1600x900\/1000x0\/smart\/filters:strip_icc()\/i.s3.glbimg.com\/v1\/AUTH_59edd422c0c84a879bd37670ae4f538a\/internal_photos\/bs\/2022\/q\/G\/mwEFJqROmfyzqBfni9Kw\/bruna-12.jpg 1000w, https:\/\/s2.glbimg.com\/wrysVIqSOrTvBVBC_qqOf-wUTrI=\/0x0:1600x900\/984x0\/smart\/filters:strip_icc()\/i.s3.glbimg.com\/v1\/AUTH_59edd422c0c84a879bd37670ae4f538a\/internal_photos\/bs\/2022\/q\/G\/mwEFJqROmfyzqBfni9Kw\/bruna-12.jpg 984w, https:\/\/s2.glbimg.com\/vvWvEQkWubjkGpFiQwUEuJfTtD4=\/0x0:1600x900\/640x0\/smart\/filters:strip_icc()\/i.s3.glbimg.com\/v1\/AUTH_59edd422c0c84a879bd37670ae4f538a\/internal_photos\/bs\/2022\/q\/G\/mwEFJqROmfyzqBfni9Kw\/bruna-12.jpg 640w, https:\/\/s2.glbimg.com\/U5yQs5GUWZGawPgVLXvGLxpCdD0=\/0x0:1600x900\/600x0\/smart\/filters:strip_icc()\/i.s3.glbimg.com\/v1\/AUTH_59edd422c0c84a879bd37670ae4f538a\/internal_photos\/bs\/2022\/q\/G\/mwEFJqROmfyzqBfni9Kw\/bruna-12.jpg 600w\" alt=\"Duas pessoas morreram na Rodovia J\u00falio Budiski (SP-501), em \u00c1lvares Machado (SP) \u2014 Foto: Bruna Bachega\/TV Fronteira\" \/><\/figure>\n<\/div>\n<p class=\"content-media__description \">Duas pessoas morreram na Rodovia J\u00falio Budiski (SP-501), em \u00c1lvares Machado (SP) \u2014 Foto: Bruna Bachega\/TV Fronteira<\/p>\n<\/div>\n<\/div>\n<div class=\"content-ads content-ads--reveal\" style=\"text-align: justify;\" data-block-type=\"ads\" data-block-id=\"39\">\n<div class=\"tag-manager-publicidade-container mc-has-reveal mc-has-ad-lazyload\" data-id=\"banner_materia__32649cbe-87ce-4327-96c0-c7cecb2259f9\"><\/div>\n<\/div>\n<div class=\"row medium-uncollapsed content-media content-photo\" style=\"text-align: justify;\" data-block-type=\"backstage-photo\" data-block-id=\"40\">\n<div class=\"mc-column content-media__container\">\n<div class=\"content-media-container glb-skeleton-box\">\n<figure class=\"content-media-figure\"><img decoding=\"async\" class=\"i-amphtml-fill-content i-amphtml-replaced-content\" src=\"https:\/\/s2.glbimg.com\/qugi57n8az5uaXnj4Ji37_cf4kg=\/0x0:1600x900\/984x0\/smart\/filters:strip_icc()\/i.s3.glbimg.com\/v1\/AUTH_59edd422c0c84a879bd37670ae4f538a\/internal_photos\/bs\/2022\/N\/a\/AJSCSMS1COae06KlPT6A\/bruna-13.jpg\" sizes=\"(max-width: 1366px) 648px, 100vw\" srcset=\"https:\/\/s2.glbimg.com\/l1MLrnjcSPqwvGzKpGxAQ4P5ce8=\/0x0:1600x900\/1000x0\/smart\/filters:strip_icc()\/i.s3.glbimg.com\/v1\/AUTH_59edd422c0c84a879bd37670ae4f538a\/internal_photos\/bs\/2022\/N\/a\/AJSCSMS1COae06KlPT6A\/bruna-13.jpg 1000w, https:\/\/s2.glbimg.com\/qugi57n8az5uaXnj4Ji37_cf4kg=\/0x0:1600x900\/984x0\/smart\/filters:strip_icc()\/i.s3.glbimg.com\/v1\/AUTH_59edd422c0c84a879bd37670ae4f538a\/internal_photos\/bs\/2022\/N\/a\/AJSCSMS1COae06KlPT6A\/bruna-13.jpg 984w, https:\/\/s2.glbimg.com\/OdHczeMURAWROyiUd1deT_MUuh8=\/0x0:1600x900\/640x0\/smart\/filters:strip_icc()\/i.s3.glbimg.com\/v1\/AUTH_59edd422c0c84a879bd37670ae4f538a\/internal_photos\/bs\/2022\/N\/a\/AJSCSMS1COae06KlPT6A\/bruna-13.jpg 640w, https:\/\/s2.glbimg.com\/Atf2dMSvH_LGiqG_g9SOP9B8fV4=\/0x0:1600x900\/600x0\/smart\/filters:strip_icc()\/i.s3.glbimg.com\/v1\/AUTH_59edd422c0c84a879bd37670ae4f538a\/internal_photos\/bs\/2022\/N\/a\/AJSCSMS1COae06KlPT6A\/bruna-13.jpg 600w\" alt=\"Duas pessoas morreram na Rodovia J\u00falio Budiski (SP-501), em \u00c1lvares Machado (SP) \u2014 Foto: Bruna Bachega\/TV Fronteira\" \/><\/figure>\n<\/div>\n<p class=\"content-media__description \">Duas pessoas morreram na Rodovia J\u00falio Budiski (SP-501), em \u00c1lvares Machado (SP) \u2014 Foto: Bruna Bachega\/TV Fronteira<\/p>\n<\/div>\n<\/div>\n<div class=\"row medium-uncollapsed content-media content-photo\" style=\"text-align: justify;\" data-block-type=\"backstage-photo\" data-block-id=\"41\">\n<div class=\"mc-column content-media__container\">\n<div class=\"content-media-container glb-skeleton-box\">\n<figure class=\"content-media-figure\"><img decoding=\"async\" class=\"i-amphtml-fill-content i-amphtml-replaced-content\" src=\"https:\/\/s2.glbimg.com\/FNNgeo-2peXoqkbxQov903LB2xM=\/0x0:1024x768\/984x0\/smart\/filters:strip_icc()\/i.s3.glbimg.com\/v1\/AUTH_59edd422c0c84a879bd37670ae4f538a\/internal_photos\/bs\/2022\/l\/O\/1mNFDcQuWSGB4HigY8kg\/pmr-1.jpg\" sizes=\"(max-width: 1366px) 648px, 100vw\" srcset=\"https:\/\/s2.glbimg.com\/5MhFgqg6skGXJgarFAQ1klXtKos=\/0x0:1024x768\/1000x0\/smart\/filters:strip_icc()\/i.s3.glbimg.com\/v1\/AUTH_59edd422c0c84a879bd37670ae4f538a\/internal_photos\/bs\/2022\/l\/O\/1mNFDcQuWSGB4HigY8kg\/pmr-1.jpg 1000w, https:\/\/s2.glbimg.com\/FNNgeo-2peXoqkbxQov903LB2xM=\/0x0:1024x768\/984x0\/smart\/filters:strip_icc()\/i.s3.glbimg.com\/v1\/AUTH_59edd422c0c84a879bd37670ae4f538a\/internal_photos\/bs\/2022\/l\/O\/1mNFDcQuWSGB4HigY8kg\/pmr-1.jpg 984w, https:\/\/s2.glbimg.com\/SOz773DVEyQqJULPV2bVgcEG0r8=\/0x0:1024x768\/640x0\/smart\/filters:strip_icc()\/i.s3.glbimg.com\/v1\/AUTH_59edd422c0c84a879bd37670ae4f538a\/internal_photos\/bs\/2022\/l\/O\/1mNFDcQuWSGB4HigY8kg\/pmr-1.jpg 640w, https:\/\/s2.glbimg.com\/UkVNlPpQhBVdO_yDUsEXcZUr-dY=\/0x0:1024x768\/600x0\/smart\/filters:strip_icc()\/i.s3.glbimg.com\/v1\/AUTH_59edd422c0c84a879bd37670ae4f538a\/internal_photos\/bs\/2022\/l\/O\/1mNFDcQuWSGB4HigY8kg\/pmr-1.jpg 600w\" alt=\"Duas pessoas morreram na Rodovia J\u00falio Budiski (SP-501), em \u00c1lvares Machado (SP) \u2014 Foto: Pol\u00edcia Militar Rodovi\u00e1ria\" \/><\/figure>\n<\/div>\n<p class=\"content-media__description \">Duas pessoas morreram na Rodovia J\u00falio Budiski (SP-501), em \u00c1lvares Machado (SP) \u2014 Foto: Pol\u00edcia Militar Rodovi\u00e1ria<\/p>\n<\/div>\n<\/div>\n<div class=\"content-ads content-ads--reveal\" style=\"text-align: justify;\" data-block-type=\"ads\" data-block-id=\"42\">\n<div class=\"tag-manager-publicidade-container mc-has-reveal mc-has-ad-lazyload\" data-id=\"banner_materia__4a56a077-7f51-4500-868e-ddf57c7a0c90\"><\/div>\n<\/div>\n<div class=\"row medium-uncollapsed content-media content-photo\" data-block-type=\"backstage-photo\" data-block-id=\"43\">\n<div class=\"mc-column content-media__container\">\n<div class=\"content-media-container glb-skeleton-box\" style=\"text-align: justify;\">\n<figure class=\"content-media-figure\"><img decoding=\"async\" class=\"i-amphtml-fill-content i-amphtml-replaced-content\" src=\"https:\/\/s2.glbimg.com\/GhNYsg1znE0kSVU9aGcavmpO6qQ=\/0x0:1024x768\/984x0\/smart\/filters:strip_icc()\/i.s3.glbimg.com\/v1\/AUTH_59edd422c0c84a879bd37670ae4f538a\/internal_photos\/bs\/2022\/Y\/F\/Nut27eRNmW9ueOwT52YQ\/pmr-2.jpg\" sizes=\"(max-width: 1366px) 648px, 100vw\" srcset=\"https:\/\/s2.glbimg.com\/UCIDtWzeukq-S904bgjp9xEGBV4=\/0x0:1024x768\/1000x0\/smart\/filters:strip_icc()\/i.s3.glbimg.com\/v1\/AUTH_59edd422c0c84a879bd37670ae4f538a\/internal_photos\/bs\/2022\/Y\/F\/Nut27eRNmW9ueOwT52YQ\/pmr-2.jpg 1000w, https:\/\/s2.glbimg.com\/GhNYsg1znE0kSVU9aGcavmpO6qQ=\/0x0:1024x768\/984x0\/smart\/filters:strip_icc()\/i.s3.glbimg.com\/v1\/AUTH_59edd422c0c84a879bd37670ae4f538a\/internal_photos\/bs\/2022\/Y\/F\/Nut27eRNmW9ueOwT52YQ\/pmr-2.jpg 984w, https:\/\/s2.glbimg.com\/pRrA1mBJkQACrcIUiCwE7z1WDAw=\/0x0:1024x768\/640x0\/smart\/filters:strip_icc()\/i.s3.glbimg.com\/v1\/AUTH_59edd422c0c84a879bd37670ae4f538a\/internal_photos\/bs\/2022\/Y\/F\/Nut27eRNmW9ueOwT52YQ\/pmr-2.jpg 640w, https:\/\/s2.glbimg.com\/Q_CKHphdND9JjXuJ-G50zZHdFMU=\/0x0:1024x768\/600x0\/smart\/filters:strip_icc()\/i.s3.glbimg.com\/v1\/AUTH_59edd422c0c84a879bd37670ae4f538a\/internal_photos\/bs\/2022\/Y\/F\/Nut27eRNmW9ueOwT52YQ\/pmr-2.jpg 600w\" alt=\"Duas pessoas morreram na Rodovia J\u00falio Budiski (SP-501), em \u00c1lvares Machado (SP) \u2014 Foto: Pol\u00edcia Militar Rodovi\u00e1ria\" \/><\/figure>\n<\/div>\n<p class=\"content-media__description \" style=\"text-align: justify;\">Duas pessoas morreram na Rodovia J\u00falio Budiski (SP-501), em \u00c1lvares Machado (SP) \u2014 Foto: Pol\u00edcia Militar Rodovi\u00e1ria<\/p>\n<p>Fonte G1 e PMR.<\/p>\n<\/div>\n<\/div>\n<\/div>\n<\/article>\n<\/div>\n","protected":false},"excerpt":{"rendered":"<p>V\u00edtimas, identificadas como Daniel Alexandre de Almeida, de 28 anos, e Al\u00edpio Novais Neto, de 18 anos, moravam em Santo Expedito (SP). Duas pessoas morreram na Rodovia J\u00falio Budiski (SP-501), em \u00c1lvares Machado (SP) \u2014 Foto: Cedida Dois homens, de 18 e 28 anos, morreram em decorr\u00eancia de um grave acidente de tr\u00e2nsito que envolveu [&hellip;]<\/p>\n","protected":false},"author":1,"featured_media":70226,"comment_status":"closed","ping_status":"open","sticky":false,"template":"","format":"standard","meta":{"footnotes":""},"categories":[170,110],"tags":[],"class_list":["post-70225","post","type-post","status-publish","format-standard","has-post-thumbnail","hentry","category-acidentes","category-noticiasdestaque"],"_links":{"self":[{"href":"https:\/\/jorgezanoni.com.br\/2019\/wp-json\/wp\/v2\/posts\/70225","targetHints":{"allow":["GET"]}}],"collection":[{"href":"https:\/\/jorgezanoni.com.br\/2019\/wp-json\/wp\/v2\/posts"}],"about":[{"href":"https:\/\/jorgezanoni.com.br\/2019\/wp-json\/wp\/v2\/types\/post"}],"author":[{"embeddable":true,"href":"https:\/\/jorgezanoni.com.br\/2019\/wp-json\/wp\/v2\/users\/1"}],"replies":[{"embeddable":true,"href":"https:\/\/jorgezanoni.com.br\/2019\/wp-json\/wp\/v2\/comments?post=70225"}],"version-history":[{"count":1,"href":"https:\/\/jorgezanoni.com.br\/2019\/wp-json\/wp\/v2\/posts\/70225\/revisions"}],"predecessor-version":[{"id":70227,"href":"https:\/\/jorgezanoni.com.br\/2019\/wp-json\/wp\/v2\/posts\/70225\/revisions\/70227"}],"wp:featuredmedia":[{"embeddable":true,"href":"https:\/\/jorgezanoni.com.br\/2019\/wp-json\/wp\/v2\/media\/70226"}],"wp:attachment":[{"href":"https:\/\/jorgezanoni.com.br\/2019\/wp-json\/wp\/v2\/media?parent=70225"}],"wp:term":[{"taxonomy":"category","embeddable":true,"href":"https:\/\/jorgezanoni.com.br\/2019\/wp-json\/wp\/v2\/categories?post=70225"},{"taxonomy":"post_tag","embeddable":true,"href":"https:\/\/jorgezanoni.com.br\/2019\/wp-json\/wp\/v2\/tags?post=70225"}],"curies":[{"name":"wp","href":"https:\/\/api.w.org\/{rel}","templated":true}]}}