{"id":70202,"date":"2022-10-19T01:49:54","date_gmt":"2022-10-19T01:49:54","guid":{"rendered":"https:\/\/jorgezanoni.com.br\/2019\/?p=70202"},"modified":"2022-10-19T01:49:54","modified_gmt":"2022-10-19T01:49:54","slug":"o-comparsa-e-a-falsidade-provinciana-por-sergio-barbosa","status":"publish","type":"post","link":"https:\/\/jorgezanoni.com.br\/2019\/o-comparsa-e-a-falsidade-provinciana-por-sergio-barbosa\/","title":{"rendered":"O comparsa e a falsidade provinciana&#8230; (por S\u00e9rgio Barbosa)"},"content":{"rendered":"<p style=\"text-align: justify;\"><strong>O COMPARSA\u00a0 E A FALSIDADE PROVINCIANA&#8230;<\/strong><\/p>\n<p style=\"text-align: justify;\"><em>\u201cOs que comem demais s\u00e3o sempre os mais gordos; os que l\u00eaem demais nem sempre s\u00e3o os mais s\u00e1bios\u201d. (Montaigne)<\/em><\/p>\n<p style=\"text-align: justify;\"><strong><em>S\u00e9rgio Barbosa (*)<\/em><\/strong><\/p>\n<p style=\"text-align: justify;\">Num tempo, por\u00e9m, n\u00e3o muito tempo para os simples mortais provincianos, apareceu do nada para o tudo ou vice-versa, vai saber quais os interesses\u00a0 existentes por tr\u00e1s do panos como diz o velho dito tupiniquim, um jornaleco para destoar, como sempre, as propostas do poder p\u00fablico desta \u00e9poca, depois de algum tempo, ficou conhecido com o nome de \u201cO Comparsa\u201d&#8230;<\/p>\n<p style=\"text-align: justify;\">Neste meio termo, as negociatas se fizeram presentes de uma forma generalizada pelas trocas do \u201ctoma l\u00e1, da c\u00e1\u201d sem meios termos, afinal de contas, o que estava em jogo era, mais uma vez, a tal da licita\u00e7\u00e3o para publica\u00e7\u00e3o dos editais do poder p\u00fablico provinciano&#8230;<\/p>\n<p style=\"text-align: justify;\">O neg\u00f3cio foi executado, um dos ve\u00edculos impressos ficou com a fatia maior do bolo, o outro, negociou por \u201cbaixo dos panos\u201d sua fatia, menor neste caso, mas estaria pingando no bolso durante a vig\u00eancia daquele contrato escuso e ancorado pelo jogo, mais uma vez, viciado dos algozes de sempre em terras provincianas&#8230;<\/p>\n<p style=\"text-align: justify;\">O jornaleco \u201cO Comparsa\u201d acabou sendo devorado pelo outro ve\u00edculo, por\u00e9m, apenas durante a vig\u00eancia do \u201cac\u00f3rd\u00e3o\u201d, hoje, pode-se ficar com outro nome, que tal \u201cmensalinha\u201d, tendo em vista que o outro, ou seja, o tal do \u201cmensal\u00e3o do jefferson\u201d \u00e9 coisa do outro mundo para os simples mortais em terras provincianas, se bem que, os mesmos se acham acima do bem e do mal nas negociatas agendadas pelo celular para um desencontro a mais na prov\u00edncia&#8230;<\/p>\n<p style=\"text-align: justify;\">Por\u00e9m, depois de um tempo recebendo o \u201cmensalinha\u201d, tal pseudo-editor provinciano, mais pra precareta do que para qualquer outra coisa neste novo tempo que se chama hoje, retomou o controle do produto perec\u00edvel em pauta, pelas informa\u00e7\u00f5es das esquinas de uma prov\u00edncia qualquer, resolveu desativar o tal \u201ccomparsa\u201d para investir em outros projetos mais interessantes para a fam\u00edlia provinciana&#8230;<\/p>\n<p style=\"text-align: justify;\">Eis que, sem mais e sem menos, do nada para o nada, tamb\u00e9m, do tudo para o tudo, acontecem coisa do \u201carco da veia\u201d em terras provincianas com isto e mais aquilo, tal qual o outro invasor, o dito cujo ficou aparentemente \u201csem nada em que segurar\u201d por causa da sua op\u00e7\u00e3o imoral no meio de um jogo local&#8230;<\/p>\n<p style=\"text-align: justify;\">N\u00e3o se pode esquecer que neste tempo, aconteceram outras falcatruas patrocinadas pelos lados em foco, detonando v\u00e1rias cirandas provincianas para um leitor mais atento aos acontecimentos do momento&#8230;<\/p>\n<p style=\"text-align: justify;\">Ah! Estava esquecendo de uma sintonia quase perfeita aqui existente por meio de uma coluna denominada pela patente militar de certa ave tupiniquim, o mesmo se escondia atr\u00e1s desta patente av\u00edcola para destoar o cen\u00e1rio provinciano com suas ironias sobre o poder pelo poder local&#8230;<\/p>\n<p style=\"text-align: justify;\">Conversando com um amigo, resolvemos de comum acordo que ca\u00e7ar a sua patente militar de oficial pirata para soldado raso, por\u00e9m, agora, mais de acordo com suas falcatruas com os comparsas de uma falsidade provinciana&#8230;<\/p>\n<p style=\"text-align: justify;\">E tem mais, brincar com as palavras \u00e9 uma tarefa simples e complexa, pode-se considerar um exerc\u00edcio mental para os comunicadores de plant\u00e3o em terras provincianas, tamb\u00e9m, pode-se optar pela mediocridade textual, quando afirma o texto sagrado, por\u00e9m, manipulado quando afirma: \u201cjogar p\u00e9rolas aos porcos&#8230;\u201d<\/p>\n<p style=\"text-align: justify;\">N\u00e3o se pode exigir compreens\u00e3o dos mortais comuns provincianos frente \u00e0 mensagem camuflada do outro lado, todavia, os c\u00f3digos existem para serem decodificados pelos profissionais da comunica\u00e7\u00e3o, se poss\u00edvel, por\u00e9m, n\u00e3o necess\u00e1rio, \u201cdiplomados na \u00e1rea\u201d, claro, podem-se ficar, mais uma vez, com o dito tupiniquim, a saber: \u201ccada macaco no seu galho\u201d&#8230;<\/p>\n<p style=\"text-align: justify;\"><em>_______________________________________________<\/em><\/p>\n<p style=\"text-align: justify;\"><em>(*) Jornalista DIPLOMADO e professor universit\u00e1rio em Adamantina-SP.<\/em><\/p>\n<p style=\"text-align: justify;\"><em>e-mail: barbosa.sebar@gmail.com<\/em><\/p>\n","protected":false},"excerpt":{"rendered":"<p>O COMPARSA\u00a0 E A FALSIDADE PROVINCIANA&#8230; \u201cOs que comem demais s\u00e3o sempre os mais gordos; os que l\u00eaem demais nem sempre s\u00e3o os mais s\u00e1bios\u201d. (Montaigne) S\u00e9rgio Barbosa (*) Num tempo, por\u00e9m, n\u00e3o muito tempo para os simples mortais provincianos, apareceu do nada para o tudo ou vice-versa, vai saber quais os interesses\u00a0 existentes por [&hellip;]<\/p>\n","protected":false},"author":1,"featured_media":70203,"comment_status":"closed","ping_status":"open","sticky":false,"template":"","format":"standard","meta":{"footnotes":""},"categories":[175],"tags":[],"class_list":["post-70202","post","type-post","status-publish","format-standard","has-post-thumbnail","hentry","category-artigos"],"_links":{"self":[{"href":"https:\/\/jorgezanoni.com.br\/2019\/wp-json\/wp\/v2\/posts\/70202","targetHints":{"allow":["GET"]}}],"collection":[{"href":"https:\/\/jorgezanoni.com.br\/2019\/wp-json\/wp\/v2\/posts"}],"about":[{"href":"https:\/\/jorgezanoni.com.br\/2019\/wp-json\/wp\/v2\/types\/post"}],"author":[{"embeddable":true,"href":"https:\/\/jorgezanoni.com.br\/2019\/wp-json\/wp\/v2\/users\/1"}],"replies":[{"embeddable":true,"href":"https:\/\/jorgezanoni.com.br\/2019\/wp-json\/wp\/v2\/comments?post=70202"}],"version-history":[{"count":1,"href":"https:\/\/jorgezanoni.com.br\/2019\/wp-json\/wp\/v2\/posts\/70202\/revisions"}],"predecessor-version":[{"id":70204,"href":"https:\/\/jorgezanoni.com.br\/2019\/wp-json\/wp\/v2\/posts\/70202\/revisions\/70204"}],"wp:featuredmedia":[{"embeddable":true,"href":"https:\/\/jorgezanoni.com.br\/2019\/wp-json\/wp\/v2\/media\/70203"}],"wp:attachment":[{"href":"https:\/\/jorgezanoni.com.br\/2019\/wp-json\/wp\/v2\/media?parent=70202"}],"wp:term":[{"taxonomy":"category","embeddable":true,"href":"https:\/\/jorgezanoni.com.br\/2019\/wp-json\/wp\/v2\/categories?post=70202"},{"taxonomy":"post_tag","embeddable":true,"href":"https:\/\/jorgezanoni.com.br\/2019\/wp-json\/wp\/v2\/tags?post=70202"}],"curies":[{"name":"wp","href":"https:\/\/api.w.org\/{rel}","templated":true}]}}