{"id":70193,"date":"2022-10-18T21:13:31","date_gmt":"2022-10-18T21:13:31","guid":{"rendered":"https:\/\/jorgezanoni.com.br\/2019\/?p=70193"},"modified":"2022-10-18T23:52:04","modified_gmt":"2022-10-18T23:52:04","slug":"atropelamento-em-movimentada-avenida-de-dracena-deixa-homem-ferido","status":"publish","type":"post","link":"https:\/\/jorgezanoni.com.br\/2019\/atropelamento-em-movimentada-avenida-de-dracena-deixa-homem-ferido\/","title":{"rendered":"Atropelamento em movimentada avenida de Dracena deixa homem ferido"},"content":{"rendered":"<p style=\"text-align: justify;\"><strong>Acidente aconteceu na esquina da Avenida Presidente Roosevelt com Almirante Barroso, no Bairro S\u00e3o Francisco em Dracena.<\/strong><\/p>\n<p style=\"text-align: justify;\">Segundo informa\u00e7\u00f5es obtidas no local pela reportagem do Site JZ, um ve\u00edculo Onix, placas de Adamantina, dirigido por uma mulher de 39 anos, fazia o sentido \u00fanico de dire\u00e7\u00e3o da Avenida, Bairro-Centro, quando colheu o pedestre homem de 77 anos.<\/p>\n<p style=\"text-align: justify;\">A motorista do ve\u00edculo que parou para prestar socorro, estava em estado de choque e n\u00e3o soube informar se o idoso, morador de Dracena, estava ou n\u00e3o na faixa de pedestres. Populares que estavam pelo local, perguntados pela reportagem tamb\u00e9m n\u00e3o tinham esta informa\u00e7\u00e3o.<\/p>\n<p style=\"text-align: justify;\">O homem foi socorrido por uma Unidade de Resgate do Corpo de Bombeiros com contus\u00e3o (corte) na cabe\u00e7a.<\/p>\n<p style=\"text-align: justify;\">A Pol\u00edcia Militar e Pol\u00edcia T\u00e9cnica compareceram ao local para os levantamentos necess\u00e1rios que ir\u00e3o apontar as causas do acidente.<\/p>\n<p><img loading=\"lazy\" decoding=\"async\" class=\"alignnone size-full wp-image-70194\" src=\"https:\/\/jorgezanoni.com.br\/2019\/wp-content\/uploads\/2022\/10\/IMG_1833-2-Pequeno.jpg\" alt=\"\" width=\"750\" height=\"480\" srcset=\"https:\/\/jorgezanoni.com.br\/2019\/wp-content\/uploads\/2022\/10\/IMG_1833-2-Pequeno.jpg 750w, https:\/\/jorgezanoni.com.br\/2019\/wp-content\/uploads\/2022\/10\/IMG_1833-2-Pequeno-300x192.jpg 300w, https:\/\/jorgezanoni.com.br\/2019\/wp-content\/uploads\/2022\/10\/IMG_1833-2-Pequeno-696x445.jpg 696w, https:\/\/jorgezanoni.com.br\/2019\/wp-content\/uploads\/2022\/10\/IMG_1833-2-Pequeno-656x420.jpg 656w\" sizes=\"auto, (max-width: 750px) 100vw, 750px\" \/> <img loading=\"lazy\" decoding=\"async\" class=\"alignnone size-full wp-image-70195\" src=\"https:\/\/jorgezanoni.com.br\/2019\/wp-content\/uploads\/2022\/10\/IMG_1834-Pequeno.jpg\" alt=\"\" width=\"640\" height=\"480\" srcset=\"https:\/\/jorgezanoni.com.br\/2019\/wp-content\/uploads\/2022\/10\/IMG_1834-Pequeno.jpg 640w, https:\/\/jorgezanoni.com.br\/2019\/wp-content\/uploads\/2022\/10\/IMG_1834-Pequeno-300x225.jpg 300w, https:\/\/jorgezanoni.com.br\/2019\/wp-content\/uploads\/2022\/10\/IMG_1834-Pequeno-80x60.jpg 80w, https:\/\/jorgezanoni.com.br\/2019\/wp-content\/uploads\/2022\/10\/IMG_1834-Pequeno-265x198.jpg 265w, https:\/\/jorgezanoni.com.br\/2019\/wp-content\/uploads\/2022\/10\/IMG_1834-Pequeno-560x420.jpg 560w\" sizes=\"auto, (max-width: 640px) 100vw, 640px\" \/> <img loading=\"lazy\" decoding=\"async\" class=\"alignnone size-full wp-image-70197\" src=\"https:\/\/jorgezanoni.com.br\/2019\/wp-content\/uploads\/2022\/10\/IMG_1836-2-Pequeno.jpg\" alt=\"\" width=\"528\" height=\"480\" srcset=\"https:\/\/jorgezanoni.com.br\/2019\/wp-content\/uploads\/2022\/10\/IMG_1836-2-Pequeno.jpg 528w, https:\/\/jorgezanoni.com.br\/2019\/wp-content\/uploads\/2022\/10\/IMG_1836-2-Pequeno-300x273.jpg 300w, https:\/\/jorgezanoni.com.br\/2019\/wp-content\/uploads\/2022\/10\/IMG_1836-2-Pequeno-462x420.jpg 462w\" sizes=\"auto, (max-width: 528px) 100vw, 528px\" \/><\/p>\n<p>Jorge Zanoni<\/p>\n<p>&nbsp;<\/p>\n","protected":false},"excerpt":{"rendered":"<p>Acidente aconteceu na esquina da Avenida Presidente Roosevelt com Almirante Barroso, no Bairro S\u00e3o Francisco em Dracena. Segundo informa\u00e7\u00f5es obtidas no local pela reportagem do Site JZ, um ve\u00edculo Onix, placas de Adamantina, dirigido por uma mulher de 39 anos, fazia o sentido \u00fanico de dire\u00e7\u00e3o da Avenida, Bairro-Centro, quando colheu o pedestre homem de [&hellip;]<\/p>\n","protected":false},"author":1,"featured_media":70196,"comment_status":"closed","ping_status":"open","sticky":false,"template":"","format":"standard","meta":{"footnotes":""},"categories":[170,110],"tags":[],"class_list":["post-70193","post","type-post","status-publish","format-standard","has-post-thumbnail","hentry","category-acidentes","category-noticiasdestaque"],"_links":{"self":[{"href":"https:\/\/jorgezanoni.com.br\/2019\/wp-json\/wp\/v2\/posts\/70193","targetHints":{"allow":["GET"]}}],"collection":[{"href":"https:\/\/jorgezanoni.com.br\/2019\/wp-json\/wp\/v2\/posts"}],"about":[{"href":"https:\/\/jorgezanoni.com.br\/2019\/wp-json\/wp\/v2\/types\/post"}],"author":[{"embeddable":true,"href":"https:\/\/jorgezanoni.com.br\/2019\/wp-json\/wp\/v2\/users\/1"}],"replies":[{"embeddable":true,"href":"https:\/\/jorgezanoni.com.br\/2019\/wp-json\/wp\/v2\/comments?post=70193"}],"version-history":[{"count":3,"href":"https:\/\/jorgezanoni.com.br\/2019\/wp-json\/wp\/v2\/posts\/70193\/revisions"}],"predecessor-version":[{"id":70201,"href":"https:\/\/jorgezanoni.com.br\/2019\/wp-json\/wp\/v2\/posts\/70193\/revisions\/70201"}],"wp:featuredmedia":[{"embeddable":true,"href":"https:\/\/jorgezanoni.com.br\/2019\/wp-json\/wp\/v2\/media\/70196"}],"wp:attachment":[{"href":"https:\/\/jorgezanoni.com.br\/2019\/wp-json\/wp\/v2\/media?parent=70193"}],"wp:term":[{"taxonomy":"category","embeddable":true,"href":"https:\/\/jorgezanoni.com.br\/2019\/wp-json\/wp\/v2\/categories?post=70193"},{"taxonomy":"post_tag","embeddable":true,"href":"https:\/\/jorgezanoni.com.br\/2019\/wp-json\/wp\/v2\/tags?post=70193"}],"curies":[{"name":"wp","href":"https:\/\/api.w.org\/{rel}","templated":true}]}}