{"id":70140,"date":"2022-10-17T17:22:46","date_gmt":"2022-10-17T17:22:46","guid":{"rendered":"https:\/\/jorgezanoni.com.br\/2019\/?p=70140"},"modified":"2022-10-17T17:22:46","modified_gmt":"2022-10-17T17:22:46","slug":"alunos-do-internato-de-enfermagem-realizam-palestra-na-esf-ii-dr-afonso-rezende","status":"publish","type":"post","link":"https:\/\/jorgezanoni.com.br\/2019\/alunos-do-internato-de-enfermagem-realizam-palestra-na-esf-ii-dr-afonso-rezende\/","title":{"rendered":"Alunos do internato de Enfermagem realizam palestra na ESF II Dr. Afonso Rezende"},"content":{"rendered":"<div dir=\"ltr\" style=\"text-align: justify;\"><span style=\"font-size: large;\">No ultimo dia (13) pela manh\u00e3, os alunos do internato do curso de Enfermagem da Unifadra Dracena realizaram uma palestra sobre o c\u00e2ncer de mama na ESF II Dr. Afonso Rezende. A atividade faz men\u00e7\u00e3o \u00e0 campanha Outubro Rosa, que fala sobre a import\u00e2ncia da preven\u00e7\u00e3o e do diagn\u00f3stico precoce do c\u00e2ncer de mama e de outros tipos de c\u00e2ncer, aumentando as chances de cura e reduzindo a mortalidade.<\/span><\/p>\n<p><span style=\"font-size: large;\">Segundo a Profa. Esp. Regiane Palomo Moraes, que acompanhou os acad\u00eamicos na a\u00e7\u00e3o pela disciplina de Enfermagem em Sa\u00fade Coletiva, &#8220;palestras como esta aproximam o futuro profissional da popula\u00e7\u00e3o e refor\u00e7am na comunidade a import\u00e2ncia e a necessidade de boas pr\u00e1ticas de cuidado e aten\u00e7\u00e3o aos sinais que podem ajudar no diagn\u00f3stico precoce de poss\u00edveis doen\u00e7as&#8221;.<\/span><\/p>\n<p><span style=\"font-size: large;\">A coordenadora do curso de Enfermagem,\u00a0<\/span>Profa. Dra.<span style=\"font-size: large;\">\u00a0Lilian Carla Ferrari Sossai Panicio, ressalta que o papel do enfermeiro vai al\u00e9m dos cuidados ao doente, sendo principalmente importante na difus\u00e3o do conhecimento para preven\u00e7\u00e3o de doen\u00e7as, lembrando que o internato \u00e9 o momento de consolida\u00e7\u00e3o da pr\u00e1tica e da teoria aplicadas na realidade dos servi\u00e7os de sa\u00fade.<\/span><\/div>\n<div dir=\"ltr\">\u00a0<img loading=\"lazy\" decoding=\"async\" class=\"alignnone size-full wp-image-70142\" src=\"https:\/\/jorgezanoni.com.br\/2019\/wp-content\/uploads\/2022\/10\/fun1.jpeg\" alt=\"\" width=\"700\" height=\"393\" srcset=\"https:\/\/jorgezanoni.com.br\/2019\/wp-content\/uploads\/2022\/10\/fun1.jpeg 700w, https:\/\/jorgezanoni.com.br\/2019\/wp-content\/uploads\/2022\/10\/fun1-300x168.jpeg 300w, https:\/\/jorgezanoni.com.br\/2019\/wp-content\/uploads\/2022\/10\/fun1-696x391.jpeg 696w\" sizes=\"auto, (max-width: 700px) 100vw, 700px\" \/> <img loading=\"lazy\" decoding=\"async\" class=\"alignnone size-full wp-image-70143\" src=\"https:\/\/jorgezanoni.com.br\/2019\/wp-content\/uploads\/2022\/10\/fund2.jpeg\" alt=\"\" width=\"700\" height=\"394\" srcset=\"https:\/\/jorgezanoni.com.br\/2019\/wp-content\/uploads\/2022\/10\/fund2.jpeg 700w, https:\/\/jorgezanoni.com.br\/2019\/wp-content\/uploads\/2022\/10\/fund2-300x169.jpeg 300w, https:\/\/jorgezanoni.com.br\/2019\/wp-content\/uploads\/2022\/10\/fund2-696x392.jpeg 696w\" sizes=\"auto, (max-width: 700px) 100vw, 700px\" \/><\/div>\n<div dir=\"ltr\"><\/div>\n<div dir=\"ltr\">Fonte: Depto. Comunica\u00e7\u00e3o Fundec<\/div>\n","protected":false},"excerpt":{"rendered":"<p>No ultimo dia (13) pela manh\u00e3, os alunos do internato do curso de Enfermagem da Unifadra Dracena realizaram uma palestra sobre o c\u00e2ncer de mama na ESF II Dr. Afonso Rezende. A atividade faz men\u00e7\u00e3o \u00e0 campanha Outubro Rosa, que fala sobre a import\u00e2ncia da preven\u00e7\u00e3o e do diagn\u00f3stico precoce do c\u00e2ncer de mama e [&hellip;]<\/p>\n","protected":false},"author":1,"featured_media":70141,"comment_status":"closed","ping_status":"open","sticky":false,"template":"","format":"standard","meta":{"footnotes":""},"categories":[110,122],"tags":[],"class_list":["post-70140","post","type-post","status-publish","format-standard","has-post-thumbnail","hentry","category-noticiasdestaque","category-saudeeducacaoeconcurso"],"_links":{"self":[{"href":"https:\/\/jorgezanoni.com.br\/2019\/wp-json\/wp\/v2\/posts\/70140","targetHints":{"allow":["GET"]}}],"collection":[{"href":"https:\/\/jorgezanoni.com.br\/2019\/wp-json\/wp\/v2\/posts"}],"about":[{"href":"https:\/\/jorgezanoni.com.br\/2019\/wp-json\/wp\/v2\/types\/post"}],"author":[{"embeddable":true,"href":"https:\/\/jorgezanoni.com.br\/2019\/wp-json\/wp\/v2\/users\/1"}],"replies":[{"embeddable":true,"href":"https:\/\/jorgezanoni.com.br\/2019\/wp-json\/wp\/v2\/comments?post=70140"}],"version-history":[{"count":1,"href":"https:\/\/jorgezanoni.com.br\/2019\/wp-json\/wp\/v2\/posts\/70140\/revisions"}],"predecessor-version":[{"id":70144,"href":"https:\/\/jorgezanoni.com.br\/2019\/wp-json\/wp\/v2\/posts\/70140\/revisions\/70144"}],"wp:featuredmedia":[{"embeddable":true,"href":"https:\/\/jorgezanoni.com.br\/2019\/wp-json\/wp\/v2\/media\/70141"}],"wp:attachment":[{"href":"https:\/\/jorgezanoni.com.br\/2019\/wp-json\/wp\/v2\/media?parent=70140"}],"wp:term":[{"taxonomy":"category","embeddable":true,"href":"https:\/\/jorgezanoni.com.br\/2019\/wp-json\/wp\/v2\/categories?post=70140"},{"taxonomy":"post_tag","embeddable":true,"href":"https:\/\/jorgezanoni.com.br\/2019\/wp-json\/wp\/v2\/tags?post=70140"}],"curies":[{"name":"wp","href":"https:\/\/api.w.org\/{rel}","templated":true}]}}