{"id":70134,"date":"2022-10-17T16:56:33","date_gmt":"2022-10-17T16:56:33","guid":{"rendered":"https:\/\/jorgezanoni.com.br\/2019\/?p=70134"},"modified":"2022-10-17T16:56:33","modified_gmt":"2022-10-17T16:56:33","slug":"colegio-anglo-cid-celebra-o-dia-das-criancas","status":"publish","type":"post","link":"https:\/\/jorgezanoni.com.br\/2019\/colegio-anglo-cid-celebra-o-dia-das-criancas\/","title":{"rendered":"Col\u00e9gio Anglo-CID celebra o Dia das Crian\u00e7as"},"content":{"rendered":"<p style=\"text-align: justify;\"><strong><span style=\"font-size: large;\">A v\u00e9spera do feriado foi animada no Col\u00e9gio Anglo-CID, com a participa\u00e7\u00e3o de todos os alunos em atividades recreativas em comemora\u00e7\u00e3o ao Dia das Crian\u00e7as.<\/span><\/strong><\/p>\n<p><span style=\"font-size: large;\">Os alunos do 1\u00ba ao 5\u00ba aninho realizaram uma gincana e organizaram um piquenique para confraternizar com os colegas de sala. J\u00e1 as turmas maiores dos ensinos fundamental II e m\u00e9dio produziram desenhos alusivos \u00e0 data, relembraram brincadeiras de inf\u00e2ncia, pulando corda e el\u00e1stico e requebrando no bambol\u00ea, al\u00e9m de dan\u00e7ar no Kinect Xbox e soltar a voz no karaok\u00ea. Os alunos tamb\u00e9m tiveram a oportunidade de se reunir para a troca de figurinhas do \u00e1lbum da Copa do Mundo de Futebol.<\/span><\/p>\n<p><span style=\"font-size: large;\">Segundo a coordenadora Amanda Matreiro, atividades l\u00fadicas como estas s\u00e3o importantes, porque permitem que as crian\u00e7as evoluam mental e intelectualmente, al\u00e9m de ajudar a desenvolver o racioc\u00ednio l\u00f3gico e favorecer o amadurecimento social.<\/span><\/p>\n<p><span style=\"font-size: large;\">A diretora Eul\u00e1lia Pires Fava ressalta que o envolvimento dos professores nestas a\u00e7\u00f5es fortalecem o processo educativo, pois estabelecem um di\u00e1logo mais pr\u00f3ximo entre professores e alunos.<\/span><\/p>\n<p><span style=\"font-size: large;\">Veja a galeria de fotos:\u00a0<a href=\"https:\/\/fundec.edu.br\/noticia\/3596\" target=\"_blank\" rel=\"noopener noreferrer\">https:\/\/fundec.edu.br\/noticia\/3596<\/a><\/span><\/p>\n<p><img loading=\"lazy\" decoding=\"async\" class=\"alignnone size-full wp-image-70135\" src=\"https:\/\/jorgezanoni.com.br\/2019\/wp-content\/uploads\/2022\/10\/0-quadra-3.jpeg\" alt=\"\" width=\"956\" height=\"538\" srcset=\"https:\/\/jorgezanoni.com.br\/2019\/wp-content\/uploads\/2022\/10\/0-quadra-3.jpeg 956w, https:\/\/jorgezanoni.com.br\/2019\/wp-content\/uploads\/2022\/10\/0-quadra-3-300x169.jpeg 300w, https:\/\/jorgezanoni.com.br\/2019\/wp-content\/uploads\/2022\/10\/0-quadra-3-768x432.jpeg 768w, https:\/\/jorgezanoni.com.br\/2019\/wp-content\/uploads\/2022\/10\/0-quadra-3-696x392.jpeg 696w, https:\/\/jorgezanoni.com.br\/2019\/wp-content\/uploads\/2022\/10\/0-quadra-3-746x420.jpeg 746w\" sizes=\"auto, (max-width: 956px) 100vw, 956px\" \/> <img loading=\"lazy\" decoding=\"async\" class=\"alignnone size-full wp-image-70136\" src=\"https:\/\/jorgezanoni.com.br\/2019\/wp-content\/uploads\/2022\/10\/2-figurinhas-2.jpeg\" alt=\"\" width=\"1598\" height=\"899\" srcset=\"https:\/\/jorgezanoni.com.br\/2019\/wp-content\/uploads\/2022\/10\/2-figurinhas-2.jpeg 1598w, https:\/\/jorgezanoni.com.br\/2019\/wp-content\/uploads\/2022\/10\/2-figurinhas-2-300x169.jpeg 300w, https:\/\/jorgezanoni.com.br\/2019\/wp-content\/uploads\/2022\/10\/2-figurinhas-2-1024x576.jpeg 1024w, https:\/\/jorgezanoni.com.br\/2019\/wp-content\/uploads\/2022\/10\/2-figurinhas-2-768x432.jpeg 768w, https:\/\/jorgezanoni.com.br\/2019\/wp-content\/uploads\/2022\/10\/2-figurinhas-2-1536x864.jpeg 1536w, https:\/\/jorgezanoni.com.br\/2019\/wp-content\/uploads\/2022\/10\/2-figurinhas-2-696x392.jpeg 696w, https:\/\/jorgezanoni.com.br\/2019\/wp-content\/uploads\/2022\/10\/2-figurinhas-2-1068x601.jpeg 1068w, https:\/\/jorgezanoni.com.br\/2019\/wp-content\/uploads\/2022\/10\/2-figurinhas-2-747x420.jpeg 747w\" sizes=\"auto, (max-width: 1598px) 100vw, 1598px\" \/> <img loading=\"lazy\" decoding=\"async\" class=\"alignnone size-full wp-image-70137\" src=\"https:\/\/jorgezanoni.com.br\/2019\/wp-content\/uploads\/2022\/10\/3-sorvete-6.jpeg\" alt=\"\" width=\"957\" height=\"716\" srcset=\"https:\/\/jorgezanoni.com.br\/2019\/wp-content\/uploads\/2022\/10\/3-sorvete-6.jpeg 957w, https:\/\/jorgezanoni.com.br\/2019\/wp-content\/uploads\/2022\/10\/3-sorvete-6-300x224.jpeg 300w, https:\/\/jorgezanoni.com.br\/2019\/wp-content\/uploads\/2022\/10\/3-sorvete-6-768x575.jpeg 768w, https:\/\/jorgezanoni.com.br\/2019\/wp-content\/uploads\/2022\/10\/3-sorvete-6-80x60.jpeg 80w, https:\/\/jorgezanoni.com.br\/2019\/wp-content\/uploads\/2022\/10\/3-sorvete-6-265x198.jpeg 265w, https:\/\/jorgezanoni.com.br\/2019\/wp-content\/uploads\/2022\/10\/3-sorvete-6-696x521.jpeg 696w, https:\/\/jorgezanoni.com.br\/2019\/wp-content\/uploads\/2022\/10\/3-sorvete-6-561x420.jpeg 561w\" sizes=\"auto, (max-width: 957px) 100vw, 957px\" \/><\/p>\n<p>Fonte: Depto. Comunica\u00e7\u00e3o da Fundec<\/p>\n","protected":false},"excerpt":{"rendered":"<p>A v\u00e9spera do feriado foi animada no Col\u00e9gio Anglo-CID, com a participa\u00e7\u00e3o de todos os alunos em atividades recreativas em comemora\u00e7\u00e3o ao Dia das Crian\u00e7as. Os alunos do 1\u00ba ao 5\u00ba aninho realizaram uma gincana e organizaram um piquenique para confraternizar com os colegas de sala. J\u00e1 as turmas maiores dos ensinos fundamental II e [&hellip;]<\/p>\n","protected":false},"author":1,"featured_media":70138,"comment_status":"closed","ping_status":"open","sticky":false,"template":"","format":"standard","meta":{"footnotes":""},"categories":[110,122],"tags":[],"class_list":["post-70134","post","type-post","status-publish","format-standard","has-post-thumbnail","hentry","category-noticiasdestaque","category-saudeeducacaoeconcurso"],"_links":{"self":[{"href":"https:\/\/jorgezanoni.com.br\/2019\/wp-json\/wp\/v2\/posts\/70134","targetHints":{"allow":["GET"]}}],"collection":[{"href":"https:\/\/jorgezanoni.com.br\/2019\/wp-json\/wp\/v2\/posts"}],"about":[{"href":"https:\/\/jorgezanoni.com.br\/2019\/wp-json\/wp\/v2\/types\/post"}],"author":[{"embeddable":true,"href":"https:\/\/jorgezanoni.com.br\/2019\/wp-json\/wp\/v2\/users\/1"}],"replies":[{"embeddable":true,"href":"https:\/\/jorgezanoni.com.br\/2019\/wp-json\/wp\/v2\/comments?post=70134"}],"version-history":[{"count":1,"href":"https:\/\/jorgezanoni.com.br\/2019\/wp-json\/wp\/v2\/posts\/70134\/revisions"}],"predecessor-version":[{"id":70139,"href":"https:\/\/jorgezanoni.com.br\/2019\/wp-json\/wp\/v2\/posts\/70134\/revisions\/70139"}],"wp:featuredmedia":[{"embeddable":true,"href":"https:\/\/jorgezanoni.com.br\/2019\/wp-json\/wp\/v2\/media\/70138"}],"wp:attachment":[{"href":"https:\/\/jorgezanoni.com.br\/2019\/wp-json\/wp\/v2\/media?parent=70134"}],"wp:term":[{"taxonomy":"category","embeddable":true,"href":"https:\/\/jorgezanoni.com.br\/2019\/wp-json\/wp\/v2\/categories?post=70134"},{"taxonomy":"post_tag","embeddable":true,"href":"https:\/\/jorgezanoni.com.br\/2019\/wp-json\/wp\/v2\/tags?post=70134"}],"curies":[{"name":"wp","href":"https:\/\/api.w.org\/{rel}","templated":true}]}}