{"id":70128,"date":"2022-10-17T16:41:18","date_gmt":"2022-10-17T16:41:18","guid":{"rendered":"https:\/\/jorgezanoni.com.br\/2019\/?p=70128"},"modified":"2022-10-17T16:46:54","modified_gmt":"2022-10-17T16:46:54","slug":"cavalos-sao-atropelados-por-caminhao-e-quatro-morrem-no-acesso-a-ouro-verde","status":"publish","type":"post","link":"https:\/\/jorgezanoni.com.br\/2019\/cavalos-sao-atropelados-por-caminhao-e-quatro-morrem-no-acesso-a-ouro-verde\/","title":{"rendered":"Cavalos s\u00e3o atropelados por caminh\u00e3o e quatro morrem no acesso a Ouro Verde"},"content":{"rendered":"<h2 style=\"text-align: justify;\">As marcas nos animais n\u00e3o foram localizadas, para uma poss\u00edvel identifica\u00e7\u00e3o e responsabiliza\u00e7\u00e3o do propriet\u00e1rio dos animais. O motorista da carreta Placas de Ouro verde,\u00a0 I.C.J. de 54 anos, felizmente n\u00e3o se feriu.<\/h2>\n<div class=\"content-media-container glb-skeleton-box\" style=\"text-align: justify;\">\n<figure class=\"content-media-figure\"><img decoding=\"async\" class=\"i-amphtml-fill-content i-amphtml-replaced-content\" src=\"https:\/\/s2.glbimg.com\/tJG-kJyZzS1N5mIqC07r1zY3s5o=\/0x0:700x517\/984x0\/smart\/filters:strip_icc()\/i.s3.glbimg.com\/v1\/AUTH_59edd422c0c84a879bd37670ae4f538a\/internal_photos\/bs\/2022\/1\/k\/LZKV9GRBqbFSHVgYWBzg\/ouro-verde-3.jpg\" sizes=\"(max-width: 1366px) 648px, 100vw\" srcset=\"https:\/\/s2.glbimg.com\/Gp33-yEO_nz1ONo4kZfLlbeUSgg=\/0x0:700x517\/1000x0\/smart\/filters:strip_icc()\/i.s3.glbimg.com\/v1\/AUTH_59edd422c0c84a879bd37670ae4f538a\/internal_photos\/bs\/2022\/1\/k\/LZKV9GRBqbFSHVgYWBzg\/ouro-verde-3.jpg 1000w, https:\/\/s2.glbimg.com\/tJG-kJyZzS1N5mIqC07r1zY3s5o=\/0x0:700x517\/984x0\/smart\/filters:strip_icc()\/i.s3.glbimg.com\/v1\/AUTH_59edd422c0c84a879bd37670ae4f538a\/internal_photos\/bs\/2022\/1\/k\/LZKV9GRBqbFSHVgYWBzg\/ouro-verde-3.jpg 984w, https:\/\/s2.glbimg.com\/pbBrJVedi0NkxnmsD74A5v8vZ5M=\/0x0:700x517\/640x0\/smart\/filters:strip_icc()\/i.s3.glbimg.com\/v1\/AUTH_59edd422c0c84a879bd37670ae4f538a\/internal_photos\/bs\/2022\/1\/k\/LZKV9GRBqbFSHVgYWBzg\/ouro-verde-3.jpg 640w, https:\/\/s2.glbimg.com\/Lg7Z290Ii4g7ASP2BQk1FoVzqeI=\/0x0:700x517\/600x0\/smart\/filters:strip_icc()\/i.s3.glbimg.com\/v1\/AUTH_59edd422c0c84a879bd37670ae4f538a\/internal_photos\/bs\/2022\/1\/k\/LZKV9GRBqbFSHVgYWBzg\/ouro-verde-3.jpg 600w\" alt=\"Quatro cavalos s\u00e3o atropelados na Rodovia Euclides de Oliveira Figueiredo, em Ouro Verde (SP) \u2014 Foto: Cedida\" \/><\/figure>\n<\/div>\n<p class=\"content-media__description \" style=\"text-align: justify;\">Por volta de 04:30 Horas desta segunda-feira (17), quatro cavalos foram atropelados e morreram, no km 2 da Rodovia Vicinal SP-127 que d\u00e1 acesso do trevo da Integra\u00e7\u00e3o SP-563 \u00e0 cidade de Ouro Verde.<\/p>\n<div class=\"wall protected-content\">\n<div class=\"mc-column content-text active-extra-styles \" style=\"text-align: justify;\" data-block-type=\"unstyled\" data-block-weight=\"24\" data-block-id=\"4\">\n<p class=\"content-text__container \" data-track-category=\"Link no Texto\" data-track-links=\"\">Segundo informa\u00e7\u00f5es da Pol\u00edcia Rodovi\u00e1ria, o motorista da carreta que havia sa\u00eddo de Ouro Verde, distante a apenas 4 Km. do acidente, seguia pela rodovia quando se chocou contra os animais, que estavam no meio da pista.<\/p>\n<\/div>\n<div class=\"mc-column content-text active-extra-styles \" data-block-type=\"unstyled\" data-block-weight=\"19\" data-block-id=\"5\">\n<p class=\"content-text__container \" style=\"text-align: justify;\" data-track-category=\"Link no Texto\" data-track-links=\"\">O condutor da carreta, morador de Junqueir\u00f3polis, foi ouvido e liberado. A Pol\u00edcia Cient\u00edfica esteve no local e o tr\u00e2nsito foi desviado para o acostamento durante os procedimentos, Logo ap\u00f3s foi liberado.<\/p>\n<div class=\"content-media-container glb-skeleton-box\">\n<figure class=\"content-media-figure\"><img decoding=\"async\" class=\"i-amphtml-fill-content i-amphtml-replaced-content\" src=\"https:\/\/s2.glbimg.com\/vf475-RokHeJwZEZAIgvLqwaRfk=\/0x0:700x528\/984x0\/smart\/filters:strip_icc()\/i.s3.glbimg.com\/v1\/AUTH_59edd422c0c84a879bd37670ae4f538a\/internal_photos\/bs\/2022\/W\/p\/MK7n2yTYi6R5BGKlTeSQ\/ouro-verde.jpg\" sizes=\"(max-width: 1366px) 648px, 100vw\" srcset=\"https:\/\/s2.glbimg.com\/YEoLaBW8KxMYvvTkVbHbBXCDRUI=\/0x0:700x528\/1000x0\/smart\/filters:strip_icc()\/i.s3.glbimg.com\/v1\/AUTH_59edd422c0c84a879bd37670ae4f538a\/internal_photos\/bs\/2022\/W\/p\/MK7n2yTYi6R5BGKlTeSQ\/ouro-verde.jpg 1000w, https:\/\/s2.glbimg.com\/vf475-RokHeJwZEZAIgvLqwaRfk=\/0x0:700x528\/984x0\/smart\/filters:strip_icc()\/i.s3.glbimg.com\/v1\/AUTH_59edd422c0c84a879bd37670ae4f538a\/internal_photos\/bs\/2022\/W\/p\/MK7n2yTYi6R5BGKlTeSQ\/ouro-verde.jpg 984w, https:\/\/s2.glbimg.com\/p2Z7DnI8BmPF_f9vuEwR8VYzMgg=\/0x0:700x528\/640x0\/smart\/filters:strip_icc()\/i.s3.glbimg.com\/v1\/AUTH_59edd422c0c84a879bd37670ae4f538a\/internal_photos\/bs\/2022\/W\/p\/MK7n2yTYi6R5BGKlTeSQ\/ouro-verde.jpg 640w, https:\/\/s2.glbimg.com\/BOGoxexw8xMnPrzMySo9ERlE7_M=\/0x0:700x528\/600x0\/smart\/filters:strip_icc()\/i.s3.glbimg.com\/v1\/AUTH_59edd422c0c84a879bd37670ae4f538a\/internal_photos\/bs\/2022\/W\/p\/MK7n2yTYi6R5BGKlTeSQ\/ouro-verde.jpg 600w\" alt=\"Quatro cavalos s\u00e3o atropelados na Rodovia Euclides de Oliveira Figueiredo, em Ouro Verde (SP) \u2014 Foto: Cedida\" \/><\/figure>\n<\/div>\n<\/div>\n<\/div>\n<div class=\"mc-article-body\">\n<article>\n<div class=\"row medium-uncollapsed content-media content-photo\" data-block-type=\"backstage-photo\" data-block-id=\"1\">\n<div class=\"mc-column content-media__container\">\n<div class=\"content-media-container glb-skeleton-box\">\n<p>Jorge Zanoni<\/p>\n<p>Informa\u00e7\u00f5es e fotos cedidas PMR<\/p>\n<\/div>\n<div class=\"content-media-container glb-skeleton-box\"><\/div>\n<p class=\"content-media__description \">\n<\/div>\n<\/div>\n<div class=\"mc-column mc-side-item__container\" data-block-type=\"ads\" data-block-id=\"2\">\n<div class=\"mc-side-item mc-side-item--right content-ads content-ads--side-ad\">\n<div id=\"banner_materia1\" class=\"tag-manager-publicidade-container tag-manager-publicidade-banner_materia1 tag-manager-publicidade-container--carregado tag-manager-publicidade-container--visivel\" data-req=\"true\" data-cid=\"138408528714\" data-lid=\"6134564556\" data-google-query-id=\"CJDm0obW5_oCFS4FuQYdppMJBw\">\n<div id=\"google_ads_iframe_\/95377733\/tvg_G1\/Sua_Regiao&gt;Sudeste&gt;Sao_Paulo_(Pres_Prudente)_0__container__\" style=\"box-sizing: inherit; margin: auto; padding: 0px; border: 0pt none; font: inherit; vertical-align: initial; text-align: center; width: 300px; height: 250px;\"><iframe id=\"google_ads_iframe_\/95377733\/tvg_G1\/Sua_Regiao&gt;Sudeste&gt;Sao_Paulo_(Pres_Prudente)_0\" style=\"box-sizing: inherit; margin: 0px; padding: 0px; border: 0px; font: inherit; vertical-align: bottom;\" tabindex=\"0\" title=\"3rd party ad content\" role=\"region\" name=\"google_ads_iframe_\/95377733\/tvg_G1\/Sua_Regiao&gt;Sudeste&gt;Sao_Paulo_(Pres_Prudente)_0\" width=\"300\" height=\"250\" frameborder=\"0\" marginwidth=\"0\" marginheight=\"0\" scrolling=\"no\" aria-label=\"Advertisement\" data-load-complete=\"true\" data-google-container-id=\"1\" data-mce-fragment=\"1\"><\/iframe><\/div>\n<\/div>\n<\/div>\n<\/div>\n<div class=\"mc-column content-text active-extra-styles \" data-block-type=\"unstyled\" data-block-weight=\"27\" data-block-id=\"3\"><\/div>\n<\/article>\n<\/div>\n<h2 class=\"content-head__subtitle\"><\/h2>\n","protected":false},"excerpt":{"rendered":"<p>As marcas nos animais n\u00e3o foram localizadas, para uma poss\u00edvel identifica\u00e7\u00e3o e responsabiliza\u00e7\u00e3o do propriet\u00e1rio dos animais. O motorista da carreta Placas de Ouro verde,\u00a0 I.C.J. de 54 anos, felizmente n\u00e3o se feriu. Por volta de 04:30 Horas desta segunda-feira (17), quatro cavalos foram atropelados e morreram, no km 2 da Rodovia Vicinal SP-127 que [&hellip;]<\/p>\n","protected":false},"author":1,"featured_media":70129,"comment_status":"closed","ping_status":"open","sticky":false,"template":"","format":"standard","meta":{"footnotes":""},"categories":[170,110],"tags":[],"class_list":["post-70128","post","type-post","status-publish","format-standard","has-post-thumbnail","hentry","category-acidentes","category-noticiasdestaque"],"_links":{"self":[{"href":"https:\/\/jorgezanoni.com.br\/2019\/wp-json\/wp\/v2\/posts\/70128","targetHints":{"allow":["GET"]}}],"collection":[{"href":"https:\/\/jorgezanoni.com.br\/2019\/wp-json\/wp\/v2\/posts"}],"about":[{"href":"https:\/\/jorgezanoni.com.br\/2019\/wp-json\/wp\/v2\/types\/post"}],"author":[{"embeddable":true,"href":"https:\/\/jorgezanoni.com.br\/2019\/wp-json\/wp\/v2\/users\/1"}],"replies":[{"embeddable":true,"href":"https:\/\/jorgezanoni.com.br\/2019\/wp-json\/wp\/v2\/comments?post=70128"}],"version-history":[{"count":4,"href":"https:\/\/jorgezanoni.com.br\/2019\/wp-json\/wp\/v2\/posts\/70128\/revisions"}],"predecessor-version":[{"id":70133,"href":"https:\/\/jorgezanoni.com.br\/2019\/wp-json\/wp\/v2\/posts\/70128\/revisions\/70133"}],"wp:featuredmedia":[{"embeddable":true,"href":"https:\/\/jorgezanoni.com.br\/2019\/wp-json\/wp\/v2\/media\/70129"}],"wp:attachment":[{"href":"https:\/\/jorgezanoni.com.br\/2019\/wp-json\/wp\/v2\/media?parent=70128"}],"wp:term":[{"taxonomy":"category","embeddable":true,"href":"https:\/\/jorgezanoni.com.br\/2019\/wp-json\/wp\/v2\/categories?post=70128"},{"taxonomy":"post_tag","embeddable":true,"href":"https:\/\/jorgezanoni.com.br\/2019\/wp-json\/wp\/v2\/tags?post=70128"}],"curies":[{"name":"wp","href":"https:\/\/api.w.org\/{rel}","templated":true}]}}