{"id":70105,"date":"2022-10-16T18:17:27","date_gmt":"2022-10-16T18:17:27","guid":{"rendered":"https:\/\/jorgezanoni.com.br\/2019\/?p=70105"},"modified":"2022-10-16T18:17:46","modified_gmt":"2022-10-16T18:17:46","slug":"policia-militar-ocorrencias-das-ultimas-horas-ek-dracena-e-regiao","status":"publish","type":"post","link":"https:\/\/jorgezanoni.com.br\/2019\/policia-militar-ocorrencias-das-ultimas-horas-ek-dracena-e-regiao\/","title":{"rendered":"POL\u00cdCIA MILITAR: Ocorr\u00eancias das \u00faltimas horas em Dracena e regi\u00e3o"},"content":{"rendered":"<p style=\"text-align: justify;\">POL\u00cdCIA MILITAR EM A\u00c7\u00c3O DE FOR\u00c7A T\u00c1TICA PRENDE HOMEM POR TR\u00c1FICO DE DROGAS<\/p>\n<p style=\"text-align: justify;\">APREENS\u00d5ES:<br \/>\n02 Celulares.<br \/>\n01 Plastico filme.<br \/>\nR$ 710,00 reais em notas diversas.<br \/>\n0,004 Kg de coca\u00edna.<\/p>\n<p style=\"text-align: justify;\">Na data de ontem (15) por volta das 20h40min durante patrulhamento de For\u00e7a T\u00e1tica por Dracena , a equipe tinha denuncias sobre o tr\u00e1fico de drogas, momento em que foi visto 2 indiv\u00edduos entrando e saindo da resid\u00eancia, que ao avistarem a viatura entraram de imediato dentro de um ve\u00edculo no intuito de se esquivarem da abordagem policial, foi realizado a busca pessoal onde nada de il\u00edcito foi encontrado, por\u00e9m durante a busca veicular foi localizado 02 por\u00e7\u00f5es de cocaina jogadas em baixo do banco do motorista, sendo que de pronto assumiram que haviam acabado de comprar indicando ainda a casa em que realizaram a compra, foi solicitado o propriet\u00e1rio da resid\u00eancia onde autorizou a entrada e perman\u00eancia da equipe de For\u00e7a T\u00e1tica , durante a busca na resid\u00eancia foi localizado mais uma certa quantidade de coca\u00edna, dinheiro e apetrechos para embalar drogas. Foi dado voz de pris\u00e3o ao indiciado (37 anos) permanecendo preso.<\/p>\n<p style=\"text-align: justify;\">POLICIA MILITAR EM JUNQUEIR\u00d3POLIS PRENDE HOMEM DE 70 ANOS EM FLAGRANTE POR ESTUPRO DE VULNER\u00c1VEL<\/p>\n<p style=\"text-align: justify;\">NA DATA DE ONTEM (15) POR VOLTA DAS 17H55MIN A EQUIPE DA POL\u00cdCIA MILITAR EM JUNQUEIR\u00d3POLIS FOI ACIONADA VIA COPOM PARA ATENDIMENTO DE OCORR\u00caNCIA DE AGRESS\u00c3O. POR\u00c9M PELO<br \/>\nLOCAL FEITO CONTATO COM A V\u00cdTIMA (FEMININA) DE 13 ANOS ESTA DECLAROU QUE ESTAVA NA CASA DA<br \/>\nSUA AV\u00d3. NO MOMENTO QUE ESTAVA NA SALA ASSISTINDO DESENHO, O NAMORADO DA SUA AV\u00d3 ( HOMEM 70 ANOS) COME\u00c7OU A<br \/>\nPASSAR A M\u00c3O NO SEU CORPO, NOS BRA\u00c7OS, SEIOS E FALANDO COISAS DE CUNHO SEXUAL. PEDIU PARA QUE ELE PARASSE E<br \/>\nSE DIRIGIU PARA O QUARTO. LOGO ELE A SEGUIU E COME\u00c7OU NOVAMENTE A<br \/>\nPASSAR LHE A M\u00c3O E A BEIJAR SEU ROSTO E A SEGURAR FORTE SEUS BRA\u00c7OS. FOI QUANDO GRITOU PARA ELE PARAR, NESTE MOMENTO ELE COME\u00c7OU A LHE XINGAR E SAIU COM SUA AV\u00d3 DE CARRO TOMANDO RUMO IGNORADO. A GENITORA DA VITIMA CONFIRMA QUE RECEBEU MENSAGENS DO EX MARIDO FALANDO O QUE ACONTECEU COM A FILHA. DIANTE DOS FATOS INICIAMOS DILIG\u00caNCIAS E O INDICIADO N\u00c3O FOI LOCALIZADO. POR\u00c9M DURANTE A APRESENTA\u00c7\u00c3O DA OCORR\u00caNCIA PELO PLANT\u00c3O DE POL\u00cdCIA JUDICI\u00c1RIA E DE POSSE DE INFORMA\u00c7\u00d5ES DE QUE O INDICIADO HAVIA VOLTADO PARA O LOCAL DOS FATOS. AS EQUIPES POLICIAIS QUE ESTAVAM NA BUSCA DO INDIVIDUO CONSEGUIRAM ABORDA-LO. ASSIM FOI DADA VOZ DE PRIS\u00c3O PELO CRIME DE ESTUPRO DE VULNER\u00c1VEL FICANDO O HOMEM DE 70 ANOS PRESO A DISPOSI\u00c7\u00c3O DA JUSTI\u00c7A.<\/p>\n<p style=\"text-align: justify;\">POL\u00cdCIA MILITAR CAPTURA DE PROCURADO DA JUSTI\u00c7A EM JUNQUEIR\u00d3POLIS.<\/p>\n<p style=\"text-align: justify;\">NA DATA DE HOJE (16) POR VOLTA DAS 01H A EQUIPE DA POL\u00cdCIA MILITAR EFETUAVA O PATRULHAMENTO PELO BAIRRO JARDIM ALVORADA E AO AVISTAR O MASCULINO DE 26 ANOS ESTE ESTAVA COM UM VOLUME NA CINTURA APARENTANDO SER ARMA DE FOGO. LOGO FOI ABORDADO E SUBMETIDO A BUSCA PESSOAL E NADA DE IL\u00cdCITO FOI ENCONTRADO. EM PESQUISA VIA COPOM CONSTOU UM MANDADO DE PRIS\u00c3O EM SEU DESFAVOR EXPEDIDO PELO F\u00d3RUM DE JUNQUEIR\u00d3POLIS COM PENA DE 03 ANOS, 09 MESES E 22 DIAS DE RECLUS\u00c3O NO REGIME FECHADO TIPIFICADO NO ART 33 DA LEI 11343\/06. LOGO FOI DADA VOZ DE PRIS\u00c3O PERMANECENDO PRESO A DISPOSI\u00c7\u00c3O DA JUSTI\u00c7A.<\/p>\n<p style=\"text-align: justify;\">POL\u00cdCIA MILITAR PRENDE CONDENADO DA JUSTI\u00c7A EM DRACENA<\/p>\n<p style=\"text-align: justify;\">NA DATA DE ONTEM (15) POR VOLTA DAS 10H40MIN A EQUIPE DA POL\u00cdCIA MILITAR COM BASE INFORMA\u00c7\u00d5ES QUE UM INDIV\u00cdDUO ( HOMEM 38 ANOS) ESTARIA\u00a0 UM MANDADO DE PRIS\u00c3O EMITIDO PELO FORUM DE DRACENA E NO LOCAL BAIRRO EMILIO ZANATTA, FOI DADO CI\u00caNCIA DO FATO PERMANECEU A DISPOSI\u00c7\u00c3O DA JUSTI\u00c7A.<\/p>\n<p style=\"text-align: justify;\">POLICIA MILITAR CAPTURA PROCURADO DA JUSTI\u00c7A EM FL\u00d3RIDA PAULISTA<\/p>\n<p style=\"text-align: justify;\">Na data de ontem (15) por volta das 07h19min durante patrulhamento pela Av. Jos\u00e9 Fr\u00f3io, Centro Florida Paulista, a equipe da Pol\u00edcia Militar deparou com o indiciado ( homem 30 anos) e como era do conhecimento da equipe que havia um mandado de pris\u00e3o em seu desfavor, foi . realizada a abordagem, e dada voz de pris\u00e3o permanecendo o indiciado a disposi\u00e7\u00e3o da Justi\u00e7a.<\/p>\n<p style=\"text-align: justify;\">Fonte: Com. Social Pol\u00edcia Militar<\/p>\n<p>&nbsp;<\/p>\n","protected":false},"excerpt":{"rendered":"<p>POL\u00cdCIA MILITAR EM A\u00c7\u00c3O DE FOR\u00c7A T\u00c1TICA PRENDE HOMEM POR TR\u00c1FICO DE DROGAS APREENS\u00d5ES: 02 Celulares. 01 Plastico filme. R$ 710,00 reais em notas diversas. 0,004 Kg de coca\u00edna. Na data de ontem (15) por volta das 20h40min durante patrulhamento de For\u00e7a T\u00e1tica por Dracena , a equipe tinha denuncias sobre o tr\u00e1fico de drogas, [&hellip;]<\/p>\n","protected":false},"author":1,"featured_media":70106,"comment_status":"closed","ping_status":"open","sticky":false,"template":"","format":"standard","meta":{"footnotes":""},"categories":[110,2],"tags":[],"class_list":["post-70105","post","type-post","status-publish","format-standard","has-post-thumbnail","hentry","category-noticiasdestaque","category-policial"],"_links":{"self":[{"href":"https:\/\/jorgezanoni.com.br\/2019\/wp-json\/wp\/v2\/posts\/70105","targetHints":{"allow":["GET"]}}],"collection":[{"href":"https:\/\/jorgezanoni.com.br\/2019\/wp-json\/wp\/v2\/posts"}],"about":[{"href":"https:\/\/jorgezanoni.com.br\/2019\/wp-json\/wp\/v2\/types\/post"}],"author":[{"embeddable":true,"href":"https:\/\/jorgezanoni.com.br\/2019\/wp-json\/wp\/v2\/users\/1"}],"replies":[{"embeddable":true,"href":"https:\/\/jorgezanoni.com.br\/2019\/wp-json\/wp\/v2\/comments?post=70105"}],"version-history":[{"count":2,"href":"https:\/\/jorgezanoni.com.br\/2019\/wp-json\/wp\/v2\/posts\/70105\/revisions"}],"predecessor-version":[{"id":70108,"href":"https:\/\/jorgezanoni.com.br\/2019\/wp-json\/wp\/v2\/posts\/70105\/revisions\/70108"}],"wp:featuredmedia":[{"embeddable":true,"href":"https:\/\/jorgezanoni.com.br\/2019\/wp-json\/wp\/v2\/media\/70106"}],"wp:attachment":[{"href":"https:\/\/jorgezanoni.com.br\/2019\/wp-json\/wp\/v2\/media?parent=70105"}],"wp:term":[{"taxonomy":"category","embeddable":true,"href":"https:\/\/jorgezanoni.com.br\/2019\/wp-json\/wp\/v2\/categories?post=70105"},{"taxonomy":"post_tag","embeddable":true,"href":"https:\/\/jorgezanoni.com.br\/2019\/wp-json\/wp\/v2\/tags?post=70105"}],"curies":[{"name":"wp","href":"https:\/\/api.w.org\/{rel}","templated":true}]}}