{"id":70086,"date":"2022-10-15T20:12:17","date_gmt":"2022-10-15T20:12:17","guid":{"rendered":"https:\/\/jorgezanoni.com.br\/2019\/?p=70086"},"modified":"2022-10-15T20:12:17","modified_gmt":"2022-10-15T20:12:17","slug":"policia-civil-recupera-ferramentas-de-construcao-furtadas-em-dracena","status":"publish","type":"post","link":"https:\/\/jorgezanoni.com.br\/2019\/policia-civil-recupera-ferramentas-de-construcao-furtadas-em-dracena\/","title":{"rendered":"Pol\u00edcia Civil recupera ferramentas de constru\u00e7\u00e3o furtadas em Dracena"},"content":{"rendered":"<p style=\"text-align: justify;\">Agentes da Unidades Especializadas &#8211; DIG\/DISE, recuperam duas serras m\u00e1rmore e uma esmerilhadeira. As ferramentas foram devolvidas ao leg\u00edtimo propriet\u00e1rio.<\/p>\n<p style=\"text-align: justify;\">A Pol\u00edcia Civil, por interm\u00e9dio das Unidades Especializadas &#8211; DIG\/DISE, recuperou neste s\u00e1bado (15), tr\u00eas ferramentas utilizadas em constru\u00e7\u00e3o civil, que haviam sido furtadas, numa obra em constru\u00e7\u00e3o em Dracena.<\/p>\n<p style=\"text-align: justify;\">T\u00e3o logo a ocorr\u00eancia foi registrada neste s\u00e1bado (15), no Plant\u00e3o Policial de Dracena, agentes da Unidades Especializadas iniciaram as investiga\u00e7\u00f5es e chegaram ao local onde as ferramentas estavam escondidas, ap\u00f3s o crime. Em dilig\u00eancias os objetos foram recuperados, sendo: duas serras m\u00e1rmore e um esmerilhadeira.<\/p>\n<p style=\"text-align: justify;\">As ferramentas foram apreendidas em auto pr\u00f3prio e em seguida devolvidas ao leg\u00edtimo propriet\u00e1rio. O investigado de cometer o furto foi identificado e ser\u00e1 instaurado inqu\u00e9rito policial por furto qualificado.<\/p>\n<p style=\"text-align: justify;\">Fonte: Com. Social Pol\u00edcia Civil<\/p>\n","protected":false},"excerpt":{"rendered":"<p>Agentes da Unidades Especializadas &#8211; DIG\/DISE, recuperam duas serras m\u00e1rmore e uma esmerilhadeira. As ferramentas foram devolvidas ao leg\u00edtimo propriet\u00e1rio. A Pol\u00edcia Civil, por interm\u00e9dio das Unidades Especializadas &#8211; DIG\/DISE, recuperou neste s\u00e1bado (15), tr\u00eas ferramentas utilizadas em constru\u00e7\u00e3o civil, que haviam sido furtadas, numa obra em constru\u00e7\u00e3o em Dracena. T\u00e3o logo a ocorr\u00eancia foi [&hellip;]<\/p>\n","protected":false},"author":1,"featured_media":70087,"comment_status":"closed","ping_status":"open","sticky":false,"template":"","format":"standard","meta":{"footnotes":""},"categories":[110,2],"tags":[],"class_list":["post-70086","post","type-post","status-publish","format-standard","has-post-thumbnail","hentry","category-noticiasdestaque","category-policial"],"_links":{"self":[{"href":"https:\/\/jorgezanoni.com.br\/2019\/wp-json\/wp\/v2\/posts\/70086","targetHints":{"allow":["GET"]}}],"collection":[{"href":"https:\/\/jorgezanoni.com.br\/2019\/wp-json\/wp\/v2\/posts"}],"about":[{"href":"https:\/\/jorgezanoni.com.br\/2019\/wp-json\/wp\/v2\/types\/post"}],"author":[{"embeddable":true,"href":"https:\/\/jorgezanoni.com.br\/2019\/wp-json\/wp\/v2\/users\/1"}],"replies":[{"embeddable":true,"href":"https:\/\/jorgezanoni.com.br\/2019\/wp-json\/wp\/v2\/comments?post=70086"}],"version-history":[{"count":1,"href":"https:\/\/jorgezanoni.com.br\/2019\/wp-json\/wp\/v2\/posts\/70086\/revisions"}],"predecessor-version":[{"id":70088,"href":"https:\/\/jorgezanoni.com.br\/2019\/wp-json\/wp\/v2\/posts\/70086\/revisions\/70088"}],"wp:featuredmedia":[{"embeddable":true,"href":"https:\/\/jorgezanoni.com.br\/2019\/wp-json\/wp\/v2\/media\/70087"}],"wp:attachment":[{"href":"https:\/\/jorgezanoni.com.br\/2019\/wp-json\/wp\/v2\/media?parent=70086"}],"wp:term":[{"taxonomy":"category","embeddable":true,"href":"https:\/\/jorgezanoni.com.br\/2019\/wp-json\/wp\/v2\/categories?post=70086"},{"taxonomy":"post_tag","embeddable":true,"href":"https:\/\/jorgezanoni.com.br\/2019\/wp-json\/wp\/v2\/tags?post=70086"}],"curies":[{"name":"wp","href":"https:\/\/api.w.org\/{rel}","templated":true}]}}