{"id":70003,"date":"2022-10-13T15:18:23","date_gmt":"2022-10-13T15:18:23","guid":{"rendered":"https:\/\/jorgezanoni.com.br\/2019\/?p=70003"},"modified":"2022-10-13T15:18:23","modified_gmt":"2022-10-13T15:18:23","slug":"unifadra-realiza-a-13a-edicao-do-ecap","status":"publish","type":"post","link":"https:\/\/jorgezanoni.com.br\/2019\/unifadra-realiza-a-13a-edicao-do-ecap\/","title":{"rendered":"Unifadra realiza a 13\u00aa edi\u00e7\u00e3o do ECAP"},"content":{"rendered":"<p style=\"text-align: justify;\"><span style=\"font-size: large;\">Nos dias 3 a 9 de novembro de 2022, a Unifadra vai realizar o 13\u00ba Encontro Cient\u00edfico da Alta Paulista (ECAP). As inscri\u00e7\u00f5es est\u00e3o abertas e prosseguem at\u00e9 o dia 21 de outubro. Para a apresenta\u00e7\u00e3o de trabalhos, a submiss\u00e3o de resumos deve ser feita at\u00e9 o dia 17 de outubro.<\/span><\/p>\n<p><span style=\"font-size: large;\">Neste ano, estudantes, profissionais e demais interessados poder\u00e3o se encontrar presencial e digitalmente para que juntos possam promover e participar de atividades cient\u00edficas que permitam a troca de experi\u00eancias entre os participantes, incentivando a pesquisa cient\u00edfica e demais viv\u00eancias.<\/span><\/p>\n<p><span style=\"font-size: large;\">Segundo a comiss\u00e3o organizadora, a barreira entre o presencial e o digital foi definitivamente quebrada e grandes mudan\u00e7as surgiram na \u00e1rea da educa\u00e7\u00e3o, ressaltando que n\u00e3o h\u00e1 limites para se estar junto, mesmo que este junto seja virtual. N\u00e3o h\u00e1 limite, em especial, para a dissemina\u00e7\u00e3o do conhecimento.<\/span><\/p>\n<p><span style=\"font-size: large;\">No ECAP 2022 j\u00e1 est\u00e3o confirmadas as seguintes participa\u00e7\u00f5es:<\/span><br \/>\n<span style=\"font-size: large;\">03\/10 &#8211; Isanne Lima (Atua\u00e7\u00e3o do Enfermeiro: perspectivas al\u00e9m da assist\u00eancia)<\/span><br \/>\n<span style=\"font-size: large;\">04\/10 &#8211; Caroline Regazini (Como oferecer alimentos mais seguros utilizando a tecnologia e os conceitos da ind\u00fastria 4.0)<\/span><br \/>\n<span style=\"font-size: large;\">05\/10 &#8211; Jos\u00e9 Carlos Cavalcante\u00a0(Empreender para Crescer &amp; Inovar para Competir)<\/span><br \/>\n<span style=\"font-size: large;\">07\/10 &#8211; Aline Lima de Araujo (A import\u00e2ncia do Enfermeiro no per\u00edodo pr\u00e9-natal)<\/span><br \/>\n<span style=\"font-size: large;\">07\/10 &#8211; Marcelo Valente (Sarcopenia: recomenda\u00e7\u00f5es para uma abordagem pr\u00e1tica no Brasil)<\/span><br \/>\n<span style=\"font-size: large;\">07\/10 &#8211; Patr\u00edcia Barber\u00e1 Gallego (A atua\u00e7\u00e3o do Psic\u00f3logo Hospitalar na Equipe Interdisciplinar: inser\u00e7\u00e3o, manejos e compartilhamentos poss\u00edveis)<\/span><br \/>\n<span style=\"font-size: large;\">07\/10 &#8211; Raymond Westwater (An\u00e1lise e Desenvolvimento e o perfil que o mercado internacional procura)<\/span><br \/>\n<span style=\"font-size: large;\">08\/10 &#8211; Jana Bertoluci (Enfermagem em Quebec &#8211; Canad\u00e1)<\/span><br \/>\n<span style=\"font-size: large;\">08\/10 &#8211; Alisson Solitto (Bitcoin e a Revolu\u00e7\u00e3o Blockchain)<\/span><br \/>\n<span style=\"font-size: large;\">08\/10 &#8211; Mariana Fachini Esperan\u00e7a (Avalia\u00e7\u00e3o funcional descritiva como ferramenta na queixa escolar)<\/span><\/p>\n<p><span style=\"font-size: large;\">A programa\u00e7\u00e3o do evento est\u00e1 sendo divulgada gradualmente no site oficial do ECAP.<\/span><\/p>\n<p><span style=\"font-size: large;\"><b>13\u00ba Encontro Cient\u00edfico da Alta Paulista (ECAP)<\/b><\/span><br \/>\n<span style=\"font-size: large;\"><b>Quando<\/b>: de 3 a 9 de novembro de 2022, \u00e0s 19h<\/span><br \/>\n<span style=\"font-size: large;\"><b>Informa\u00e7\u00f5es<\/b>:\u00a0<a href=\"https:\/\/fundec.edu.br\/unifadra\/ecap\" target=\"_blank\" rel=\"noopener noreferrer\">https:\/\/fundec.edu.br\/unifadra\/ecap<\/a><\/span><\/p>\n<p><span style=\"font-size: large;\"><b>Encontro Cient\u00edfico da Alta Paulista (ECAP)<\/b><\/span><br \/>\n<span style=\"font-size: large;\"><b>Objetivos<\/b>: promover a atividade cient\u00edfica com palestrantes\/profissionais de reconhecimento nacional e internacional, permitindo a intera\u00e7\u00e3o de experi\u00eancias entre os participantes; divulgar a pesquisa cient\u00edfica realizada pelos alunos e docentes de Institui\u00e7\u00f5es de Ensino Superior; estimular o interesse pela inicia\u00e7\u00e3o cient\u00edfica entre os alunos e incentivar a pesquisa cient\u00edfica entre alunos e docentes da institui\u00e7\u00e3o promotora.<\/span><br \/>\n<span style=\"font-size: large;\"><b>Realiza\u00e7\u00e3o<\/b>: o evento \u00e9 desenvolvido por uma comiss\u00e3o organizadora, pelos departamentos de Ensino, Pesquisa e Extens\u00e3o e pelos cursos de gradua\u00e7\u00e3o da Unifadra.<\/span><\/p>\n<p>Fonte: Depto. de Comunica\u00e7\u00e3o da Fundec<\/p>\n","protected":false},"excerpt":{"rendered":"<p>Nos dias 3 a 9 de novembro de 2022, a Unifadra vai realizar o 13\u00ba Encontro Cient\u00edfico da Alta Paulista (ECAP). As inscri\u00e7\u00f5es est\u00e3o abertas e prosseguem at\u00e9 o dia 21 de outubro. Para a apresenta\u00e7\u00e3o de trabalhos, a submiss\u00e3o de resumos deve ser feita at\u00e9 o dia 17 de outubro. Neste ano, estudantes, profissionais [&hellip;]<\/p>\n","protected":false},"author":1,"featured_media":70004,"comment_status":"closed","ping_status":"open","sticky":false,"template":"","format":"standard","meta":{"footnotes":""},"categories":[110,122],"tags":[],"class_list":["post-70003","post","type-post","status-publish","format-standard","has-post-thumbnail","hentry","category-noticiasdestaque","category-saudeeducacaoeconcurso"],"_links":{"self":[{"href":"https:\/\/jorgezanoni.com.br\/2019\/wp-json\/wp\/v2\/posts\/70003","targetHints":{"allow":["GET"]}}],"collection":[{"href":"https:\/\/jorgezanoni.com.br\/2019\/wp-json\/wp\/v2\/posts"}],"about":[{"href":"https:\/\/jorgezanoni.com.br\/2019\/wp-json\/wp\/v2\/types\/post"}],"author":[{"embeddable":true,"href":"https:\/\/jorgezanoni.com.br\/2019\/wp-json\/wp\/v2\/users\/1"}],"replies":[{"embeddable":true,"href":"https:\/\/jorgezanoni.com.br\/2019\/wp-json\/wp\/v2\/comments?post=70003"}],"version-history":[{"count":1,"href":"https:\/\/jorgezanoni.com.br\/2019\/wp-json\/wp\/v2\/posts\/70003\/revisions"}],"predecessor-version":[{"id":70005,"href":"https:\/\/jorgezanoni.com.br\/2019\/wp-json\/wp\/v2\/posts\/70003\/revisions\/70005"}],"wp:featuredmedia":[{"embeddable":true,"href":"https:\/\/jorgezanoni.com.br\/2019\/wp-json\/wp\/v2\/media\/70004"}],"wp:attachment":[{"href":"https:\/\/jorgezanoni.com.br\/2019\/wp-json\/wp\/v2\/media?parent=70003"}],"wp:term":[{"taxonomy":"category","embeddable":true,"href":"https:\/\/jorgezanoni.com.br\/2019\/wp-json\/wp\/v2\/categories?post=70003"},{"taxonomy":"post_tag","embeddable":true,"href":"https:\/\/jorgezanoni.com.br\/2019\/wp-json\/wp\/v2\/tags?post=70003"}],"curies":[{"name":"wp","href":"https:\/\/api.w.org\/{rel}","templated":true}]}}