{"id":69981,"date":"2022-10-12T19:52:58","date_gmt":"2022-10-12T19:52:58","guid":{"rendered":"https:\/\/jorgezanoni.com.br\/2019\/?p=69981"},"modified":"2022-10-12T19:52:58","modified_gmt":"2022-10-12T19:52:58","slug":"policia-militar-ultimas-ocorrencias-e-cafe-da-manha-de-valorizacao","status":"publish","type":"post","link":"https:\/\/jorgezanoni.com.br\/2019\/policia-militar-ultimas-ocorrencias-e-cafe-da-manha-de-valorizacao\/","title":{"rendered":"POL\u00cdCIA MILITAR: \u00daltimas ocorr\u00eancias e Caf\u00e9 da Manh\u00e3 de Valoriza\u00e7\u00e3o"},"content":{"rendered":"<p style=\"text-align: justify;\">POL\u00cdCIA MILITAR EM PAULIC\u00c9IA PRENDE HOMEM POR PORTE ILEGAL DE ARMA DE FOGO\/ LES\u00c3O CORPORAL CULPOSA AP\u00d3S DISPARO.<\/p>\n<p style=\"text-align: justify;\">Apreens\u00f5es: 01(uma) Pistola, marca Taurus, modelo G2C, calibre 9mm, capacidade de 12(doze) tiros; 03(tr\u00eas) carregadores; 48(quarenta e oito) muni\u00e7\u00f5es intactas CBC, e um documento Certificado de Registro de Arma.<\/p>\n<p style=\"text-align: justify;\">NA DATA DE ONTEM (10) POR VOLTA DAS 19H04MIN FOI ACIONADA VIA COPOM A FIM DE ATENDER OCORR\u00caNCIA DE LES\u00c3O CORPORAL, NO PRONTO SOCORRO FOI VERIFICADO QUE O FERIMENTO NA V\u00cdTIMA FOI EFETUADO POR ARMA DE FOGO. NO PS A V\u00cdTIMA FOI IDENTIFICADA ESTAVA ACOMPANHADO E RELATOU QUE ESTAVAM REUNIDOS E BEBENDO ALGUMAS CERVEJAS, EM UM RESIDENCIAL E QUE O INDICIADO PEGOU A ARMA PARA MOSTRAR PARA A V\u00cdTIMA E SEM A INTEN\u00c7\u00c3O DISPAROU A ARMA E ATINGIU A V\u00cdTIMA NA ALTURA DO OMBRO. AINDA NO PS, EM CONTATO COM A M\u00c9DICA DE PLANT\u00c3O, RELATOU QUE O ESTADO DE SA\u00daDE DA V\u00cdTIMA ESTAVA INST\u00c1VEL, CONSCIENTE, COM BAIXO RISCO DE MORTE, QUE O PROJ\u00c9TIL TRANSFIXOU O CORPO, COM PERFURA\u00c7\u00c3O DE ENTRADA NO OMBRO E SA\u00cdDA NAS COSTAS, QUE A V\u00cdTIMA SERIA TRANSFERIDA PARA A SANTA CASA DE PANORAMA E POSTERIOR SANTA CASA DE TUPI PAULISTA.<br \/>\nAO CHEGAR NO LOCAL DOS FATOS A EQUIPE DEPAROU COM O AUTOR TENTANDO SAIR COM SEU VE\u00cdCULO, SENDO CONTIDO DE IMEDIATO, EM ENTREVISTA A ELE, DISSE QUE EFETUOU DOIS DISPAROS ACIDENTAIS, UM NA DIRE\u00c7\u00c3O DO QUINTAL DA CASA, OUTRO QUE ATINGIU SEU AMIGO N\u00c3O SABENDO EXPLICAR COMO OCORREU ESTE ACIDENTE. O INDICIADO DISSE AINDA QUE SOCORREU A V\u00cdTIMA EM SEU VE\u00cdCULO AT\u00c9 O PRONTO SOCORRO, DEPOIS RETORNOU PARA CASA.<br \/>\nRESPONDEU QUE, A ARMA DE FOGO ESTAVA NO INTERIOR DA RESID\u00caNCIA, INDICANDO O LOCAL EXATO.<br \/>\nA ARMA, FOI LOCALIZADA DENTRO DE UM ARM\u00c1RIO DE A\u00c7O EM UM C\u00d4MODO USADO COMO DISPENSA, ESTAVA ACONDICIONADA EM UMA MALETA PRETA MARCA TAURUS, A ARMA DE FOGO, SE TRATA DE UMA PISTOLA. O AUTOR RELATOU QUE NUNCA HAVIA DISPARADO UM TIRO COM AQUELA ARMA E QUE N\u00c3O SABE MANUSEA-LA.<br \/>\nO LOCAL FOI PRESERVADO PARA PER\u00cdCIA. NA VARANDA EXTERNA DA CASA FOI LOCALIZADO NO CH\u00c3O, ENTRE UMA MESA DE MADEIRA E UMA MESA DE SINUCA, 2(DOIS) ESTOJOS VAZIOS, J\u00c1 DEFLAGRADOS, HAVIA MANCHAS DE SANGUE NO CH\u00c3O PR\u00d3XIMO DA MESA E DO AUTOM\u00d3VEL QUE ESTAVA NA GARAGEM. FOI DADA VOZ DE PRIS\u00c3O EM FLAGRANTE PELO CRIME DE PORTE ILEGAL DE ARMA DE FOGO, LES\u00c3O CORPORAL CULPOSA, CONFORME ART. 14 DA LEI 10826\/03 ESTATUTO DO DESARMAMENTO, ART. 129 PAR\u00c1GRAFO 6\u00b0 DO CP E ART. 69 CP, PERMANECENDO O PRESO A DISPOSI\u00c7\u00c3O DA JUSTI\u00c7A.<\/p>\n<p style=\"text-align: justify;\"><img loading=\"lazy\" decoding=\"async\" class=\"alignnone size-full wp-image-69982\" src=\"https:\/\/jorgezanoni.com.br\/2019\/wp-content\/uploads\/2022\/10\/Revolver.jpg\" alt=\"\" width=\"700\" height=\"933\" srcset=\"https:\/\/jorgezanoni.com.br\/2019\/wp-content\/uploads\/2022\/10\/Revolver.jpg 700w, https:\/\/jorgezanoni.com.br\/2019\/wp-content\/uploads\/2022\/10\/Revolver-225x300.jpg 225w, https:\/\/jorgezanoni.com.br\/2019\/wp-content\/uploads\/2022\/10\/Revolver-696x928.jpg 696w, https:\/\/jorgezanoni.com.br\/2019\/wp-content\/uploads\/2022\/10\/Revolver-315x420.jpg 315w\" sizes=\"auto, (max-width: 700px) 100vw, 700px\" \/><\/p>\n<p style=\"text-align: justify;\">POL\u00cdCIA MILITAR APREENDE ADOLESCENTE POR ATO INFRACIONAL DE TR\u00c1FICO DE DROGAS DURANTE OPERA\u00c7\u00c3O EM JUNQUEIR\u00d3POLIS.<\/p>\n<p style=\"text-align: justify;\">NA DATA DE ONTEM (10) POR VOLTA DAS 13H20MIN DURANTE REALIZA\u00c7AO DA &#8220;OPERA\u00c7\u00c3O NICHOLAUS&#8221; , EM CONJUNTO COM A POL\u00cdCIA CIVIL, A POL\u00cdCIA MILITAR AP\u00d3S CUMPRIMENTO DE MANDADO DE BUSCA E APREENS\u00c3O, FOI OBTIDA INFORMA\u00c7\u00d5ES DE QUE UMA RESID\u00caNCIA NA RUA SAO SALVADOR, HAVIA MOVIMENTO DE VENDA DE DROGAS. AO APROXIMAR DO REFERIDO IM\u00d3VEL, HAVIA UM INDIV\u00cdDUO NO PORT\u00c3O QUE AO AVISTAR A EQUIPE CORREU EM DIRE\u00c7\u00c3O AO IM\u00d3VEL, E NO PRIMEIRO CONTATO IMEDIATAMENTE DISSE &#8220;A CASA CAIU SENHOR&#8221; INFORMADO ESPOTANEAMENTE QUE HAVIA UMA QUANTIDADE CONSIDER\u00c1VEL DE DROGAS NO INTERIOR DA RESID\u00caNCIA, MAIS PRECISAMENTE NO INTERIOR DO GUARDA-ROUPA. COM APOIO DA EQUIPE DO CANIL, FORAM LOCALIZADAS AS DROGAS. A GENITORA DO ADOLESCENTE ACOMPANHOU A A\u00c7\u00c3O POLICIAL. PELO PLANT\u00c3O DE POL\u00cdCIA JUDICI\u00c1RIA FOI RATIFICADA A VOZ DE APREENS\u00c3O AO ADOLESCENTE.<\/p>\n<p style=\"text-align: justify;\"><img loading=\"lazy\" decoding=\"async\" class=\"alignnone size-full wp-image-69983\" src=\"https:\/\/jorgezanoni.com.br\/2019\/wp-content\/uploads\/2022\/10\/adole.jpg\" alt=\"\" width=\"1600\" height=\"900\" srcset=\"https:\/\/jorgezanoni.com.br\/2019\/wp-content\/uploads\/2022\/10\/adole.jpg 1600w, https:\/\/jorgezanoni.com.br\/2019\/wp-content\/uploads\/2022\/10\/adole-300x169.jpg 300w, https:\/\/jorgezanoni.com.br\/2019\/wp-content\/uploads\/2022\/10\/adole-1024x576.jpg 1024w, https:\/\/jorgezanoni.com.br\/2019\/wp-content\/uploads\/2022\/10\/adole-768x432.jpg 768w, https:\/\/jorgezanoni.com.br\/2019\/wp-content\/uploads\/2022\/10\/adole-1536x864.jpg 1536w, https:\/\/jorgezanoni.com.br\/2019\/wp-content\/uploads\/2022\/10\/adole-696x392.jpg 696w, https:\/\/jorgezanoni.com.br\/2019\/wp-content\/uploads\/2022\/10\/adole-1068x601.jpg 1068w, https:\/\/jorgezanoni.com.br\/2019\/wp-content\/uploads\/2022\/10\/adole-747x420.jpg 747w\" sizes=\"auto, (max-width: 1600px) 100vw, 1600px\" \/><\/p>\n<p style=\"text-align: justify;\">*POL\u00cdCIA MILITAR CAPTURA PROCURADO DA JUSTI\u00c7A EM JUNQUEIR\u00d3POLIS<\/p>\n<p style=\"text-align: justify;\">NA DATA DE ONTEM (10) POR VOLTA DAS 9H30MIN FOI IRRADIADO VIA COPOM UMA DEN\u00daNCIA CONSTANDO QUE NO INTERIOR DO RECINTO DA ACERUVA<br \/>\nPRECISAMENTE NO PARQUE DE DIVERS\u00d5ES QUE UMA PESSOA ESTAVA PROCURADO PELA JUSTI\u00c7A ( HOMEM 54 ANOS). DIANTE DAS INFORMA\u00c7\u00d5ES FOI CONFIRMADO QUE HAVIA EM SEU DESFAVOR O MANDADO DE PRIS\u00c3O COM DATA DE EXPEDI\u00c7\u00c3O 30\/08\/2022 (PRIS\u00c3O CIVIL)<br \/>\nTOMADO CI\u00caNCIA DO MANDADO DE PRIS\u00c3O, FOI DADA VOZ DE PRIS\u00c3O ONDE FICOU PRESO A DISPOSI\u00c7\u00c3O DA JUSTI\u00c7A.<\/p>\n<p style=\"text-align: justify;\">POL\u00cdCIA MILITAR PRENDE CASAL POR TR\u00c1FICO DE DROGAS EM JUNQUEIR\u00d3POLIS DURANTE OPERA\u00c7\u00c3O.<\/p>\n<p style=\"text-align: justify;\">APREENS\u00c3O<br \/>\nMACONHA: 0,020 KG<br \/>\nCRACK: 0,040 KG<br \/>\nDINHEIRO: R$200,00<\/p>\n<p style=\"text-align: justify;\">\nNA DATA DE ONTEM (10) POR VOLTA 14H37MIN DURANTE A OPERA\u00c7\u00c3O CONJUNTA COM A POLICIA CIVIL DENOMINADA NICHOLAUS, COPOM IRRADIOU ATITUDE<br \/>\nSUSPEITA PELA RUA GOI\u00c2NIA EM JUNQUEIR\u00d3POLIS EM QUE UM INDIV\u00cdDUO COM SHORTS TACTEL AZUL E SEM CAMISA ESTAVA PELO<br \/>\nLOCAL, INFORMANDO QUE FUGIU DE SUA RESIDENCIA ONDE OS POLICIAS ESTAVAM CUMPRINDO MANDADO DE BUSCA E APREENS\u00c3O. DE POSSE DAS INFORMA\u00c7\u00d5ES A EQUIPE DA POL\u00cdCIA MILITAR DESLOCOU AT\u00c9 O LOCAL E O INDICIADO AO<br \/>\nAVISTAR A VIATURA PULOU O MURO E EM DESEMBALADA CARREIRA EMPREENDEU FUGA PELOS TERRENOS<br \/>\nBALDIOS, SENDO ACOMPANHADO PELOS POLICIAIS E DURANTE A FUGA DISPENSOU UM INVOLUCRO BRANCO CONTENDO CRACK SENDO RECOLHIDO. O INDIV\u00cdDUO FOI LOCALIZADO<br \/>\nPELA RUA CORUMB\u00c1,<br \/>\nREALIZADO BUSCA PESSOAL ENCONTRADO NO BOLSO DIREITO R$200,00.<br \/>\nNA ABORDAGEM FOI VERIFICADO SANGUE NAS MAOS DO INDICIADO, RELATANDO O INDICIADO QUE NA FUGA FOI ATACADO POR TR\u00caS PITBULLS,<br \/>\nINFORMOU AINDA QUE EM SUA RESIDENCIA TERIA UMA POR\u00c7\u00c3O DE MACONHA E CERTA QUANTIA EM DINHEIRO,<br \/>\nE VERSOU QUE REALIZAVA A VENDA DAS DROGAS EM SUA CASA. TAL VERS\u00c3O<br \/>\nCONFIRMADA POSTERIOR PELA SUA AMASIA QUE PRONTIFICOU EM MOSTRAR O LOCAL, ONDE ESTAVA O RESTANTE DA DROGA. FOI ENCONTRADO UM INVOLUCRO DE MACONHA DENTRO DA BATEDEIRA EM CIMA DA GELADEIRA E<br \/>\nR$88,00 NO QUARTO DO CASAL EM CIMA DA TELEVIS\u00c3O. DADO VOZ DE PRIS\u00c3O AOS INDICIADOS HOMEM 19 E MULHER 23 ANOS) PERMANECENDO PRESOS POR TRAFICO DE<br \/>\nDROGAS.<\/p>\n<p style=\"text-align: justify;\"><img loading=\"lazy\" decoding=\"async\" class=\"alignnone size-full wp-image-69984\" src=\"https:\/\/jorgezanoni.com.br\/2019\/wp-content\/uploads\/2022\/10\/aprre.jpg\" alt=\"\" width=\"1000\" height=\"663\" srcset=\"https:\/\/jorgezanoni.com.br\/2019\/wp-content\/uploads\/2022\/10\/aprre.jpg 1000w, https:\/\/jorgezanoni.com.br\/2019\/wp-content\/uploads\/2022\/10\/aprre-300x199.jpg 300w, https:\/\/jorgezanoni.com.br\/2019\/wp-content\/uploads\/2022\/10\/aprre-768x509.jpg 768w, https:\/\/jorgezanoni.com.br\/2019\/wp-content\/uploads\/2022\/10\/aprre-696x461.jpg 696w, https:\/\/jorgezanoni.com.br\/2019\/wp-content\/uploads\/2022\/10\/aprre-633x420.jpg 633w\" sizes=\"auto, (max-width: 1000px) 100vw, 1000px\" \/><\/p>\n<p style=\"text-align: justify;\">3\u00ba\u00a0 CAF\u00c9 DA MANH\u00c3 EM S\u00c3O JO\u00c3O DO P\u00c1U D&#8217;\u00c1LHO<\/p>\n<p style=\"text-align: justify;\">Ter\u00e7a-feira, 11 de outubro de 2022, a 4\u00aa Companhia do 25\u00ba Batalh\u00e3o de Pol\u00edcia Militar do Interior realizou, no 3\u00ba Grupamento de Pol\u00edcia Militar em S\u00e3o Jo\u00e3o do Pau D&#8217;alho\/SP, um &#8220;Caf\u00e9 da Manh\u00e3 de Valoriza\u00e7\u00e3o Policial Militar&#8221; com o efetivo PM de Monte Castelo, objetivando reconhecer a excel\u00eancia dos trabalhos prestados pelos policiais militares.<br \/>\nNa presente solenidade, o Cap PM Eder Mazzini Bressan fez uso da palavra para dar boas vindas a todos e logo ap\u00f3s, foi realizada a entrega de L\u00e1urea de M\u00e9rito Pessoal aos policiais militares agraciados, bem como a entrega de Certificado em agradecimento ao Prefeito Municipal Fernando Barberino, pelo apoio e parceria e ao veterano 2\u00ba Tenente PM Gilberto Donato, que<br \/>\nA L\u00e1urea de M\u00e9rito Pessoal \u00e9 uma comenda que possui 5 (cinco) graus e \u00e9 concedida aos policiais que se destacaram por seus m\u00e9ritos pessoais no cumprimento do dever, objetivando tamb\u00e9m elevar o moral, o esp\u00edrito de corpo e o fortalecimento dos valores policiais militares.<br \/>\nForam agraciados com a L\u00e1urea de M\u00e9rito Pessoal: em 5\u00ba grau, Soldado PM Leonardo Richeto; em 3\u00ba Grau Cabo PM Agnaldo Neves Prates, Cabo PM Alessandro Verona e Cabo PM Rodolfo dos Santos Rodrigues.<br \/>\nPosterior, foi realizado agradecimento aos policiais militares, Cabo PM Isaias Cardoso Garcia e Cab PM Paulo Barberino Filho, que atuaram na reforma do 3\u00ba Grupamento de Pol\u00edcia Militar, melhorando as condi\u00e7\u00f5es f\u00edsicas do pr\u00e9dio, onde renovaram a pintura interna e externa, sacrificando os momentos de folga, demonstrando, com isso, amor \u00e0 causa p\u00fablica, proatividade e voluntariado.<br \/>\nFizeram-se presentes e abrilhantaram o evento: o Tenente Coronel PM Ivan Garcia de Oliveira (Comandante do 25\u00ba BPM\/I), Capit\u00e3o PM Eder Mazzini Bressan (Comandante da 4\u00aa Companhia PM), 2\u00ba Tenente PM Felipe Morandi (Subcomandante da 4\u00aa Companhia PM), Sr. Fernando Barberino (Prefeito Municipal), Sr. Idevalte Ungari (Vice Prefeito).<br \/>\nPor fim, fizeram uso da palavra o Prefeito Municipal de S\u00e3o Jo\u00e3o do Pau D&#8217;alho e o Comandante do 25\u00ba Batalh\u00e3o de Pol\u00edcia Militar do Interior Tenente Coronel PM Ivan Garcia de Oliveira, onde parabenizaram e agradeceram a todos os policiais militares pela dedica\u00e7\u00e3o e empenho no trabalho que vem sendo desenvolvido, contribuindo para que o munic\u00edpio de S\u00e3o Jo\u00e3o do Pau D&#8217;alho\/SP mantenha os baixos \u00edndices criminais. Agradeceram tamb\u00e9m a presen\u00e7a dos familiares, autoridades civis, oficiais e pra\u00e7as que prestigiaram o evento.<\/p>\n<p style=\"text-align: justify;\"><img loading=\"lazy\" decoding=\"async\" class=\"alignnone size-full wp-image-69985\" src=\"https:\/\/jorgezanoni.com.br\/2019\/wp-content\/uploads\/2022\/10\/pau.jpg\" alt=\"\" width=\"1600\" height=\"900\" srcset=\"https:\/\/jorgezanoni.com.br\/2019\/wp-content\/uploads\/2022\/10\/pau.jpg 1600w, https:\/\/jorgezanoni.com.br\/2019\/wp-content\/uploads\/2022\/10\/pau-300x169.jpg 300w, https:\/\/jorgezanoni.com.br\/2019\/wp-content\/uploads\/2022\/10\/pau-1024x576.jpg 1024w, https:\/\/jorgezanoni.com.br\/2019\/wp-content\/uploads\/2022\/10\/pau-768x432.jpg 768w, https:\/\/jorgezanoni.com.br\/2019\/wp-content\/uploads\/2022\/10\/pau-1536x864.jpg 1536w, https:\/\/jorgezanoni.com.br\/2019\/wp-content\/uploads\/2022\/10\/pau-696x392.jpg 696w, https:\/\/jorgezanoni.com.br\/2019\/wp-content\/uploads\/2022\/10\/pau-1068x601.jpg 1068w, https:\/\/jorgezanoni.com.br\/2019\/wp-content\/uploads\/2022\/10\/pau-747x420.jpg 747w\" sizes=\"auto, (max-width: 1600px) 100vw, 1600px\" \/> <img loading=\"lazy\" decoding=\"async\" class=\"alignnone size-full wp-image-69986\" src=\"https:\/\/jorgezanoni.com.br\/2019\/wp-content\/uploads\/2022\/10\/pau1.jpg\" alt=\"\" width=\"1600\" height=\"900\" srcset=\"https:\/\/jorgezanoni.com.br\/2019\/wp-content\/uploads\/2022\/10\/pau1.jpg 1600w, https:\/\/jorgezanoni.com.br\/2019\/wp-content\/uploads\/2022\/10\/pau1-300x169.jpg 300w, https:\/\/jorgezanoni.com.br\/2019\/wp-content\/uploads\/2022\/10\/pau1-1024x576.jpg 1024w, https:\/\/jorgezanoni.com.br\/2019\/wp-content\/uploads\/2022\/10\/pau1-768x432.jpg 768w, https:\/\/jorgezanoni.com.br\/2019\/wp-content\/uploads\/2022\/10\/pau1-1536x864.jpg 1536w, https:\/\/jorgezanoni.com.br\/2019\/wp-content\/uploads\/2022\/10\/pau1-696x392.jpg 696w, https:\/\/jorgezanoni.com.br\/2019\/wp-content\/uploads\/2022\/10\/pau1-1068x601.jpg 1068w, https:\/\/jorgezanoni.com.br\/2019\/wp-content\/uploads\/2022\/10\/pau1-747x420.jpg 747w\" sizes=\"auto, (max-width: 1600px) 100vw, 1600px\" \/> <img loading=\"lazy\" decoding=\"async\" class=\"alignnone size-full wp-image-69987\" src=\"https:\/\/jorgezanoni.com.br\/2019\/wp-content\/uploads\/2022\/10\/pau2.jpg\" alt=\"\" width=\"1600\" height=\"900\" srcset=\"https:\/\/jorgezanoni.com.br\/2019\/wp-content\/uploads\/2022\/10\/pau2.jpg 1600w, https:\/\/jorgezanoni.com.br\/2019\/wp-content\/uploads\/2022\/10\/pau2-300x169.jpg 300w, https:\/\/jorgezanoni.com.br\/2019\/wp-content\/uploads\/2022\/10\/pau2-1024x576.jpg 1024w, https:\/\/jorgezanoni.com.br\/2019\/wp-content\/uploads\/2022\/10\/pau2-768x432.jpg 768w, https:\/\/jorgezanoni.com.br\/2019\/wp-content\/uploads\/2022\/10\/pau2-1536x864.jpg 1536w, https:\/\/jorgezanoni.com.br\/2019\/wp-content\/uploads\/2022\/10\/pau2-696x392.jpg 696w, https:\/\/jorgezanoni.com.br\/2019\/wp-content\/uploads\/2022\/10\/pau2-1068x601.jpg 1068w, https:\/\/jorgezanoni.com.br\/2019\/wp-content\/uploads\/2022\/10\/pau2-747x420.jpg 747w\" sizes=\"auto, (max-width: 1600px) 100vw, 1600px\" \/> <img loading=\"lazy\" decoding=\"async\" class=\"alignnone size-full wp-image-69988\" src=\"https:\/\/jorgezanoni.com.br\/2019\/wp-content\/uploads\/2022\/10\/pau3.jpg\" alt=\"\" width=\"1600\" height=\"900\" srcset=\"https:\/\/jorgezanoni.com.br\/2019\/wp-content\/uploads\/2022\/10\/pau3.jpg 1600w, https:\/\/jorgezanoni.com.br\/2019\/wp-content\/uploads\/2022\/10\/pau3-300x169.jpg 300w, https:\/\/jorgezanoni.com.br\/2019\/wp-content\/uploads\/2022\/10\/pau3-1024x576.jpg 1024w, https:\/\/jorgezanoni.com.br\/2019\/wp-content\/uploads\/2022\/10\/pau3-768x432.jpg 768w, https:\/\/jorgezanoni.com.br\/2019\/wp-content\/uploads\/2022\/10\/pau3-1536x864.jpg 1536w, https:\/\/jorgezanoni.com.br\/2019\/wp-content\/uploads\/2022\/10\/pau3-696x392.jpg 696w, https:\/\/jorgezanoni.com.br\/2019\/wp-content\/uploads\/2022\/10\/pau3-1068x601.jpg 1068w, https:\/\/jorgezanoni.com.br\/2019\/wp-content\/uploads\/2022\/10\/pau3-747x420.jpg 747w\" sizes=\"auto, (max-width: 1600px) 100vw, 1600px\" \/> <img loading=\"lazy\" decoding=\"async\" class=\"alignnone size-full wp-image-69989\" src=\"https:\/\/jorgezanoni.com.br\/2019\/wp-content\/uploads\/2022\/10\/pau4.jpg\" alt=\"\" width=\"1280\" height=\"516\" srcset=\"https:\/\/jorgezanoni.com.br\/2019\/wp-content\/uploads\/2022\/10\/pau4.jpg 1280w, https:\/\/jorgezanoni.com.br\/2019\/wp-content\/uploads\/2022\/10\/pau4-300x121.jpg 300w, https:\/\/jorgezanoni.com.br\/2019\/wp-content\/uploads\/2022\/10\/pau4-1024x413.jpg 1024w, https:\/\/jorgezanoni.com.br\/2019\/wp-content\/uploads\/2022\/10\/pau4-768x310.jpg 768w, https:\/\/jorgezanoni.com.br\/2019\/wp-content\/uploads\/2022\/10\/pau4-696x281.jpg 696w, https:\/\/jorgezanoni.com.br\/2019\/wp-content\/uploads\/2022\/10\/pau4-1068x431.jpg 1068w, https:\/\/jorgezanoni.com.br\/2019\/wp-content\/uploads\/2022\/10\/pau4-1042x420.jpg 1042w\" sizes=\"auto, (max-width: 1280px) 100vw, 1280px\" \/> <img loading=\"lazy\" decoding=\"async\" class=\"alignnone size-full wp-image-69991\" src=\"https:\/\/jorgezanoni.com.br\/2019\/wp-content\/uploads\/2022\/10\/pau6.jpg\" alt=\"\" width=\"1600\" height=\"900\" srcset=\"https:\/\/jorgezanoni.com.br\/2019\/wp-content\/uploads\/2022\/10\/pau6.jpg 1600w, https:\/\/jorgezanoni.com.br\/2019\/wp-content\/uploads\/2022\/10\/pau6-300x169.jpg 300w, https:\/\/jorgezanoni.com.br\/2019\/wp-content\/uploads\/2022\/10\/pau6-1024x576.jpg 1024w, https:\/\/jorgezanoni.com.br\/2019\/wp-content\/uploads\/2022\/10\/pau6-768x432.jpg 768w, https:\/\/jorgezanoni.com.br\/2019\/wp-content\/uploads\/2022\/10\/pau6-1536x864.jpg 1536w, https:\/\/jorgezanoni.com.br\/2019\/wp-content\/uploads\/2022\/10\/pau6-696x392.jpg 696w, https:\/\/jorgezanoni.com.br\/2019\/wp-content\/uploads\/2022\/10\/pau6-1068x601.jpg 1068w, https:\/\/jorgezanoni.com.br\/2019\/wp-content\/uploads\/2022\/10\/pau6-747x420.jpg 747w\" sizes=\"auto, (max-width: 1600px) 100vw, 1600px\" \/> <img loading=\"lazy\" decoding=\"async\" class=\"alignnone size-full wp-image-69992\" src=\"https:\/\/jorgezanoni.com.br\/2019\/wp-content\/uploads\/2022\/10\/pau7.jpg\" alt=\"\" width=\"1280\" height=\"720\" srcset=\"https:\/\/jorgezanoni.com.br\/2019\/wp-content\/uploads\/2022\/10\/pau7.jpg 1280w, https:\/\/jorgezanoni.com.br\/2019\/wp-content\/uploads\/2022\/10\/pau7-300x169.jpg 300w, https:\/\/jorgezanoni.com.br\/2019\/wp-content\/uploads\/2022\/10\/pau7-1024x576.jpg 1024w, https:\/\/jorgezanoni.com.br\/2019\/wp-content\/uploads\/2022\/10\/pau7-768x432.jpg 768w, https:\/\/jorgezanoni.com.br\/2019\/wp-content\/uploads\/2022\/10\/pau7-696x392.jpg 696w, https:\/\/jorgezanoni.com.br\/2019\/wp-content\/uploads\/2022\/10\/pau7-1068x601.jpg 1068w, https:\/\/jorgezanoni.com.br\/2019\/wp-content\/uploads\/2022\/10\/pau7-747x420.jpg 747w\" sizes=\"auto, (max-width: 1280px) 100vw, 1280px\" \/> <img loading=\"lazy\" decoding=\"async\" class=\"alignnone size-full wp-image-69993\" src=\"https:\/\/jorgezanoni.com.br\/2019\/wp-content\/uploads\/2022\/10\/pau8.jpg\" alt=\"\" width=\"1600\" height=\"900\" srcset=\"https:\/\/jorgezanoni.com.br\/2019\/wp-content\/uploads\/2022\/10\/pau8.jpg 1600w, https:\/\/jorgezanoni.com.br\/2019\/wp-content\/uploads\/2022\/10\/pau8-300x169.jpg 300w, https:\/\/jorgezanoni.com.br\/2019\/wp-content\/uploads\/2022\/10\/pau8-1024x576.jpg 1024w, https:\/\/jorgezanoni.com.br\/2019\/wp-content\/uploads\/2022\/10\/pau8-768x432.jpg 768w, https:\/\/jorgezanoni.com.br\/2019\/wp-content\/uploads\/2022\/10\/pau8-1536x864.jpg 1536w, https:\/\/jorgezanoni.com.br\/2019\/wp-content\/uploads\/2022\/10\/pau8-696x392.jpg 696w, https:\/\/jorgezanoni.com.br\/2019\/wp-content\/uploads\/2022\/10\/pau8-1068x601.jpg 1068w, https:\/\/jorgezanoni.com.br\/2019\/wp-content\/uploads\/2022\/10\/pau8-747x420.jpg 747w\" sizes=\"auto, (max-width: 1600px) 100vw, 1600px\" \/> <img loading=\"lazy\" decoding=\"async\" class=\"alignnone size-full wp-image-69994\" src=\"https:\/\/jorgezanoni.com.br\/2019\/wp-content\/uploads\/2022\/10\/pau9.jpg\" alt=\"\" width=\"1600\" height=\"900\" srcset=\"https:\/\/jorgezanoni.com.br\/2019\/wp-content\/uploads\/2022\/10\/pau9.jpg 1600w, https:\/\/jorgezanoni.com.br\/2019\/wp-content\/uploads\/2022\/10\/pau9-300x169.jpg 300w, https:\/\/jorgezanoni.com.br\/2019\/wp-content\/uploads\/2022\/10\/pau9-1024x576.jpg 1024w, https:\/\/jorgezanoni.com.br\/2019\/wp-content\/uploads\/2022\/10\/pau9-768x432.jpg 768w, https:\/\/jorgezanoni.com.br\/2019\/wp-content\/uploads\/2022\/10\/pau9-1536x864.jpg 1536w, https:\/\/jorgezanoni.com.br\/2019\/wp-content\/uploads\/2022\/10\/pau9-696x392.jpg 696w, https:\/\/jorgezanoni.com.br\/2019\/wp-content\/uploads\/2022\/10\/pau9-1068x601.jpg 1068w, https:\/\/jorgezanoni.com.br\/2019\/wp-content\/uploads\/2022\/10\/pau9-747x420.jpg 747w\" sizes=\"auto, (max-width: 1600px) 100vw, 1600px\" \/>Fonte: Com. Social Pol\u00edcia Militar<\/p>\n<p>&nbsp;<\/p>\n","protected":false},"excerpt":{"rendered":"<p>POL\u00cdCIA MILITAR EM PAULIC\u00c9IA PRENDE HOMEM POR PORTE ILEGAL DE ARMA DE FOGO\/ LES\u00c3O CORPORAL CULPOSA AP\u00d3S DISPARO. Apreens\u00f5es: 01(uma) Pistola, marca Taurus, modelo G2C, calibre 9mm, capacidade de 12(doze) tiros; 03(tr\u00eas) carregadores; 48(quarenta e oito) muni\u00e7\u00f5es intactas CBC, e um documento Certificado de Registro de Arma. NA DATA DE ONTEM (10) POR VOLTA DAS [&hellip;]<\/p>\n","protected":false},"author":1,"featured_media":69990,"comment_status":"closed","ping_status":"open","sticky":false,"template":"","format":"standard","meta":{"footnotes":""},"categories":[110,2],"tags":[],"class_list":["post-69981","post","type-post","status-publish","format-standard","has-post-thumbnail","hentry","category-noticiasdestaque","category-policial"],"_links":{"self":[{"href":"https:\/\/jorgezanoni.com.br\/2019\/wp-json\/wp\/v2\/posts\/69981","targetHints":{"allow":["GET"]}}],"collection":[{"href":"https:\/\/jorgezanoni.com.br\/2019\/wp-json\/wp\/v2\/posts"}],"about":[{"href":"https:\/\/jorgezanoni.com.br\/2019\/wp-json\/wp\/v2\/types\/post"}],"author":[{"embeddable":true,"href":"https:\/\/jorgezanoni.com.br\/2019\/wp-json\/wp\/v2\/users\/1"}],"replies":[{"embeddable":true,"href":"https:\/\/jorgezanoni.com.br\/2019\/wp-json\/wp\/v2\/comments?post=69981"}],"version-history":[{"count":1,"href":"https:\/\/jorgezanoni.com.br\/2019\/wp-json\/wp\/v2\/posts\/69981\/revisions"}],"predecessor-version":[{"id":69995,"href":"https:\/\/jorgezanoni.com.br\/2019\/wp-json\/wp\/v2\/posts\/69981\/revisions\/69995"}],"wp:featuredmedia":[{"embeddable":true,"href":"https:\/\/jorgezanoni.com.br\/2019\/wp-json\/wp\/v2\/media\/69990"}],"wp:attachment":[{"href":"https:\/\/jorgezanoni.com.br\/2019\/wp-json\/wp\/v2\/media?parent=69981"}],"wp:term":[{"taxonomy":"category","embeddable":true,"href":"https:\/\/jorgezanoni.com.br\/2019\/wp-json\/wp\/v2\/categories?post=69981"},{"taxonomy":"post_tag","embeddable":true,"href":"https:\/\/jorgezanoni.com.br\/2019\/wp-json\/wp\/v2\/tags?post=69981"}],"curies":[{"name":"wp","href":"https:\/\/api.w.org\/{rel}","templated":true}]}}