{"id":69966,"date":"2022-10-12T19:17:50","date_gmt":"2022-10-12T19:17:50","guid":{"rendered":"https:\/\/jorgezanoni.com.br\/2019\/?p=69966"},"modified":"2022-10-12T19:17:50","modified_gmt":"2022-10-12T19:17:50","slug":"ultimas-da-policia-civil-operacao-prisao-e-festa-no-dia-das-criancas","status":"publish","type":"post","link":"https:\/\/jorgezanoni.com.br\/2019\/ultimas-da-policia-civil-operacao-prisao-e-festa-no-dia-das-criancas\/","title":{"rendered":"\u00daLTIMAS DA POL\u00cdCIA CIVIL: Opera\u00e7\u00e3o, pris\u00e3o e festa no &#8220;Dia das Crian\u00e7as&#8221;"},"content":{"rendered":"<p style=\"text-align: justify;\">POL\u00cdCIA CIVIL DEFLAGRA OPERA\u00c7\u00c3O \u201cNICHOLAUS\u201d DE COMBATE AO CRIME DE TR\u00c1FICO DE DROGAS EM JUNQUE\u00cdROPOLIS<\/p>\n<p style=\"text-align: justify;\">A\u00e7\u00e3o policial cumpre 11 mandados de buscas apreens\u00e3o domiciliar. E conta com o apoio da Policia Militar.<\/p>\n<p style=\"text-align: justify;\">A Pol\u00edcia Civil, por interm\u00e9dio da Delegacia de Pol\u00edcia de Junqueir\u00f3polis, com o apoio da Pol\u00edcia Militar, deflagrou nesta segunda-feira (10), a opera\u00e7\u00e3o NICHOLAUS visando a repress\u00e3o ao crime de tr\u00e1fico de drogas, no mun\u00edcipio de Junqueir\u00f3polis.<\/p>\n<p style=\"text-align: justify;\">O objetivo da a\u00e7\u00e3o, \u00e9 o cumprimento de 11 manados de busca e apreens\u00e3o, expedidos pelo Juiz da Comarca de Junqueir\u00f3polis, em resid\u00eancias de suspeitos de tr\u00e1fico de drogas. A concess\u00e3o das referidas ordens judiciais \u00e9 em decorr\u00eancia da representa\u00e7\u00e3o feita pela Policia Civil, ap\u00f3s trabalho de investiga\u00e7\u00e3o e de intelig\u00eancia policial que apontaram ind\u00edcios da trafic\u00e2ncia de drogas nos locais.<\/p>\n<p style=\"text-align: justify;\">A opera\u00e7\u00e3o policial, conta com a participa\u00e7\u00e3o 44 policiais civis, utilizando 11 viaturas operacionais, e contou tamb\u00e9m com o apoio especializado de policiais militares, envolvendo equipes do Canil do BAEP, For\u00e7a T\u00e1tica, al\u00e9m do policiamento territorial.<\/p>\n<p style=\"text-align: justify;\">A opera\u00e7\u00e3o finalizou com a elabora\u00e7\u00e3o de 07 Termos Circunstanciados &#8211; TCs, por posse de drogas, e ainda, a apreens\u00e3o dois adolescentes por ato infracional an\u00e1logo ao tr\u00e1fico de drogas e um casal preso por tr\u00e1fico de drogas.<\/p>\n<p style=\"text-align: justify;\"><img loading=\"lazy\" decoding=\"async\" class=\"alignnone size-full wp-image-69967\" src=\"https:\/\/jorgezanoni.com.br\/2019\/wp-content\/uploads\/2022\/10\/opera.jpg\" alt=\"\" width=\"700\" height=\"525\" srcset=\"https:\/\/jorgezanoni.com.br\/2019\/wp-content\/uploads\/2022\/10\/opera.jpg 700w, https:\/\/jorgezanoni.com.br\/2019\/wp-content\/uploads\/2022\/10\/opera-300x225.jpg 300w, https:\/\/jorgezanoni.com.br\/2019\/wp-content\/uploads\/2022\/10\/opera-80x60.jpg 80w, https:\/\/jorgezanoni.com.br\/2019\/wp-content\/uploads\/2022\/10\/opera-265x198.jpg 265w, https:\/\/jorgezanoni.com.br\/2019\/wp-content\/uploads\/2022\/10\/opera-696x522.jpg 696w, https:\/\/jorgezanoni.com.br\/2019\/wp-content\/uploads\/2022\/10\/opera-560x420.jpg 560w\" sizes=\"auto, (max-width: 700px) 100vw, 700px\" \/> <img loading=\"lazy\" decoding=\"async\" class=\"alignnone size-full wp-image-69968\" src=\"https:\/\/jorgezanoni.com.br\/2019\/wp-content\/uploads\/2022\/10\/opera1-2.jpg\" alt=\"\" width=\"691\" height=\"597\" srcset=\"https:\/\/jorgezanoni.com.br\/2019\/wp-content\/uploads\/2022\/10\/opera1-2.jpg 691w, https:\/\/jorgezanoni.com.br\/2019\/wp-content\/uploads\/2022\/10\/opera1-2-300x259.jpg 300w, https:\/\/jorgezanoni.com.br\/2019\/wp-content\/uploads\/2022\/10\/opera1-2-534x462.jpg 534w, https:\/\/jorgezanoni.com.br\/2019\/wp-content\/uploads\/2022\/10\/opera1-2-486x420.jpg 486w\" sizes=\"auto, (max-width: 691px) 100vw, 691px\" \/> <img loading=\"lazy\" decoding=\"async\" class=\"alignnone size-full wp-image-69969\" src=\"https:\/\/jorgezanoni.com.br\/2019\/wp-content\/uploads\/2022\/10\/opera2.jpg\" alt=\"\" width=\"700\" height=\"525\" srcset=\"https:\/\/jorgezanoni.com.br\/2019\/wp-content\/uploads\/2022\/10\/opera2.jpg 700w, https:\/\/jorgezanoni.com.br\/2019\/wp-content\/uploads\/2022\/10\/opera2-300x225.jpg 300w, https:\/\/jorgezanoni.com.br\/2019\/wp-content\/uploads\/2022\/10\/opera2-80x60.jpg 80w, https:\/\/jorgezanoni.com.br\/2019\/wp-content\/uploads\/2022\/10\/opera2-265x198.jpg 265w, https:\/\/jorgezanoni.com.br\/2019\/wp-content\/uploads\/2022\/10\/opera2-696x522.jpg 696w, https:\/\/jorgezanoni.com.br\/2019\/wp-content\/uploads\/2022\/10\/opera2-560x420.jpg 560w\" sizes=\"auto, (max-width: 700px) 100vw, 700px\" \/><\/p>\n<p style=\"text-align: justify;\">POL\u00cdCIA CIVIL PRENDE MAIS UM MOTORISTA DE CARRETA SUSPEITO DE FORJAR ROUBO DE CARGA CONTENDO 32 TONELADAS DE ADUBOS EM PAULIC\u00c9IA.<\/p>\n<p style=\"text-align: justify;\">O motorista alegou ter sido abordado na proximidade da ponte que faz divisa entre os estados de SP e MS.<\/p>\n<p style=\"text-align: justify;\">A Pol\u00edcia Civil, por interm\u00e9dio da Unidades Especializadas (Delegacia de Investiga\u00e7\u00f5es Gerais &#8211; DIG e Delegacia de Investiga\u00e7\u00f5es Sobre Entorpecentes &#8211; DISE), prendeu em flagrante nesta segunda-feira (10), mais um motorista de carreta, de 41 anos, que tentou registrar uma ocorr\u00eancia de roubo de carga na Delegacia de Pol\u00edcia de Paulic\u00e9ia, \u00e1rea que supostamente teria acontecido a abordagem e roubo de carga, e que havia carregado carga na cidade de Jundia\u00ed-SP, com destino a Santa Rita do Pardo-MS.<\/p>\n<p style=\"text-align: justify;\">Agentes da Unidades Especializadas foram acionados para comparecerem na cidade de Paulic\u00e9ia-SP, visto que havia um motorista naquela unidade policial comunicado ter sido v\u00edtima de roubo de carga. O homem alegava que na noite de ontem (9), por volta das 21h00min, estava vindo com seu caminh\u00e3o trator, acoplado na carreta, carregada com 32 toneladas de adubo, pela BR 158, no munic\u00edpio de Paulic\u00e9ia\/SP, com destino a Santa Rita do Pardo\/MS, onde iria descarregar a carga, quando nas proximidades da ponte da divisa entre os Estado de S\u00e3o Paulo e Mato Grosso do Sul, parou seu caminh\u00e3o pois ele \u201cperdeu for\u00e7a\u201d, certamente por \u201csabotagem\u201d. Disse ainda, que desceu do caminh\u00e3o para ver o que tinha ocorrido e ent\u00e3o teria sido foi abordado um indiv\u00edduo desconhecido, o qual lhe colocou um capuz e o obrigou a entrar em um carro com outros homens, cujas caracter\u00edsticas n\u00e3o soube declinar. Em continuidade, tamb\u00e9m teria narrado que ficou rodando com esses homens, desde o momento da abordagem at\u00e9 a manh\u00e3 de hoje, todo tempo encapuzado, quando ent\u00e3o foi solto nas proximidades de uma vila, chamada \u201cToca da Raposa\u201d, distante uns cinco quil\u00f4metros do per\u00edmetro urbano de Brasil\u00e2ndia-MS, onde havia conseguido uma carona e se dirigido at\u00e9 a Delegacia de Pol\u00edcia daquela cidade a fim de registrar os fatos, e depois foi levado para Delegacia de Pol\u00edcia de Paulic\u00e9ia-SP.<\/p>\n<p style=\"text-align: justify;\">O crime come\u00e7ou a ser desvendado ap\u00f3s verifica\u00e7\u00e3o do suposto trajeto que o motorista alegou ter feito, e do trabalho de an\u00e1lise de intelig\u00eancia realizado pelos agentes da Unidades Especializadas, que mostrou contradi\u00e7\u00e3o na hist\u00f3ria narrada pelo, at\u00e9 ent\u00e3o, pessoa v\u00edtima de roubo de carga. Momento, que acabou confessando que o crime de roubo n\u00e3o havia ocorrido. Disse, ainda, que havia se apropriado da carga de fertilizantes e vendeu a carreta e carga pelo valor de R$ 25.000,00 a um indiv\u00edduo desconhecido, que havia conhecido em Cubat\u00e3o. Alegou que ainda n\u00e3o tinha recebido o dinheiro, mas que mesmo assim, deixou a carreta com a carga em um loteamento no munic\u00edpio de Ara\u00e7atuba, desacoplado do caminh\u00e3o trator, a fim de que algu\u00e9m viesse busc\u00e1-la. Nada soube dizer acerca do destino da carga de fertilizantes.<\/p>\n<p style=\"text-align: justify;\">O suspeito foi atuado em flagrante pelos crimes de Associa\u00e7\u00e3o Criminosa, Estelionato, Apropria\u00e7\u00e3o Ind\u00e9bita qualificada e Comunica\u00e7\u00e3o Falsa de Crime. Foi ainda, representado para decreta\u00e7\u00e3o da pris\u00e3o preventiva, que ser\u00e1 analisada durante Audi\u00eancia de Cust\u00f3dia.<\/p>\n<p style=\"text-align: justify;\"><img loading=\"lazy\" decoding=\"async\" class=\"alignnone size-full wp-image-69971\" src=\"https:\/\/jorgezanoni.com.br\/2019\/wp-content\/uploads\/2022\/10\/Pauliceia-1.jpg\" alt=\"\" width=\"700\" height=\"322\" srcset=\"https:\/\/jorgezanoni.com.br\/2019\/wp-content\/uploads\/2022\/10\/Pauliceia-1.jpg 700w, https:\/\/jorgezanoni.com.br\/2019\/wp-content\/uploads\/2022\/10\/Pauliceia-1-300x138.jpg 300w, https:\/\/jorgezanoni.com.br\/2019\/wp-content\/uploads\/2022\/10\/Pauliceia-1-696x320.jpg 696w\" sizes=\"auto, (max-width: 700px) 100vw, 700px\" \/><\/p>\n<p style=\"text-align: justify;\">BLITZ DA ALEGRIA: POL\u00cdCIA CIVIL FAZ BLITZ PARA A DISTRIBUI\u00c7\u00c3O DE MAIS 400 KITs DE DOCES E BOLAS EM HOMENAGEM AO DIAS DAS CRIAN\u00c7AS EM DRACENA<\/p>\n<p style=\"text-align: justify;\">A Pol\u00edcia Civil, por interm\u00e9dio da Delegacia Seccional de Pol\u00edcia de Dracena, distribuiu nesta ter\u00e7a-feira (11), cerca de mais 400 kits contendo doces e bolas para crian\u00e7as em Dracena.<br \/>\nA blitz da alegria, a v\u00e9spera do Dia Das Crian\u00e7a, aconteceu num sem\u00e1foro pr\u00f3ximo \u00e0 pra\u00e7a central e, em quatro projetos educacionais que atendem crian\u00e7as. E a distribui\u00e7\u00e3o dos doces e bolas, foram feitas por integrantes da Policia Civil.<br \/>\nA a\u00e7\u00e3o social, de iniciativa da Delegacia Seccional de Pol\u00edcia de Dracena, contou com o apoio volunt\u00e1rio dos policiais civis que atuam nas demais unidades, da \u00e1rea administrativa da Seccional de Dracena.<br \/>\nPara a Pol\u00edcia Civil, o gesto simb\u00f3lico demonstra a import\u00e2ncia da preven\u00e7\u00e3o e prote\u00e7\u00e3o que todas as crian\u00e7as devem ter. E que muitos daqueles profissionais que comp\u00f5em o quadro de carreiras da Pol\u00edcia Civil, tamb\u00e9m s\u00e3o pais e m\u00e3es.<br \/>\nOs brindes foram entregues para crian\u00e7as que estavam caminhando no com\u00e9rcio com familiares, e nos projetos: Crian\u00e7a Esperan\u00e7a, AABB Comunidade, Associa\u00e7\u00e3o S\u00e3o Francisco de Assis \u201cProjeto Vida\u201d e no Crian\u00e7a Feliz.<\/p>\n<p style=\"text-align: justify;\"><img loading=\"lazy\" decoding=\"async\" class=\"alignnone size-full wp-image-69974\" src=\"https:\/\/jorgezanoni.com.br\/2019\/wp-content\/uploads\/2022\/10\/bli-1.jpg\" alt=\"\" width=\"700\" height=\"525\" srcset=\"https:\/\/jorgezanoni.com.br\/2019\/wp-content\/uploads\/2022\/10\/bli-1.jpg 700w, https:\/\/jorgezanoni.com.br\/2019\/wp-content\/uploads\/2022\/10\/bli-1-300x225.jpg 300w, https:\/\/jorgezanoni.com.br\/2019\/wp-content\/uploads\/2022\/10\/bli-1-80x60.jpg 80w, https:\/\/jorgezanoni.com.br\/2019\/wp-content\/uploads\/2022\/10\/bli-1-265x198.jpg 265w, https:\/\/jorgezanoni.com.br\/2019\/wp-content\/uploads\/2022\/10\/bli-1-696x522.jpg 696w, https:\/\/jorgezanoni.com.br\/2019\/wp-content\/uploads\/2022\/10\/bli-1-560x420.jpg 560w\" sizes=\"auto, (max-width: 700px) 100vw, 700px\" \/> <img loading=\"lazy\" decoding=\"async\" class=\"alignnone size-full wp-image-69975\" src=\"https:\/\/jorgezanoni.com.br\/2019\/wp-content\/uploads\/2022\/10\/bli1.jpg\" alt=\"\" width=\"700\" height=\"576\" srcset=\"https:\/\/jorgezanoni.com.br\/2019\/wp-content\/uploads\/2022\/10\/bli1.jpg 700w, https:\/\/jorgezanoni.com.br\/2019\/wp-content\/uploads\/2022\/10\/bli1-300x247.jpg 300w, https:\/\/jorgezanoni.com.br\/2019\/wp-content\/uploads\/2022\/10\/bli1-696x573.jpg 696w, https:\/\/jorgezanoni.com.br\/2019\/wp-content\/uploads\/2022\/10\/bli1-510x420.jpg 510w\" sizes=\"auto, (max-width: 700px) 100vw, 700px\" \/> <img loading=\"lazy\" decoding=\"async\" class=\"alignnone size-full wp-image-69976\" src=\"https:\/\/jorgezanoni.com.br\/2019\/wp-content\/uploads\/2022\/10\/bli2.jpg\" alt=\"\" width=\"700\" height=\"525\" srcset=\"https:\/\/jorgezanoni.com.br\/2019\/wp-content\/uploads\/2022\/10\/bli2.jpg 700w, https:\/\/jorgezanoni.com.br\/2019\/wp-content\/uploads\/2022\/10\/bli2-300x225.jpg 300w, https:\/\/jorgezanoni.com.br\/2019\/wp-content\/uploads\/2022\/10\/bli2-80x60.jpg 80w, https:\/\/jorgezanoni.com.br\/2019\/wp-content\/uploads\/2022\/10\/bli2-265x198.jpg 265w, https:\/\/jorgezanoni.com.br\/2019\/wp-content\/uploads\/2022\/10\/bli2-696x522.jpg 696w, https:\/\/jorgezanoni.com.br\/2019\/wp-content\/uploads\/2022\/10\/bli2-560x420.jpg 560w\" sizes=\"auto, (max-width: 700px) 100vw, 700px\" \/> <img loading=\"lazy\" decoding=\"async\" class=\"alignnone size-full wp-image-69977\" src=\"https:\/\/jorgezanoni.com.br\/2019\/wp-content\/uploads\/2022\/10\/bli3.jpg\" alt=\"\" width=\"700\" height=\"525\" srcset=\"https:\/\/jorgezanoni.com.br\/2019\/wp-content\/uploads\/2022\/10\/bli3.jpg 700w, https:\/\/jorgezanoni.com.br\/2019\/wp-content\/uploads\/2022\/10\/bli3-300x225.jpg 300w, https:\/\/jorgezanoni.com.br\/2019\/wp-content\/uploads\/2022\/10\/bli3-80x60.jpg 80w, https:\/\/jorgezanoni.com.br\/2019\/wp-content\/uploads\/2022\/10\/bli3-265x198.jpg 265w, https:\/\/jorgezanoni.com.br\/2019\/wp-content\/uploads\/2022\/10\/bli3-696x522.jpg 696w, https:\/\/jorgezanoni.com.br\/2019\/wp-content\/uploads\/2022\/10\/bli3-560x420.jpg 560w\" sizes=\"auto, (max-width: 700px) 100vw, 700px\" \/> <img loading=\"lazy\" decoding=\"async\" class=\"alignnone size-full wp-image-69978\" src=\"https:\/\/jorgezanoni.com.br\/2019\/wp-content\/uploads\/2022\/10\/bli4.jpg\" alt=\"\" width=\"700\" height=\"525\" srcset=\"https:\/\/jorgezanoni.com.br\/2019\/wp-content\/uploads\/2022\/10\/bli4.jpg 700w, https:\/\/jorgezanoni.com.br\/2019\/wp-content\/uploads\/2022\/10\/bli4-300x225.jpg 300w, https:\/\/jorgezanoni.com.br\/2019\/wp-content\/uploads\/2022\/10\/bli4-80x60.jpg 80w, https:\/\/jorgezanoni.com.br\/2019\/wp-content\/uploads\/2022\/10\/bli4-265x198.jpg 265w, https:\/\/jorgezanoni.com.br\/2019\/wp-content\/uploads\/2022\/10\/bli4-696x522.jpg 696w, https:\/\/jorgezanoni.com.br\/2019\/wp-content\/uploads\/2022\/10\/bli4-560x420.jpg 560w\" sizes=\"auto, (max-width: 700px) 100vw, 700px\" \/><\/p>\n<p style=\"text-align: justify;\">Fonte: Comunica\u00e7\u00e3o Social Pol\u00edcia Civil<\/p>\n<p>&nbsp;<\/p>\n<p>&nbsp;<\/p>\n","protected":false},"excerpt":{"rendered":"<p>POL\u00cdCIA CIVIL DEFLAGRA OPERA\u00c7\u00c3O \u201cNICHOLAUS\u201d DE COMBATE AO CRIME DE TR\u00c1FICO DE DROGAS EM JUNQUE\u00cdROPOLIS A\u00e7\u00e3o policial cumpre 11 mandados de buscas apreens\u00e3o domiciliar. E conta com o apoio da Policia Militar. A Pol\u00edcia Civil, por interm\u00e9dio da Delegacia de Pol\u00edcia de Junqueir\u00f3polis, com o apoio da Pol\u00edcia Militar, deflagrou nesta segunda-feira (10), a opera\u00e7\u00e3o [&hellip;]<\/p>\n","protected":false},"author":1,"featured_media":69973,"comment_status":"closed","ping_status":"open","sticky":false,"template":"","format":"standard","meta":{"footnotes":""},"categories":[110,2],"tags":[],"class_list":["post-69966","post","type-post","status-publish","format-standard","has-post-thumbnail","hentry","category-noticiasdestaque","category-policial"],"_links":{"self":[{"href":"https:\/\/jorgezanoni.com.br\/2019\/wp-json\/wp\/v2\/posts\/69966","targetHints":{"allow":["GET"]}}],"collection":[{"href":"https:\/\/jorgezanoni.com.br\/2019\/wp-json\/wp\/v2\/posts"}],"about":[{"href":"https:\/\/jorgezanoni.com.br\/2019\/wp-json\/wp\/v2\/types\/post"}],"author":[{"embeddable":true,"href":"https:\/\/jorgezanoni.com.br\/2019\/wp-json\/wp\/v2\/users\/1"}],"replies":[{"embeddable":true,"href":"https:\/\/jorgezanoni.com.br\/2019\/wp-json\/wp\/v2\/comments?post=69966"}],"version-history":[{"count":1,"href":"https:\/\/jorgezanoni.com.br\/2019\/wp-json\/wp\/v2\/posts\/69966\/revisions"}],"predecessor-version":[{"id":69980,"href":"https:\/\/jorgezanoni.com.br\/2019\/wp-json\/wp\/v2\/posts\/69966\/revisions\/69980"}],"wp:featuredmedia":[{"embeddable":true,"href":"https:\/\/jorgezanoni.com.br\/2019\/wp-json\/wp\/v2\/media\/69973"}],"wp:attachment":[{"href":"https:\/\/jorgezanoni.com.br\/2019\/wp-json\/wp\/v2\/media?parent=69966"}],"wp:term":[{"taxonomy":"category","embeddable":true,"href":"https:\/\/jorgezanoni.com.br\/2019\/wp-json\/wp\/v2\/categories?post=69966"},{"taxonomy":"post_tag","embeddable":true,"href":"https:\/\/jorgezanoni.com.br\/2019\/wp-json\/wp\/v2\/tags?post=69966"}],"curies":[{"name":"wp","href":"https:\/\/api.w.org\/{rel}","templated":true}]}}