{"id":69960,"date":"2022-10-12T16:48:35","date_gmt":"2022-10-12T16:48:35","guid":{"rendered":"https:\/\/jorgezanoni.com.br\/2019\/?p=69960"},"modified":"2022-10-12T16:49:22","modified_gmt":"2022-10-12T16:49:22","slug":"moradores-apavorados-com-aparecimento-de-cobra-em-area-verde","status":"publish","type":"post","link":"https:\/\/jorgezanoni.com.br\/2019\/moradores-apavorados-com-aparecimento-de-cobra-em-area-verde\/","title":{"rendered":"Moradores apavorados com aparecimento de Cobra em \u00e1rea verde"},"content":{"rendered":"<p style=\"text-align: justify;\"><strong>Moradores das imedia\u00e7\u00f5es de uma \u00e1rea verde entre o Residencial Vit\u00f3ria R\u00e9gia e Frei Moacir I, est\u00e3o com medo do que tem presenciado.<\/strong><\/p>\n<p style=\"text-align: justify;\">Al\u00e9m de Escorpi\u00f5es, Sapos e Aranhas, ontem foi visto uma Cobra saindo do local e certamente tomaria a dire\u00e7\u00e3o de resid\u00eancias.<\/p>\n<p style=\"text-align: justify;\">Segundo eles o mato est\u00e1 tomando conta e respons\u00e1veis pela limpeza j\u00e1 estiveram pelo local, at\u00e9 fizeram fotos, por\u00e9m nenhuma provid\u00eancia foi tomada.<\/p>\n<p style=\"text-align: justify;\">Pedem que a situa\u00e7\u00e3o seja resolvida urgente, pois temem pela seguran\u00e7a das pessoas, especialmente de crian\u00e7as.<\/p>\n<p><img loading=\"lazy\" decoding=\"async\" class=\"alignnone size-full wp-image-69962\" src=\"https:\/\/jorgezanoni.com.br\/2019\/wp-content\/uploads\/2022\/10\/Eliana1.jpg\" alt=\"\" width=\"1200\" height=\"1600\" srcset=\"https:\/\/jorgezanoni.com.br\/2019\/wp-content\/uploads\/2022\/10\/Eliana1.jpg 1200w, https:\/\/jorgezanoni.com.br\/2019\/wp-content\/uploads\/2022\/10\/Eliana1-225x300.jpg 225w, https:\/\/jorgezanoni.com.br\/2019\/wp-content\/uploads\/2022\/10\/Eliana1-768x1024.jpg 768w, https:\/\/jorgezanoni.com.br\/2019\/wp-content\/uploads\/2022\/10\/Eliana1-1152x1536.jpg 1152w, https:\/\/jorgezanoni.com.br\/2019\/wp-content\/uploads\/2022\/10\/Eliana1-696x928.jpg 696w, https:\/\/jorgezanoni.com.br\/2019\/wp-content\/uploads\/2022\/10\/Eliana1-1068x1424.jpg 1068w, https:\/\/jorgezanoni.com.br\/2019\/wp-content\/uploads\/2022\/10\/Eliana1-315x420.jpg 315w\" sizes=\"auto, (max-width: 1200px) 100vw, 1200px\" \/> <img loading=\"lazy\" decoding=\"async\" class=\"alignnone size-full wp-image-69963\" src=\"https:\/\/jorgezanoni.com.br\/2019\/wp-content\/uploads\/2022\/10\/Eliana2.jpg\" alt=\"\" width=\"1200\" height=\"1600\" srcset=\"https:\/\/jorgezanoni.com.br\/2019\/wp-content\/uploads\/2022\/10\/Eliana2.jpg 1200w, https:\/\/jorgezanoni.com.br\/2019\/wp-content\/uploads\/2022\/10\/Eliana2-225x300.jpg 225w, https:\/\/jorgezanoni.com.br\/2019\/wp-content\/uploads\/2022\/10\/Eliana2-768x1024.jpg 768w, https:\/\/jorgezanoni.com.br\/2019\/wp-content\/uploads\/2022\/10\/Eliana2-1152x1536.jpg 1152w, https:\/\/jorgezanoni.com.br\/2019\/wp-content\/uploads\/2022\/10\/Eliana2-696x928.jpg 696w, https:\/\/jorgezanoni.com.br\/2019\/wp-content\/uploads\/2022\/10\/Eliana2-1068x1424.jpg 1068w, https:\/\/jorgezanoni.com.br\/2019\/wp-content\/uploads\/2022\/10\/Eliana2-315x420.jpg 315w\" sizes=\"auto, (max-width: 1200px) 100vw, 1200px\" \/> <img loading=\"lazy\" decoding=\"async\" class=\"alignnone size-full wp-image-69964\" src=\"https:\/\/jorgezanoni.com.br\/2019\/wp-content\/uploads\/2022\/10\/Eliana3.jpg\" alt=\"\" width=\"1200\" height=\"1600\" srcset=\"https:\/\/jorgezanoni.com.br\/2019\/wp-content\/uploads\/2022\/10\/Eliana3.jpg 1200w, https:\/\/jorgezanoni.com.br\/2019\/wp-content\/uploads\/2022\/10\/Eliana3-225x300.jpg 225w, https:\/\/jorgezanoni.com.br\/2019\/wp-content\/uploads\/2022\/10\/Eliana3-768x1024.jpg 768w, https:\/\/jorgezanoni.com.br\/2019\/wp-content\/uploads\/2022\/10\/Eliana3-1152x1536.jpg 1152w, https:\/\/jorgezanoni.com.br\/2019\/wp-content\/uploads\/2022\/10\/Eliana3-696x928.jpg 696w, https:\/\/jorgezanoni.com.br\/2019\/wp-content\/uploads\/2022\/10\/Eliana3-1068x1424.jpg 1068w, https:\/\/jorgezanoni.com.br\/2019\/wp-content\/uploads\/2022\/10\/Eliana3-315x420.jpg 315w\" sizes=\"auto, (max-width: 1200px) 100vw, 1200px\" \/><\/p>\n<p>Jorge Zanoni<\/p>\n<p>Fotos de Internauta<\/p>\n","protected":false},"excerpt":{"rendered":"<p>Moradores das imedia\u00e7\u00f5es de uma \u00e1rea verde entre o Residencial Vit\u00f3ria R\u00e9gia e Frei Moacir I, est\u00e3o com medo do que tem presenciado. Al\u00e9m de Escorpi\u00f5es, Sapos e Aranhas, ontem foi visto uma Cobra saindo do local e certamente tomaria a dire\u00e7\u00e3o de resid\u00eancias. Segundo eles o mato est\u00e1 tomando conta e respons\u00e1veis pela limpeza [&hellip;]<\/p>\n","protected":false},"author":1,"featured_media":69961,"comment_status":"closed","ping_status":"open","sticky":false,"template":"","format":"standard","meta":{"footnotes":""},"categories":[179,184,110],"tags":[],"class_list":["post-69960","post","type-post","status-publish","format-standard","has-post-thumbnail","hentry","category-cidadeseregiao","category-dracena","category-noticiasdestaque"],"_links":{"self":[{"href":"https:\/\/jorgezanoni.com.br\/2019\/wp-json\/wp\/v2\/posts\/69960","targetHints":{"allow":["GET"]}}],"collection":[{"href":"https:\/\/jorgezanoni.com.br\/2019\/wp-json\/wp\/v2\/posts"}],"about":[{"href":"https:\/\/jorgezanoni.com.br\/2019\/wp-json\/wp\/v2\/types\/post"}],"author":[{"embeddable":true,"href":"https:\/\/jorgezanoni.com.br\/2019\/wp-json\/wp\/v2\/users\/1"}],"replies":[{"embeddable":true,"href":"https:\/\/jorgezanoni.com.br\/2019\/wp-json\/wp\/v2\/comments?post=69960"}],"version-history":[{"count":1,"href":"https:\/\/jorgezanoni.com.br\/2019\/wp-json\/wp\/v2\/posts\/69960\/revisions"}],"predecessor-version":[{"id":69965,"href":"https:\/\/jorgezanoni.com.br\/2019\/wp-json\/wp\/v2\/posts\/69960\/revisions\/69965"}],"wp:featuredmedia":[{"embeddable":true,"href":"https:\/\/jorgezanoni.com.br\/2019\/wp-json\/wp\/v2\/media\/69961"}],"wp:attachment":[{"href":"https:\/\/jorgezanoni.com.br\/2019\/wp-json\/wp\/v2\/media?parent=69960"}],"wp:term":[{"taxonomy":"category","embeddable":true,"href":"https:\/\/jorgezanoni.com.br\/2019\/wp-json\/wp\/v2\/categories?post=69960"},{"taxonomy":"post_tag","embeddable":true,"href":"https:\/\/jorgezanoni.com.br\/2019\/wp-json\/wp\/v2\/tags?post=69960"}],"curies":[{"name":"wp","href":"https:\/\/api.w.org\/{rel}","templated":true}]}}