{"id":69957,"date":"2022-10-12T16:31:01","date_gmt":"2022-10-12T16:31:01","guid":{"rendered":"https:\/\/jorgezanoni.com.br\/2019\/?p=69957"},"modified":"2022-10-12T16:31:01","modified_gmt":"2022-10-12T16:31:01","slug":"reflexao-sobre-linguagem-e-pos-globalizacao-por-sergio-barbosa","status":"publish","type":"post","link":"https:\/\/jorgezanoni.com.br\/2019\/reflexao-sobre-linguagem-e-pos-globalizacao-por-sergio-barbosa\/","title":{"rendered":"Reflex\u00e3o sobre linguagem e p\u00f3s-globaliza\u00e7\u00e3o&#8230; (por S\u00e9rgio Barbosa)"},"content":{"rendered":"<p style=\"text-align: justify;\"><strong>REFLEX\u00c3O SOBRE LINGUAGEM E P\u00d3S-GLOBALIZA\u00c7\u00c3O&#8230;<\/strong><\/p>\n<p style=\"text-align: justify;\"><strong><em>\u201cAs fronteiras da minha linguagem s\u00e3o as fronteiras do meu universo.\u201d (<\/em><\/strong><strong><em><a href=\"https:\/\/www.pensador.com\/autor\/ludwig_wittgenstein\/\">Ludwig Wittgenstein<\/a>)<\/em><\/strong><strong><em>\u00a0<\/em><\/strong><\/p>\n<p style=\"text-align: justify;\"><strong><em>\u201cO homem \u00e9 um ser que se criou a si pr\u00f3prio ao criar uma linguagem. Pela palavra, o homem \u00e9 uma met\u00e1fora de si pr\u00f3prio.\u201d (<\/em><\/strong><strong><em><a href=\"https:\/\/www.pensador.com\/autor\/octavio_paz\/\">Octavio Paz<\/a>)<\/em><\/strong><strong><em>\u00a0<\/em><\/strong><\/p>\n<p style=\"text-align: justify;\"><strong>S\u00e9rgio Barbosa (*)<\/strong><\/p>\n<p style=\"text-align: justify;\">Numa destas semanas sem fim e muito menos come\u00e7o de alguma coisa em meio a coisa nenhuma, eis que aparece do nada para o tudo ou vice-versa, um autor perdido nos corredores de uma academia para fazer a diferen\u00e7a acima do denominado \u201csenso comum\u201d em terras provincianas&#8230;<\/p>\n<p style=\"text-align: justify;\">O mensageiro em pauta trazia debaixo dos bra\u00e7os um pacote, ao abrir o mesmo, eis que surge do sil\u00eancio das paredes de uma sala vazia, a linguagem para um entendimento al\u00e9m da nossa imagina\u00e7\u00e3o calada pela sabedoria sem fim de um tempo que permanece neste mesmo tempo com o outro tempo&#8230;<\/p>\n<p style=\"text-align: justify;\">Na comunica\u00e7\u00e3o verbal, o emissor caminha por meio da mensagem em busca do receptor, por\u00e9m, nos meandros da linguagem a proposta vem de encontro da l\u00edngua para os desencontros com a mensagem&#8230;<\/p>\n<p style=\"text-align: justify;\">Neste caso em pauta, a criatividade deve ser o ponto de partida para outras despedidas com a palavra nos textos formatados pelo autor em busca dos muitos significados da mensagem frente a percep\u00e7\u00e3o da reflex\u00e3o cr\u00edtica e os aspectos sutis elaborados pelo criador da obra&#8230;<\/p>\n<p style=\"text-align: justify;\">A tarefa de escrever sobre acontecimentos mediados pela realidade, bem como, com a fic\u00e7\u00e3o em narrativas da metalinguagem, trazem novas propostas para que os novos paradigmas fa\u00e7am a diferen\u00e7a neste tempo novo tempo&#8230;<\/p>\n<p style=\"text-align: justify;\">Entretanto, afirmou o pensador do passado que \u201cnada \u00e9 para sempre\u201d, assim, cada qual deve saber por onde entrar ou sair, todavia, o cen\u00e1rio continua o mesmo de sempre para todos os lados de um mesmo lado&#8230;<\/p>\n<p style=\"text-align: justify;\">As escritas est\u00e3o sempre em cima desta ou daquela mesa, haja vista os interesses que sempre est\u00e3o fazendo a diferen\u00e7a em meio aos desencontros com a mensagem e ponto quase final, talvez, um ponto e v\u00edrgula&#8230;<\/p>\n<p style=\"text-align: justify;\">De todas as respostas esperadas pelo autor do texto em pauta, talvez nada possa ser explicado com palavras escritas, entretanto, apenas quem est\u00e1 neste jogo pode saber qual a melhor escolha da pauta&#8230;<\/p>\n<p style=\"text-align: justify;\">O que permanece nestes ocasos de um talvez est\u00e1 mais ou menos em conex\u00e3o com a pluralidade do conhecimento mediados pela academia, todavia, na \u00e1rea denominada de \u201cCi\u00eancias Humanas\u201d, existem diversas contradi\u00e7\u00f5es sobre todas as quest\u00f5es que envolvem o pensamento humano&#8230;<\/p>\n<p style=\"text-align: justify;\">Pelo menos, o autor pode tentar caminhar de acordo com a Reflex\u00e3o cr\u00edtica que se apresenta neste contexto um tanto quanto complicado para quem continua buscando estar al\u00e9m deste tempo do tempo em busca do tempo&#8230;<\/p>\n<p style=\"text-align: justify;\">QUEM SOBREVIVER VAI SABER&#8230;<\/p>\n<p style=\"text-align: justify;\"><strong><em>____________________________<\/em><\/strong><\/p>\n<p style=\"text-align: justify;\"><strong><em>(*) jornalista diplomado, professor do curso de hist\u00f3ria da unifai e pesquisador da c\u00e1tedra unesco\/umesp de comunica\u00e7\u00e3o para o desenvolvimento regional.<\/em><\/strong><\/p>\n<p style=\"text-align: justify;\"><strong><em>e-mail: <a href=\"mailto:barbosa.sebar@gmail.com\">barbosa.sebar@gmail.com<\/a><\/em><\/strong><\/p>\n<p style=\"text-align: justify;\">\n<p>&nbsp;<\/p>\n","protected":false},"excerpt":{"rendered":"<p>REFLEX\u00c3O SOBRE LINGUAGEM E P\u00d3S-GLOBALIZA\u00c7\u00c3O&#8230; \u201cAs fronteiras da minha linguagem s\u00e3o as fronteiras do meu universo.\u201d (Ludwig Wittgenstein)\u00a0 \u201cO homem \u00e9 um ser que se criou a si pr\u00f3prio ao criar uma linguagem. Pela palavra, o homem \u00e9 uma met\u00e1fora de si pr\u00f3prio.\u201d (Octavio Paz)\u00a0 S\u00e9rgio Barbosa (*) Numa destas semanas sem fim e muito [&hellip;]<\/p>\n","protected":false},"author":1,"featured_media":69958,"comment_status":"closed","ping_status":"open","sticky":false,"template":"","format":"standard","meta":{"footnotes":""},"categories":[175],"tags":[],"class_list":["post-69957","post","type-post","status-publish","format-standard","has-post-thumbnail","hentry","category-artigos"],"_links":{"self":[{"href":"https:\/\/jorgezanoni.com.br\/2019\/wp-json\/wp\/v2\/posts\/69957","targetHints":{"allow":["GET"]}}],"collection":[{"href":"https:\/\/jorgezanoni.com.br\/2019\/wp-json\/wp\/v2\/posts"}],"about":[{"href":"https:\/\/jorgezanoni.com.br\/2019\/wp-json\/wp\/v2\/types\/post"}],"author":[{"embeddable":true,"href":"https:\/\/jorgezanoni.com.br\/2019\/wp-json\/wp\/v2\/users\/1"}],"replies":[{"embeddable":true,"href":"https:\/\/jorgezanoni.com.br\/2019\/wp-json\/wp\/v2\/comments?post=69957"}],"version-history":[{"count":1,"href":"https:\/\/jorgezanoni.com.br\/2019\/wp-json\/wp\/v2\/posts\/69957\/revisions"}],"predecessor-version":[{"id":69959,"href":"https:\/\/jorgezanoni.com.br\/2019\/wp-json\/wp\/v2\/posts\/69957\/revisions\/69959"}],"wp:featuredmedia":[{"embeddable":true,"href":"https:\/\/jorgezanoni.com.br\/2019\/wp-json\/wp\/v2\/media\/69958"}],"wp:attachment":[{"href":"https:\/\/jorgezanoni.com.br\/2019\/wp-json\/wp\/v2\/media?parent=69957"}],"wp:term":[{"taxonomy":"category","embeddable":true,"href":"https:\/\/jorgezanoni.com.br\/2019\/wp-json\/wp\/v2\/categories?post=69957"},{"taxonomy":"post_tag","embeddable":true,"href":"https:\/\/jorgezanoni.com.br\/2019\/wp-json\/wp\/v2\/tags?post=69957"}],"curies":[{"name":"wp","href":"https:\/\/api.w.org\/{rel}","templated":true}]}}