{"id":69954,"date":"2022-10-12T15:06:57","date_gmt":"2022-10-12T15:06:57","guid":{"rendered":"https:\/\/jorgezanoni.com.br\/2019\/?p=69954"},"modified":"2022-10-12T15:06:57","modified_gmt":"2022-10-12T15:06:57","slug":"hoje-e-comemorado-o-dia-das-criancas","status":"publish","type":"post","link":"https:\/\/jorgezanoni.com.br\/2019\/hoje-e-comemorado-o-dia-das-criancas\/","title":{"rendered":"Hoje \u00e9 comemorado o Dia das Crian\u00e7as"},"content":{"rendered":"<p style=\"text-align: justify;\">O\u00a0<span class=\"no-conversion\"><b><span lang=\"pt-br\">Dia das Crian\u00e7as<\/span><\/b>\u00a0<sup>(<a title=\"Portugu\u00eas brasileiro\" href=\"https:\/\/pt.wikipedia.org\/wiki\/Portugu%C3%AAs_brasileiro\">portugu\u00eas brasileiro<\/a>)<\/sup>\u00a0ou\u00a0<b><span lang=\"pt-pt\">Dia da Crian\u00e7a<\/span><\/b>\u00a0<sup>(<a title=\"Portugu\u00eas europeu\" href=\"https:\/\/pt.wikipedia.org\/wiki\/Portugu%C3%AAs_europeu\">portugu\u00eas europeu<\/a>)<\/sup><\/span>\u00a0\u00e9 uma data comemorativa celebrada anualmente em homenagem \u00e0s\u00a0<a title=\"Crian\u00e7a\" href=\"https:\/\/pt.wikipedia.org\/wiki\/Crian%C3%A7a\">crian\u00e7as<\/a>, cujo dia efetivo varia de acordo com o pa\u00eds. Pa\u00edses como\u00a0<a title=\"Angola\" href=\"https:\/\/pt.wikipedia.org\/wiki\/Angola\">Angola<\/a>,\u00a0<a title=\"Portugal\" href=\"https:\/\/pt.wikipedia.org\/wiki\/Portugal\">Portugal<\/a>\u00a0e\u00a0<a title=\"Mo\u00e7ambique\" href=\"https:\/\/pt.wikipedia.org\/wiki\/Mo%C3%A7ambique\">Mo\u00e7ambique<\/a>\u00a0adotaram o dia 1 de junho.<sup id=\"cite_ref-1\" class=\"reference\"><a href=\"https:\/\/pt.wikipedia.org\/wiki\/Dia_das_Crian%C3%A7as#cite_note-1\">[1]<\/a><\/sup>\u00a0No\u00a0<a title=\"Brasil\" href=\"https:\/\/pt.wikipedia.org\/wiki\/Brasil\">Brasil<\/a>\u00a0\u00e9 celebrado em 12 de outubro.<sup id=\"cite_ref-Uol_Dia_2-0\" class=\"reference\"><a href=\"https:\/\/pt.wikipedia.org\/wiki\/Dia_das_Crian%C3%A7as#cite_note-Uol_Dia-2\">[2]<\/a><\/sup><\/p>\n<p style=\"text-align: justify;\">Em 1925, foi proclamado em\u00a0<a title=\"Genebra\" href=\"https:\/\/pt.wikipedia.org\/wiki\/Genebra\">Genebra<\/a>\u00a0o\u00a0<b>Dia Internacional da Crian\u00e7a<\/b>\u00a0durante a Confer\u00eancia Mundial para o Bem-estar da Crian\u00e7a, sendo celebrado desde ent\u00e3o em 1 de junho em v\u00e1rios pa\u00edses.<\/p>\n<p style=\"text-align: justify;\">A\u00a0<a title=\"Organiza\u00e7\u00e3o das Na\u00e7\u00f5es Unidas\" href=\"https:\/\/pt.wikipedia.org\/wiki\/Organiza%C3%A7%C3%A3o_das_Na%C3%A7%C3%B5es_Unidas\">ONU<\/a>\u00a0reconhece o dia 20 de novembro como o\u00a0<b>Dia Mundial da Crian\u00e7a<\/b>, por ser a data em que foi aprovada a\u00a0<a title=\"Declara\u00e7\u00e3o Universal dos Direitos da Crian\u00e7a\" href=\"https:\/\/pt.wikipedia.org\/wiki\/Declara%C3%A7%C3%A3o_Universal_dos_Direitos_da_Crian%C3%A7a\">Declara\u00e7\u00e3o Universal dos Direitos da Crian\u00e7a<\/a>\u00a0em 1959 e a\u00a0<a class=\"mw-redirect\" title=\"Conven\u00e7\u00e3o dos Direitos da Crian\u00e7a\" href=\"https:\/\/pt.wikipedia.org\/wiki\/Conven%C3%A7%C3%A3o_dos_Direitos_da_Crian%C3%A7a\">Conven\u00e7\u00e3o dos Direitos da Crian\u00e7a<\/a>\u00a0em 1989.<sup id=\"cite_ref-Uol_Dia_2-1\" class=\"reference\"><a href=\"https:\/\/pt.wikipedia.org\/wiki\/Dia_das_Crian%C3%A7as#cite_note-Uol_Dia-2\">[2]<\/a><\/sup><sup id=\"cite_ref-3\" class=\"reference\"><a href=\"https:\/\/pt.wikipedia.org\/wiki\/Dia_das_Crian%C3%A7as#cite_note-3\">[3]<\/a><\/sup><\/p>\n<h2 style=\"text-align: justify;\"><span id=\"No_Brasil\" class=\"mw-headline\">No Brasil<\/span><\/h2>\n<div class=\"thumb tleft\" style=\"text-align: justify;\">\n<div class=\"thumbinner\"><a class=\"image\" href=\"https:\/\/pt.wikipedia.org\/wiki\/Ficheiro:Crian%C3%A7as_brincando_na_festa_do_Dia_das_Crian%C3%A7as_do_B._Aparecida_do_Norte_em_2018,_Coronel_Fabriciano_MG.JPG\"><img loading=\"lazy\" decoding=\"async\" class=\"thumbimage\" src=\"https:\/\/upload.wikimedia.org\/wikipedia\/commons\/thumb\/1\/1a\/Crian%C3%A7as_brincando_na_festa_do_Dia_das_Crian%C3%A7as_do_B._Aparecida_do_Norte_em_2018%2C_Coronel_Fabriciano_MG.JPG\/220px-Crian%C3%A7as_brincando_na_festa_do_Dia_das_Crian%C3%A7as_do_B._Aparecida_do_Norte_em_2018%2C_Coronel_Fabriciano_MG.JPG\" srcset=\"\/\/upload.wikimedia.org\/wikipedia\/commons\/thumb\/1\/1a\/Crian%C3%A7as_brincando_na_festa_do_Dia_das_Crian%C3%A7as_do_B._Aparecida_do_Norte_em_2018%2C_Coronel_Fabriciano_MG.JPG\/330px-Crian%C3%A7as_brincando_na_festa_do_Dia_das_Crian%C3%A7as_do_B._Aparecida_do_Norte_em_2018%2C_Coronel_Fabriciano_MG.JPG 1.5x, \/\/upload.wikimedia.org\/wikipedia\/commons\/thumb\/1\/1a\/Crian%C3%A7as_brincando_na_festa_do_Dia_das_Crian%C3%A7as_do_B._Aparecida_do_Norte_em_2018%2C_Coronel_Fabriciano_MG.JPG\/440px-Crian%C3%A7as_brincando_na_festa_do_Dia_das_Crian%C3%A7as_do_B._Aparecida_do_Norte_em_2018%2C_Coronel_Fabriciano_MG.JPG 2x\" alt=\"\" width=\"220\" height=\"147\" data-file-width=\"4110\" data-file-height=\"2740\" \/><\/a>Crian\u00e7as comendo e se divertindo em festa do Dia das Crian\u00e7as comunit\u00e1ria de um bairro carente de <a title=\"Coronel Fabriciano\" href=\"https:\/\/pt.wikipedia.org\/wiki\/Coronel_Fabriciano\">Coronel Fabriciano<\/a>,\u00a0<a title=\"Minas Gerais\" href=\"https:\/\/pt.wikipedia.org\/wiki\/Minas_Gerais\">Minas Gerais<\/a>.<\/div>\n<\/div>\n<p style=\"text-align: justify;\">Em 1924, o deputado federal\u00a0<a title=\"Galdino do Valle Filho\" href=\"https:\/\/pt.wikipedia.org\/wiki\/Galdino_do_Valle_Filho\">Galdino do Valle Filho<\/a>\u00a0lan\u00e7ou a ideia do Dia da Crian\u00e7a. Os deputados aprovaram e o dia 12 de outubro foi oficializado pelo presidente\u00a0<a class=\"mw-redirect\" title=\"Arthur Bernardes\" href=\"https:\/\/pt.wikipedia.org\/wiki\/Arthur_Bernardes\">Arthur Bernardes<\/a>, por meio do decreto n\u00ba 4867, de 5 de novembro de 1924.<sup id=\"cite_ref-4\" class=\"reference\"><a href=\"https:\/\/pt.wikipedia.org\/wiki\/Dia_das_Crian%C3%A7as#cite_note-4\">[4]<\/a><\/sup><\/p>\n<p style=\"text-align: justify;\">Em 1940,\u00a0<a title=\"Get\u00falio Vargas\" href=\"https:\/\/pt.wikipedia.org\/wiki\/Get%C3%BAlio_Vargas\">Get\u00falio Vargas<\/a>\u00a0instituiu um novo decreto, que &#8220;fixava as bases da organiza\u00e7\u00e3o da prote\u00e7\u00e3o \u00e0 maternidade, \u00e0 inf\u00e2ncia e \u00e0 adolesc\u00eancia em todo o Pa\u00eds&#8221;, e que criava uma nova data de comemora\u00e7\u00e3o, conforme o Artigo 17 do Cap\u00edtulo VI: &#8220;Ser\u00e1 comemorado em todo o pa\u00eds, a 25 de mar\u00e7o de cada ano, o Dia da Crian\u00e7a. Constituir\u00e1 objetivo principal dessa comemora\u00e7\u00e3o avivar na opini\u00e3o p\u00fablica a consci\u00eancia da necessidade de ser dada a mais vigilante e extensa prote\u00e7\u00e3o \u00e0 maternidade, \u00e0 inf\u00e2ncia e \u00e0 adolesc\u00eancia.&#8221;<sup id=\"cite_ref-5\" class=\"reference\"><a href=\"https:\/\/pt.wikipedia.org\/wiki\/Dia_das_Crian%C3%A7as#cite_note-5\">[5]<\/a><\/sup>\u00a0Segundo a pesquisadora \u00c2ngela de Castro Gomes,<sup id=\"cite_ref-6\" class=\"reference\"><a href=\"https:\/\/pt.wikipedia.org\/wiki\/Dia_das_Crian%C3%A7as#cite_note-6\">[6]<\/a><\/sup>\u00a0o &#8220;comemorar&#8221;, na acep\u00e7\u00e3o sem\u00e2ntica, poderia ter diversas interpreta\u00e7\u00f5es, por exemplo, poderia significar &#8220;trazer \u00e0 mem\u00f3ria&#8221;, &#8220;fazer recordar&#8221; e a estreita liga\u00e7\u00e3o com os projetos sociopol\u00edticos, sociais, de educa\u00e7\u00e3o e sa\u00fade do governo Vargas, neste caso em particular, referindo-se \u00e0s pol\u00edticas de prote\u00e7\u00e3o \u00e0 inf\u00e2ncia, maternidade e fam\u00edlia.<\/p>\n<p style=\"text-align: justify;\">O fato \u00e9 que, por alguma raz\u00e3o, a data de 25 de mar\u00e7o ficou apenas &#8220;no papel&#8221;. Somente em 1960, quando a\u00a0<a title=\"Estrela (empresa)\" href=\"https:\/\/pt.wikipedia.org\/wiki\/Estrela_(empresa)\">F\u00e1brica de Brinquedos Estrela<\/a>\u00a0fez uma promo\u00e7\u00e3o conjunta com a\u00a0<a title=\"Johnson &amp; Johnson\" href=\"https:\/\/pt.wikipedia.org\/wiki\/Johnson_%26_Johnson\">Johnson &amp; Johnson<\/a>\u00a0para lan\u00e7ar a &#8220;Semana do Beb\u00ea Robusto&#8221; e aumentar suas vendas, \u00e9 que a data de 12 de outubro passou a integrar o calend\u00e1rio das festas comerciais. Logo depois, outras empresas decidiram criar a Semana da Crian\u00e7a, para aumentar as vendas. No ano seguinte, os fabricantes de brinquedos decidiram escolher um \u00fanico dia para a promo\u00e7\u00e3o, e fizeram ressurgir o antigo decreto de 1924. A estrat\u00e9gia deu certo, pois desde ent\u00e3o o dia das crian\u00e7as \u00e9 comemorado com muitos presentes.<sup id=\"cite_ref-7\" class=\"reference\"><a href=\"https:\/\/pt.wikipedia.org\/wiki\/Dia_das_Crian%C3%A7as#cite_note-7\">[7]<\/a><\/sup><\/p>\n<h2 style=\"text-align: justify;\"><span id=\"Em_Portugal\" class=\"mw-headline\">Em Portugal<\/span><\/h2>\n<p style=\"text-align: justify;\">Em Portugal, o Dia da Crian\u00e7a \u00e9 festejado no dia 1 de junho.<\/p>\n<p style=\"text-align: justify;\">Esta efem\u00e9ride assinalou-se pela primeira vez em 1950 por iniciativa das\u00a0<a title=\"Organiza\u00e7\u00e3o das Na\u00e7\u00f5es Unidas\" href=\"https:\/\/pt.wikipedia.org\/wiki\/Organiza%C3%A7%C3%A3o_das_Na%C3%A7%C3%B5es_Unidas\">Na\u00e7\u00f5es Unidas<\/a>, com o objetivo de chamar a aten\u00e7\u00e3o para os problemas que as crian\u00e7as ent\u00e3o enfrentavam. Neste dia, os\u00a0<a title=\"Estados-membros da Uni\u00e3o Europeia\" href=\"https:\/\/pt.wikipedia.org\/wiki\/Estados-membros_da_Uni%C3%A3o_Europeia\">Estados-membros<\/a>\u00a0reconheceram que todas as crian\u00e7as, independentemente da ra\u00e7a, cor, religi\u00e3o, origem social, pa\u00eds de origem, t\u00eam direito a afeto, amor e compreens\u00e3o, alimenta\u00e7\u00e3o adequada, cuidados m\u00e9dicos, educa\u00e7\u00e3o gratuita, prote\u00e7\u00e3o contra todas as formas de explora\u00e7\u00e3o e a crescer num clima de paz e fraternidade.<\/p>\n<p style=\"text-align: justify;\">Oficialmente, o dia \u00e9 assinalado pela Organiza\u00e7\u00e3o das Na\u00e7\u00f5es Unidas (ONU) a 20 de novembro, data em que no ano de 1959 foram aprovados pela Assembleia-Geral da ONU os Direitos da Crian\u00e7a. Na mesma data (20 de novembro), mas no ano de 1989, foi adotada pela Assembleia-Geral da ONU a Conven\u00e7\u00e3o dos Direitos da Crian\u00e7a, que Portugal ratificou em 21 de setembro de 1990.<sup id=\"cite_ref-8\" class=\"reference\"><a href=\"https:\/\/pt.wikipedia.org\/wiki\/Dia_das_Crian%C3%A7as#cite_note-8\">[8]<\/a><\/sup><\/p>\n<h2 style=\"text-align: justify;\"><span id=\"Nos_Estados_Unidos\" class=\"mw-headline\">Nos Estados Unidos<\/span><\/h2>\n<p style=\"text-align: justify;\">Nos Estados Unidos, o dia das crian\u00e7as \u00e9 festejado no primeiro domingo de junho, podendo a data variar de estado para estado em n\u00edvel nacional. O Dia das Crian\u00e7as e Juventude foi aprovado em 1994, quando o Legislativo do Hava\u00ed tornou-se o primeiro estado do pa\u00eds a aprovar uma lei para reconhecer o primeiro domingo de outubro como o &#8220;Dia da Crian\u00e7a&#8221;. Nos Estados Unidos, o presidente\u00a0<a title=\"Bill Clinton\" href=\"https:\/\/pt.wikipedia.org\/wiki\/Bill_Clinton\">Bill Clinton<\/a>\u00a0proclamou o dia das crian\u00e7as em 8 de outubro de 2000.<sup id=\"cite_ref-9\" class=\"reference\"><a href=\"https:\/\/pt.wikipedia.org\/wiki\/Dia_das_Crian%C3%A7as#cite_note-9\">[9]<\/a><\/sup>\u00a0O &#8220;Dia Nacional da Crian\u00e7a&#8221; foi proclamado pelo presidente\u00a0<a title=\"George W. Bush\" href=\"https:\/\/pt.wikipedia.org\/wiki\/George_W._Bush\">George W. Bush<\/a>\u00a0em 3 de junho de 2001.<sup id=\"cite_ref-10\" class=\"reference\"><a href=\"https:\/\/pt.wikipedia.org\/wiki\/Dia_das_Crian%C3%A7as#cite_note-10\">[10]<\/a><\/sup><\/p>\n<h2 style=\"text-align: justify;\"><span id=\"No_Paraguai\" class=\"mw-headline\">No Paraguai<\/span><\/h2>\n<p style=\"text-align: justify;\">No\u00a0<a title=\"Paraguai\" href=\"https:\/\/pt.wikipedia.org\/wiki\/Paraguai\">Paraguai<\/a>, devido ao esfor\u00e7o do historiador Andr\u00e9s Aguirre, o dia das crian\u00e7as \u00e9 comemorado em\u00a0<a title=\"16 de agosto\" href=\"https:\/\/pt.wikipedia.org\/wiki\/16_de_agosto\">16 de agosto<\/a>, data da\u00a0<a title=\"Batalha de Campo Grande\" href=\"https:\/\/pt.wikipedia.org\/wiki\/Batalha_de_Campo_Grande\">Batalha de Campo Grande<\/a>\u00a0(conhecida como &#8220;<a class=\"mw-redirect\" title=\"Batalha de Los Ni\u00f1os\" href=\"https:\/\/pt.wikipedia.org\/wiki\/Batalha_de_Los_Ni%C3%B1os\">Batalha de\u00a0<i>Los Ni\u00f1os<\/i><\/a>&#8221; pelos paraguaios), em homenagem \u00e0s\u00a0<a title=\"Crian\u00e7a-soldado\" href=\"https:\/\/pt.wikipedia.org\/wiki\/Crian%C3%A7a-soldado\">crian\u00e7as-soldado<\/a>\u00a0recrutadas por\u00a0<a class=\"mw-redirect\" title=\"Solano L\u00f3pez\" href=\"https:\/\/pt.wikipedia.org\/wiki\/Solano_L%C3%B3pez\">Solano L\u00f3pez<\/a> devido \u00e0 falta de homens no ex\u00e9rcito paraguaio e mortas no referido combate da Guerra do Paraguai.<sup id=\"cite_ref-11\" class=\"reference\"><\/sup><\/p>\n<p style=\"text-align: justify;\">Fonte: https:\/\/pt.wikipedia.org\/wiki\/Dia_das_Crian%C3%A7as<\/p>\n","protected":false},"excerpt":{"rendered":"<p>O\u00a0Dia das Crian\u00e7as\u00a0(portugu\u00eas brasileiro)\u00a0ou\u00a0Dia da Crian\u00e7a\u00a0(portugu\u00eas europeu)\u00a0\u00e9 uma data comemorativa celebrada anualmente em homenagem \u00e0s\u00a0crian\u00e7as, cujo dia efetivo varia de acordo com o pa\u00eds. Pa\u00edses como\u00a0Angola,\u00a0Portugal\u00a0e\u00a0Mo\u00e7ambique\u00a0adotaram o dia 1 de junho.[1]\u00a0No\u00a0Brasil\u00a0\u00e9 celebrado em 12 de outubro.[2] Em 1925, foi proclamado em\u00a0Genebra\u00a0o\u00a0Dia Internacional da Crian\u00e7a\u00a0durante a Confer\u00eancia Mundial para o Bem-estar da Crian\u00e7a, sendo celebrado desde [&hellip;]<\/p>\n","protected":false},"author":1,"featured_media":69955,"comment_status":"closed","ping_status":"open","sticky":false,"template":"","format":"standard","meta":{"footnotes":""},"categories":[114,110],"tags":[],"class_list":["post-69954","post","type-post","status-publish","format-standard","has-post-thumbnail","hentry","category-geralecomercio","category-noticiasdestaque"],"_links":{"self":[{"href":"https:\/\/jorgezanoni.com.br\/2019\/wp-json\/wp\/v2\/posts\/69954","targetHints":{"allow":["GET"]}}],"collection":[{"href":"https:\/\/jorgezanoni.com.br\/2019\/wp-json\/wp\/v2\/posts"}],"about":[{"href":"https:\/\/jorgezanoni.com.br\/2019\/wp-json\/wp\/v2\/types\/post"}],"author":[{"embeddable":true,"href":"https:\/\/jorgezanoni.com.br\/2019\/wp-json\/wp\/v2\/users\/1"}],"replies":[{"embeddable":true,"href":"https:\/\/jorgezanoni.com.br\/2019\/wp-json\/wp\/v2\/comments?post=69954"}],"version-history":[{"count":1,"href":"https:\/\/jorgezanoni.com.br\/2019\/wp-json\/wp\/v2\/posts\/69954\/revisions"}],"predecessor-version":[{"id":69956,"href":"https:\/\/jorgezanoni.com.br\/2019\/wp-json\/wp\/v2\/posts\/69954\/revisions\/69956"}],"wp:featuredmedia":[{"embeddable":true,"href":"https:\/\/jorgezanoni.com.br\/2019\/wp-json\/wp\/v2\/media\/69955"}],"wp:attachment":[{"href":"https:\/\/jorgezanoni.com.br\/2019\/wp-json\/wp\/v2\/media?parent=69954"}],"wp:term":[{"taxonomy":"category","embeddable":true,"href":"https:\/\/jorgezanoni.com.br\/2019\/wp-json\/wp\/v2\/categories?post=69954"},{"taxonomy":"post_tag","embeddable":true,"href":"https:\/\/jorgezanoni.com.br\/2019\/wp-json\/wp\/v2\/tags?post=69954"}],"curies":[{"name":"wp","href":"https:\/\/api.w.org\/{rel}","templated":true}]}}