{"id":69927,"date":"2022-10-11T16:55:14","date_gmt":"2022-10-11T16:55:14","guid":{"rendered":"https:\/\/jorgezanoni.com.br\/2019\/?p=69927"},"modified":"2022-10-11T16:55:14","modified_gmt":"2022-10-11T16:55:14","slug":"fundec-abre-concurso-publico-para-contratacoes-2","status":"publish","type":"post","link":"https:\/\/jorgezanoni.com.br\/2019\/fundec-abre-concurso-publico-para-contratacoes-2\/","title":{"rendered":"Fundec abre concurso p\u00fablico para contrata\u00e7\u00f5es"},"content":{"rendered":"<p style=\"text-align: justify;\"><span style=\"font-size: large;\">A Funda\u00e7\u00e3o Dracenense de Educa\u00e7\u00e3o e Cultura (Fundec) est\u00e1 contratando para vagas administrativa e de doc\u00eancia e abriu inscri\u00e7\u00f5es para o Concurso P\u00fablico 02\/2022. O edital est\u00e1 dispon\u00edvel no link <a href=\"https:\/\/fundec.edu.br\/editais\" target=\"_blank\" rel=\"noopener noreferrer\">https:\/\/fundec.edu.br\/editais<\/a>\u00a0e os interessados devem acessar o bot\u00e3o &#8220;Portal de Inscri\u00e7\u00f5es&#8221; para se candidatar \u00e0s vagas, at\u00e9 o dia 28\/10.<\/span><\/p>\n<p><span style=\"font-size: large;\">O cargo administrativo \u00e9 para Assistente de Biot\u00e9rio (T\u00e9cnico em Veterin\u00e1ria ou Agropecu\u00e1ria).<\/span><\/p>\n<p><span style=\"font-size: large;\">Os cargos de doc\u00eancia s\u00e3o para professores do Ensino Fundamental e M\u00e9dio (M\u00fasica) e do Ensino Superior (Medicina).<\/span><\/p>\n<p><span style=\"font-size: large;\">A prova escrita ser\u00e1 realizada no dia 05\/11, \u00e0s 9h, na Unifadra. O resultado ser\u00e1 divulgado no dia 11\/11. Os candidatos classificados ser\u00e3o convocados para as provas pr\u00e1tica e de did\u00e1tica pr\u00e1tica.<\/span><\/p>\n<p>Fonte: Depto. de Comunica\u00e7\u00e3o da Fundec<\/p>\n","protected":false},"excerpt":{"rendered":"<p>A Funda\u00e7\u00e3o Dracenense de Educa\u00e7\u00e3o e Cultura (Fundec) est\u00e1 contratando para vagas administrativa e de doc\u00eancia e abriu inscri\u00e7\u00f5es para o Concurso P\u00fablico 02\/2022. O edital est\u00e1 dispon\u00edvel no link https:\/\/fundec.edu.br\/editais\u00a0e os interessados devem acessar o bot\u00e3o &#8220;Portal de Inscri\u00e7\u00f5es&#8221; para se candidatar \u00e0s vagas, at\u00e9 o dia 28\/10. O cargo administrativo \u00e9 para Assistente [&hellip;]<\/p>\n","protected":false},"author":1,"featured_media":69928,"comment_status":"closed","ping_status":"open","sticky":false,"template":"","format":"standard","meta":{"footnotes":""},"categories":[110,122],"tags":[],"class_list":["post-69927","post","type-post","status-publish","format-standard","has-post-thumbnail","hentry","category-noticiasdestaque","category-saudeeducacaoeconcurso"],"_links":{"self":[{"href":"https:\/\/jorgezanoni.com.br\/2019\/wp-json\/wp\/v2\/posts\/69927","targetHints":{"allow":["GET"]}}],"collection":[{"href":"https:\/\/jorgezanoni.com.br\/2019\/wp-json\/wp\/v2\/posts"}],"about":[{"href":"https:\/\/jorgezanoni.com.br\/2019\/wp-json\/wp\/v2\/types\/post"}],"author":[{"embeddable":true,"href":"https:\/\/jorgezanoni.com.br\/2019\/wp-json\/wp\/v2\/users\/1"}],"replies":[{"embeddable":true,"href":"https:\/\/jorgezanoni.com.br\/2019\/wp-json\/wp\/v2\/comments?post=69927"}],"version-history":[{"count":1,"href":"https:\/\/jorgezanoni.com.br\/2019\/wp-json\/wp\/v2\/posts\/69927\/revisions"}],"predecessor-version":[{"id":69929,"href":"https:\/\/jorgezanoni.com.br\/2019\/wp-json\/wp\/v2\/posts\/69927\/revisions\/69929"}],"wp:featuredmedia":[{"embeddable":true,"href":"https:\/\/jorgezanoni.com.br\/2019\/wp-json\/wp\/v2\/media\/69928"}],"wp:attachment":[{"href":"https:\/\/jorgezanoni.com.br\/2019\/wp-json\/wp\/v2\/media?parent=69927"}],"wp:term":[{"taxonomy":"category","embeddable":true,"href":"https:\/\/jorgezanoni.com.br\/2019\/wp-json\/wp\/v2\/categories?post=69927"},{"taxonomy":"post_tag","embeddable":true,"href":"https:\/\/jorgezanoni.com.br\/2019\/wp-json\/wp\/v2\/tags?post=69927"}],"curies":[{"name":"wp","href":"https:\/\/api.w.org\/{rel}","templated":true}]}}