{"id":69903,"date":"2022-10-11T01:21:06","date_gmt":"2022-10-11T01:21:06","guid":{"rendered":"https:\/\/jorgezanoni.com.br\/2019\/?p=69903"},"modified":"2022-10-11T01:21:06","modified_gmt":"2022-10-11T01:21:06","slug":"xxvi-semana-de-informatica-2022-ciencia-da-computacao-e-tecnologia-em-analise-e-desenvolvimento-de-sistemas","status":"publish","type":"post","link":"https:\/\/jorgezanoni.com.br\/2019\/xxvi-semana-de-informatica-2022-ciencia-da-computacao-e-tecnologia-em-analise-e-desenvolvimento-de-sistemas\/","title":{"rendered":"XXVI SEMANA DE INFORM\u00c1TICA 2022: Ci\u00eancia da Computa\u00e7\u00e3o e Tecnologia em An\u00e1lise e Desenvolvimento de Sistemas"},"content":{"rendered":"<p style=\"text-align: justify;\"><strong>XXVI SEMANA DE INFORM\u00c1TICA 2022: Ci\u00eancia da Computa\u00e7\u00e3o e Tecnologia em An\u00e1lise e Desenvolvimento de Sistemas<\/strong><\/p>\n<p style=\"text-align: justify;\"><strong>Prof. Dr. Andr\u00e9 Mendes Garcia (p\u00f3s-Doc em Engenharia El\u00e9trica)<\/strong><\/p>\n<p style=\"text-align: justify;\"><strong>Colabora\u00e7\u00e3o de S\u00e9rgio Barbosa \u2013 UniFAI\/Cultura FM <\/strong><\/p>\n<p style=\"text-align: justify;\">A XXVI Semana de Inform\u00e1tica da UniFAI ocorrer\u00e1 nos dias 10 e 11 de outubro, e ser\u00e1 realizada no audit\u00f3rio Miguel Reale, no C\u00e2mpus II.<\/p>\n<p style=\"text-align: justify;\">Tamb\u00e9m ser\u00e1 transmitida on-line atrav\u00e9s dos canais YouTube e Facebook. Ser\u00e3o oferecidas 4 palestras relacionadas \u00e0 \u00e1rea de Tecnologia da Informa\u00e7\u00e3o (TI), ainda, a comunidade local e regional, profissionais da \u00e1rea, discentes e docentes da UniFAI, bem como, alunos de escolas t\u00e9cnicas e Ensino M\u00e9dio est\u00e3o convidados.<\/p>\n<p style=\"text-align: justify;\">Trata-se de uma grande oportunidade para os (as) alunos (as) e profissionais da \u00e1rea conhecerem novas tecnologias por meio das experi\u00eancias dos palestrantes com forma\u00e7\u00e3o qualificada e experi\u00eancia de Mercado.<\/p>\n<p style=\"text-align: justify;\">Ainda, todas as palestras ser\u00e3o realizadas no realizadas no Audit\u00f3rio Miguel Reale, Campus II da institui\u00e7\u00e3o.<\/p>\n<p style=\"text-align: justify;\"><strong>Programa\u00e7\u00e3o<\/strong><\/p>\n<p style=\"text-align: justify;\"><strong>Dia 10, segunda-feira, 19h30: ROB\u00d3TICA SISTEMAS EMBARCADOS UTILIZANDO ARDUINO, ESP32 E ESP32 CAM e <\/strong>Sistemas Embarcados; Ide de Desenvolvimento; Arduino; Esp32; Projetos Pr\u00e1ticos utilizados TCC.<\/p>\n<p style=\"text-align: justify;\"><strong>Prof. Paulo Sergio Pereira Pinto<\/strong> &#8211; T\u00e9cnico em Eletr\u00f4nica CTI<\/p>\n<p style=\"text-align: justify;\"><strong>21h: FUNDAMENTOS NOSQL \/ <\/strong>Introdu\u00e7\u00e3o ao NoSQL; O que vem a ser BigData; Um pouco de hist\u00f3ria; Principais bancos NoSQL; NoSQL X SQL; Casos de Uso.<\/p>\n<p style=\"text-align: justify;\"><strong>Prof. Henrique Duarte Borges Louro &#8211; <\/strong>Bacharel em Sistemas de Informa\u00e7\u00e3o pelo Centro Universit\u00e1rio M\u00f3dulo. Especializa\u00e7\u00e3o em MBIS Desenvolvimento Web pela Universidade Cruzeiro do Sul e Centro Universit\u00e1rio M\u00f3dulo. Licenciado em Inform\u00e1tica pela Faculdade Chafiq de S\u00e3o Paulo. Aluno do programa de p\u00f3s-gradua\u00e7\u00e3o a n\u00edvel de Mestrado do ITA. Analista, programador e professor do ensino superior e t\u00e9cnico profissionalizante na \u00e1rea de TI. \u00c9 Coordenador de Projetos na Cetec Capacita\u00e7\u00f5es do Centro Paula Souza, como gestor das plataformas de EAD. Consultor de TI aut\u00f4nomo em sistemas cont\u00e1beis e fiscais. Pesquisador em dois projetos no ITA em parceria com a iniciativa privada e o MEC, envolvendo IA.<\/p>\n<p style=\"text-align: justify;\"><strong>Dia 11, ter\u00e7a-feira, 19h30: INTELIG\u00caNCIA ARTIFICIAL: UM LINK ENTRE TEORIA E PR\u00c1TICA \/ <\/strong>T\u00e9cnicas cl\u00e1ssicas de IA. Machine Learning: por que \u00e9 t\u00e3o poderoso? Mercado de trabalho: expectativa vs realidade.<\/p>\n<p style=\"text-align: justify;\"><strong>Prof. Marcello Victor de Almeida Borges &#8211; <\/strong>Graduado\/Bacharelado em Ci\u00eancia da Computa\u00e7\u00e3o<\/p>\n<p style=\"text-align: justify;\"><strong>Brindes e Certificados<\/strong><\/p>\n<p style=\"text-align: justify;\">No final das palestras realizadas, ser\u00e3o sorteados brindes, bem como, ser\u00e1 oferecido um coffee break para todos (as).<\/p>\n<p style=\"text-align: justify;\">Ainda, quem estiver presente nas atividades, tamb\u00e9m, receber\u00e1 \u201ccertificado de participa\u00e7\u00e3o\u201d.<\/p>\n","protected":false},"excerpt":{"rendered":"<p>XXVI SEMANA DE INFORM\u00c1TICA 2022: Ci\u00eancia da Computa\u00e7\u00e3o e Tecnologia em An\u00e1lise e Desenvolvimento de Sistemas Prof. Dr. Andr\u00e9 Mendes Garcia (p\u00f3s-Doc em Engenharia El\u00e9trica) Colabora\u00e7\u00e3o de S\u00e9rgio Barbosa \u2013 UniFAI\/Cultura FM A XXVI Semana de Inform\u00e1tica da UniFAI ocorrer\u00e1 nos dias 10 e 11 de outubro, e ser\u00e1 realizada no audit\u00f3rio Miguel Reale, no [&hellip;]<\/p>\n","protected":false},"author":1,"featured_media":69904,"comment_status":"closed","ping_status":"open","sticky":false,"template":"","format":"standard","meta":{"footnotes":""},"categories":[122],"tags":[],"class_list":["post-69903","post","type-post","status-publish","format-standard","has-post-thumbnail","hentry","category-saudeeducacaoeconcurso"],"_links":{"self":[{"href":"https:\/\/jorgezanoni.com.br\/2019\/wp-json\/wp\/v2\/posts\/69903","targetHints":{"allow":["GET"]}}],"collection":[{"href":"https:\/\/jorgezanoni.com.br\/2019\/wp-json\/wp\/v2\/posts"}],"about":[{"href":"https:\/\/jorgezanoni.com.br\/2019\/wp-json\/wp\/v2\/types\/post"}],"author":[{"embeddable":true,"href":"https:\/\/jorgezanoni.com.br\/2019\/wp-json\/wp\/v2\/users\/1"}],"replies":[{"embeddable":true,"href":"https:\/\/jorgezanoni.com.br\/2019\/wp-json\/wp\/v2\/comments?post=69903"}],"version-history":[{"count":1,"href":"https:\/\/jorgezanoni.com.br\/2019\/wp-json\/wp\/v2\/posts\/69903\/revisions"}],"predecessor-version":[{"id":69905,"href":"https:\/\/jorgezanoni.com.br\/2019\/wp-json\/wp\/v2\/posts\/69903\/revisions\/69905"}],"wp:featuredmedia":[{"embeddable":true,"href":"https:\/\/jorgezanoni.com.br\/2019\/wp-json\/wp\/v2\/media\/69904"}],"wp:attachment":[{"href":"https:\/\/jorgezanoni.com.br\/2019\/wp-json\/wp\/v2\/media?parent=69903"}],"wp:term":[{"taxonomy":"category","embeddable":true,"href":"https:\/\/jorgezanoni.com.br\/2019\/wp-json\/wp\/v2\/categories?post=69903"},{"taxonomy":"post_tag","embeddable":true,"href":"https:\/\/jorgezanoni.com.br\/2019\/wp-json\/wp\/v2\/tags?post=69903"}],"curies":[{"name":"wp","href":"https:\/\/api.w.org\/{rel}","templated":true}]}}