{"id":69900,"date":"2022-10-10T15:34:22","date_gmt":"2022-10-10T15:34:22","guid":{"rendered":"https:\/\/jorgezanoni.com.br\/2019\/?p=69900"},"modified":"2022-10-10T15:34:22","modified_gmt":"2022-10-10T15:34:22","slug":"policia-militar-prende-homem-por-porte-ilegal-de-arma-de-fogo-e-condenacao-na-justica-em-dracena","status":"publish","type":"post","link":"https:\/\/jorgezanoni.com.br\/2019\/policia-militar-prende-homem-por-porte-ilegal-de-arma-de-fogo-e-condenacao-na-justica-em-dracena\/","title":{"rendered":"Pol\u00edcia Militar prende homem por porte ilegal de Arma de Fogo e condena\u00e7\u00e3o na Justi\u00e7a em Dracena"},"content":{"rendered":"<p style=\"text-align: justify;\">Na data de ontem (09) por volta das 20h35min durante patrulhamento de For\u00e7a T\u00e1tica pelo munic\u00edpio de Dracena equipe deslocou-se para atendimento de ocorr\u00eancia de desentendimento familiar no bairro Metr\u00f3pole, onde em contato com as partes e ap\u00f3s abordagem ao indiciado (homem 47 anos) constatou-se que este possu\u00eda em desfavor um mandado de pris\u00e3o. Durante a ocorr\u00eancia houve a informa\u00e7\u00e3o que o indiciado poderia ter uma arma de fogo em sua resid\u00eancia, sendo localizada no quarto do mesmo, um rev\u00f3lver cal.38 marca Taurus, cal. 38, cano 4&#8243;, numera\u00e7\u00e3o 118690, cano inoxidado, municiado com 6 cartuchos intactos e mais 9 cartuchos intactos marca cbc, no interior de uma gaveta, que foram apreendidos.<br \/>\nDiante dos fatos foi dado voz de pris\u00e3o em flagrante ao indiciado permanecendo preso \u00e0 disposi\u00e7\u00e3o da Justi\u00e7a.<\/p>\n<p style=\"text-align: justify;\">Fonte: Com. Social Pol\u00edcia Militar<\/p>\n<p>&nbsp;<\/p>\n","protected":false},"excerpt":{"rendered":"<p>Na data de ontem (09) por volta das 20h35min durante patrulhamento de For\u00e7a T\u00e1tica pelo munic\u00edpio de Dracena equipe deslocou-se para atendimento de ocorr\u00eancia de desentendimento familiar no bairro Metr\u00f3pole, onde em contato com as partes e ap\u00f3s abordagem ao indiciado (homem 47 anos) constatou-se que este possu\u00eda em desfavor um mandado de pris\u00e3o. Durante [&hellip;]<\/p>\n","protected":false},"author":1,"featured_media":69901,"comment_status":"closed","ping_status":"open","sticky":false,"template":"","format":"standard","meta":{"footnotes":""},"categories":[110,2],"tags":[],"class_list":["post-69900","post","type-post","status-publish","format-standard","has-post-thumbnail","hentry","category-noticiasdestaque","category-policial"],"_links":{"self":[{"href":"https:\/\/jorgezanoni.com.br\/2019\/wp-json\/wp\/v2\/posts\/69900","targetHints":{"allow":["GET"]}}],"collection":[{"href":"https:\/\/jorgezanoni.com.br\/2019\/wp-json\/wp\/v2\/posts"}],"about":[{"href":"https:\/\/jorgezanoni.com.br\/2019\/wp-json\/wp\/v2\/types\/post"}],"author":[{"embeddable":true,"href":"https:\/\/jorgezanoni.com.br\/2019\/wp-json\/wp\/v2\/users\/1"}],"replies":[{"embeddable":true,"href":"https:\/\/jorgezanoni.com.br\/2019\/wp-json\/wp\/v2\/comments?post=69900"}],"version-history":[{"count":1,"href":"https:\/\/jorgezanoni.com.br\/2019\/wp-json\/wp\/v2\/posts\/69900\/revisions"}],"predecessor-version":[{"id":69902,"href":"https:\/\/jorgezanoni.com.br\/2019\/wp-json\/wp\/v2\/posts\/69900\/revisions\/69902"}],"wp:featuredmedia":[{"embeddable":true,"href":"https:\/\/jorgezanoni.com.br\/2019\/wp-json\/wp\/v2\/media\/69901"}],"wp:attachment":[{"href":"https:\/\/jorgezanoni.com.br\/2019\/wp-json\/wp\/v2\/media?parent=69900"}],"wp:term":[{"taxonomy":"category","embeddable":true,"href":"https:\/\/jorgezanoni.com.br\/2019\/wp-json\/wp\/v2\/categories?post=69900"},{"taxonomy":"post_tag","embeddable":true,"href":"https:\/\/jorgezanoni.com.br\/2019\/wp-json\/wp\/v2\/tags?post=69900"}],"curies":[{"name":"wp","href":"https:\/\/api.w.org\/{rel}","templated":true}]}}