{"id":69897,"date":"2022-10-10T15:23:56","date_gmt":"2022-10-10T15:23:56","guid":{"rendered":"https:\/\/jorgezanoni.com.br\/2019\/?p=69897"},"modified":"2022-10-10T15:23:56","modified_gmt":"2022-10-10T15:23:56","slug":"policia-militar-prende-homem-em-flagrante-por-trafico-e-comercializacao-de-drogas-em-dracena","status":"publish","type":"post","link":"https:\/\/jorgezanoni.com.br\/2019\/policia-militar-prende-homem-em-flagrante-por-trafico-e-comercializacao-de-drogas-em-dracena\/","title":{"rendered":"Pol\u00edcia Militar prende homem em flagrante por Tr\u00e1fico e Comercializa\u00e7\u00e3o de Drogas em Dracena"},"content":{"rendered":"<p style=\"text-align: justify;\">No s\u00e1bado (8) por volta das 20h no munic\u00edpio de Dracena foi irradiada uma ocorr\u00eancia atrav\u00e9s do COPOM que havia v\u00e1rios indiv\u00edduos em atitude suspeita defronte ao terminal Ferrovi\u00e1rio, pelo local feito patrulhamento e visualizado um indiv\u00edduo (homem 18 anos) sentado em uma cadeira de \u00e1rea e ao visualizar a equipe se assustou e jogou um saquinho pl\u00e1stico no ch\u00e3o ao visualizar foi localizado 16 pedras de crack espalhadas, j\u00e1 preparadas para venda embaladas em saco preto em revista pessoal foi no bolso tinha uma carteira com R$85,00 em notas diversas, durante abordagem disse que o traficante n\u00e3o era ele que naquele momento tinha ido at\u00e9 l\u00e1 comprar maconha e outro indiv\u00edduo tinha deixado esse dinheiro em sua posse e ao avistar a equipe da Pol\u00edcia Militar saiu correndo jogando o entorpecente, nenhum outro indiv\u00edduo foi visualizado pela equipe policial. Foi dado voz de pris\u00e3o em flagrante, ficando preso \u00e0 disposi\u00e7\u00e3o da Justi\u00e7a por tr\u00e1fico de entorpecentes.<\/p>\n<p style=\"text-align: justify;\">#25bpmi<br \/>\n#cpi8<br \/>\n#POLICIAMILITARSP<br \/>\n#AFOR\u00c7AP\u00daBLICADES\u00c3OPAULO<br \/>\nComunica\u00e7\u00e3o Social do 25BPMI e regi\u00e3o<\/p>\n","protected":false},"excerpt":{"rendered":"<p>No s\u00e1bado (8) por volta das 20h no munic\u00edpio de Dracena foi irradiada uma ocorr\u00eancia atrav\u00e9s do COPOM que havia v\u00e1rios indiv\u00edduos em atitude suspeita defronte ao terminal Ferrovi\u00e1rio, pelo local feito patrulhamento e visualizado um indiv\u00edduo (homem 18 anos) sentado em uma cadeira de \u00e1rea e ao visualizar a equipe se assustou e jogou [&hellip;]<\/p>\n","protected":false},"author":1,"featured_media":69898,"comment_status":"closed","ping_status":"open","sticky":false,"template":"","format":"standard","meta":{"footnotes":""},"categories":[110,2],"tags":[],"class_list":["post-69897","post","type-post","status-publish","format-standard","has-post-thumbnail","hentry","category-noticiasdestaque","category-policial"],"_links":{"self":[{"href":"https:\/\/jorgezanoni.com.br\/2019\/wp-json\/wp\/v2\/posts\/69897","targetHints":{"allow":["GET"]}}],"collection":[{"href":"https:\/\/jorgezanoni.com.br\/2019\/wp-json\/wp\/v2\/posts"}],"about":[{"href":"https:\/\/jorgezanoni.com.br\/2019\/wp-json\/wp\/v2\/types\/post"}],"author":[{"embeddable":true,"href":"https:\/\/jorgezanoni.com.br\/2019\/wp-json\/wp\/v2\/users\/1"}],"replies":[{"embeddable":true,"href":"https:\/\/jorgezanoni.com.br\/2019\/wp-json\/wp\/v2\/comments?post=69897"}],"version-history":[{"count":1,"href":"https:\/\/jorgezanoni.com.br\/2019\/wp-json\/wp\/v2\/posts\/69897\/revisions"}],"predecessor-version":[{"id":69899,"href":"https:\/\/jorgezanoni.com.br\/2019\/wp-json\/wp\/v2\/posts\/69897\/revisions\/69899"}],"wp:featuredmedia":[{"embeddable":true,"href":"https:\/\/jorgezanoni.com.br\/2019\/wp-json\/wp\/v2\/media\/69898"}],"wp:attachment":[{"href":"https:\/\/jorgezanoni.com.br\/2019\/wp-json\/wp\/v2\/media?parent=69897"}],"wp:term":[{"taxonomy":"category","embeddable":true,"href":"https:\/\/jorgezanoni.com.br\/2019\/wp-json\/wp\/v2\/categories?post=69897"},{"taxonomy":"post_tag","embeddable":true,"href":"https:\/\/jorgezanoni.com.br\/2019\/wp-json\/wp\/v2\/tags?post=69897"}],"curies":[{"name":"wp","href":"https:\/\/api.w.org\/{rel}","templated":true}]}}