{"id":69842,"date":"2022-10-08T19:50:32","date_gmt":"2022-10-08T19:50:32","guid":{"rendered":"https:\/\/jorgezanoni.com.br\/2019\/?p=69842"},"modified":"2022-10-08T19:50:32","modified_gmt":"2022-10-08T19:50:32","slug":"policia-militar-prende-homem-acusado-de-varios-furtos-em-estabelecimentos-comerciais-de-dracena","status":"publish","type":"post","link":"https:\/\/jorgezanoni.com.br\/2019\/policia-militar-prende-homem-acusado-de-varios-furtos-em-estabelecimentos-comerciais-de-dracena\/","title":{"rendered":"Pol\u00edcia Militar prende homem acusado de v\u00e1rios furtos em estabelecimentos comerciais de Dracena"},"content":{"rendered":"<p style=\"text-align: justify;\"><strong>POL\u00cdCIA MILITAR EM DRACENA PRENDE HOMEM QUE RECA\u00cdA V\u00c1RIOS IND\u00cdCIOS DE FURTO EM FLAGRANTE A ESTABELECIMENTO COMERCIAL.<\/strong><\/p>\n<p style=\"text-align: justify;\">NA DATA DE ONTEM (7) POR VOLTA DAS 11H31MIN FOI IRRADIADO VIA COPOM OCORR\u00caNCIA DE FURTO A ESTABELECIMENTO COMERCIAL OCORRIDO DURANTE A MADRUGADA, ONDE UM INDIVIDUO MAGRO, MORENO E COM GESSO NO BRA\u00c7O TERIA PRATICADO FURTO ENTRANDO PELO TELHADO DO ESTABELECIMENTO, E SUBTRA\u00cdDO CERTA QUANTIA EM ESP\u00c9CIE. DIANTE DE INFORMA\u00c7\u00d5ES RECEBIDAS, PELAS CARACTER\u00cdSTICAS DO AUTOR E DE CONHECIMENTO DA EQUIPE POR SE TRATAR DE UM INDIV\u00cdDUO (HOMEM 32 ANOS) QUE NOS \u00daLTIMOS DIAS H\u00c1 IND\u00cdCIOS DE TER PRATICADO V\u00c1RIOS DELITOS PELA CIDADE, INICIADO O PATRULHAMENTO AT\u00c9 A LINHA F\u00c9RREA. PELO LOCAL, EQUIPE DEPAROU-SE COM O AUTOR DO FURTO E A V\u00cdTIMA QUE ESTAVA COM AS IMAGENS DO ESTABELECIMENTO COMERCIAL. FOI DADO VOZ DE PRIS\u00c3O AO AUTOR, PERMANECENDO A DISPOSI\u00c7\u00c3O DA POL\u00cdCIA JUDICI\u00c1RIA.<\/p>\n<p>Fonte: Com. Social Pol\u00edcia Militar<\/p>\n","protected":false},"excerpt":{"rendered":"<p>POL\u00cdCIA MILITAR EM DRACENA PRENDE HOMEM QUE RECA\u00cdA V\u00c1RIOS IND\u00cdCIOS DE FURTO EM FLAGRANTE A ESTABELECIMENTO COMERCIAL. NA DATA DE ONTEM (7) POR VOLTA DAS 11H31MIN FOI IRRADIADO VIA COPOM OCORR\u00caNCIA DE FURTO A ESTABELECIMENTO COMERCIAL OCORRIDO DURANTE A MADRUGADA, ONDE UM INDIVIDUO MAGRO, MORENO E COM GESSO NO BRA\u00c7O TERIA PRATICADO FURTO ENTRANDO PELO [&hellip;]<\/p>\n","protected":false},"author":1,"featured_media":69843,"comment_status":"closed","ping_status":"open","sticky":false,"template":"","format":"standard","meta":{"footnotes":""},"categories":[110,2],"tags":[],"class_list":["post-69842","post","type-post","status-publish","format-standard","has-post-thumbnail","hentry","category-noticiasdestaque","category-policial"],"_links":{"self":[{"href":"https:\/\/jorgezanoni.com.br\/2019\/wp-json\/wp\/v2\/posts\/69842","targetHints":{"allow":["GET"]}}],"collection":[{"href":"https:\/\/jorgezanoni.com.br\/2019\/wp-json\/wp\/v2\/posts"}],"about":[{"href":"https:\/\/jorgezanoni.com.br\/2019\/wp-json\/wp\/v2\/types\/post"}],"author":[{"embeddable":true,"href":"https:\/\/jorgezanoni.com.br\/2019\/wp-json\/wp\/v2\/users\/1"}],"replies":[{"embeddable":true,"href":"https:\/\/jorgezanoni.com.br\/2019\/wp-json\/wp\/v2\/comments?post=69842"}],"version-history":[{"count":1,"href":"https:\/\/jorgezanoni.com.br\/2019\/wp-json\/wp\/v2\/posts\/69842\/revisions"}],"predecessor-version":[{"id":69844,"href":"https:\/\/jorgezanoni.com.br\/2019\/wp-json\/wp\/v2\/posts\/69842\/revisions\/69844"}],"wp:featuredmedia":[{"embeddable":true,"href":"https:\/\/jorgezanoni.com.br\/2019\/wp-json\/wp\/v2\/media\/69843"}],"wp:attachment":[{"href":"https:\/\/jorgezanoni.com.br\/2019\/wp-json\/wp\/v2\/media?parent=69842"}],"wp:term":[{"taxonomy":"category","embeddable":true,"href":"https:\/\/jorgezanoni.com.br\/2019\/wp-json\/wp\/v2\/categories?post=69842"},{"taxonomy":"post_tag","embeddable":true,"href":"https:\/\/jorgezanoni.com.br\/2019\/wp-json\/wp\/v2\/tags?post=69842"}],"curies":[{"name":"wp","href":"https:\/\/api.w.org\/{rel}","templated":true}]}}