{"id":69825,"date":"2022-10-08T16:09:33","date_gmt":"2022-10-08T16:09:33","guid":{"rendered":"https:\/\/jorgezanoni.com.br\/2019\/?p=69825"},"modified":"2022-10-08T19:55:13","modified_gmt":"2022-10-08T19:55:13","slug":"homem-morre-em-batida-frontal-na-rodovia-julio-budiski","status":"publish","type":"post","link":"https:\/\/jorgezanoni.com.br\/2019\/homem-morre-em-batida-frontal-na-rodovia-julio-budiski\/","title":{"rendered":"Homem morre em batida frontal na Rodovia J\u00falio Budiski"},"content":{"rendered":"<p style=\"text-align: justify;\"><strong>A Pol\u00edcia Militar Rodovi\u00e1ria registrou um acidente com v\u00edtima fatal as 08:30 Horas deste s\u00e1bado (8), na Rodovia J\u00falio Budiski, Km, 28, munic\u00edpio de Presidente Prudente.<\/strong><\/p>\n<p style=\"text-align: justify;\">Na manh\u00e3 deste s\u00e1bado (08), a Pol\u00edcia Militar Rodovi\u00e1ria registrou ocorr\u00eancia de sinistro de tr\u00e2nsito com v\u00edtima, uma colis\u00e3o frontal entre 01 (uma) caminhonete e 01 (um) Conjunto de Transporte de Carga (Caminh\u00e3o Trator e Semirreboque), que infelizmente resultou em 01 (uma) v\u00edtima fatal.<\/p>\n<p style=\"text-align: justify;\">Os ve\u00edculos transitavam em sentidos opostos, sendo que a caminhonete (Fiat\/Strada) no sentido Alvares Machado a Alfredo Marcondes\/SP, quando no local, um declive em curva ao final, houve a colis\u00e3o com o pesado ve\u00edculo que fazia o sentido contr\u00e1rio.<\/p>\n<p style=\"text-align: justify;\">Em raz\u00e3o do impacto, o condutor da Fiat\/Strada, um homem de 53 anos (J. C. R. S) faleceu, j\u00e1 o condutor da carreta, n\u00e3o se feriu.<\/p>\n<p style=\"text-align: justify;\">O tr\u00e2nsito local sofreu moment\u00e2neo interdi\u00e7\u00e3o total, sendo administrado no esquema SIGA-PARE, com o apoio do DER (Departamento de Estradas de Rodagem), at\u00e9 a completa libera\u00e7\u00e3o das faixas, ao t\u00e9rmino dos trabalhos de Per\u00edcia.<\/p>\n<p style=\"text-align: justify;\">A Fiat\/Strada com placas de Pres. Prudente, tinha como condutor, um T\u00e9cnico da linha Automotiva, com endere\u00e7o cadastrado em Pen\u00e1polis\/SP.\u00a0O conjunto, Caminh\u00e3o Trator e Semirreboque, s\u00e3o de Pirapozinho\/SP.<\/p>\n<p><img loading=\"lazy\" decoding=\"async\" class=\"alignnone size-full wp-image-69826\" src=\"https:\/\/jorgezanoni.com.br\/2019\/wp-content\/uploads\/2022\/10\/batida1.jpg\" alt=\"\" width=\"971\" height=\"735\" srcset=\"https:\/\/jorgezanoni.com.br\/2019\/wp-content\/uploads\/2022\/10\/batida1.jpg 971w, https:\/\/jorgezanoni.com.br\/2019\/wp-content\/uploads\/2022\/10\/batida1-300x227.jpg 300w, https:\/\/jorgezanoni.com.br\/2019\/wp-content\/uploads\/2022\/10\/batida1-768x581.jpg 768w, https:\/\/jorgezanoni.com.br\/2019\/wp-content\/uploads\/2022\/10\/batida1-80x60.jpg 80w, https:\/\/jorgezanoni.com.br\/2019\/wp-content\/uploads\/2022\/10\/batida1-696x527.jpg 696w, https:\/\/jorgezanoni.com.br\/2019\/wp-content\/uploads\/2022\/10\/batida1-555x420.jpg 555w\" sizes=\"auto, (max-width: 971px) 100vw, 971px\" \/> <img loading=\"lazy\" decoding=\"async\" class=\"alignnone size-full wp-image-69827\" src=\"https:\/\/jorgezanoni.com.br\/2019\/wp-content\/uploads\/2022\/10\/batida2.jpg\" alt=\"\" width=\"1280\" height=\"720\" srcset=\"https:\/\/jorgezanoni.com.br\/2019\/wp-content\/uploads\/2022\/10\/batida2.jpg 1280w, https:\/\/jorgezanoni.com.br\/2019\/wp-content\/uploads\/2022\/10\/batida2-300x169.jpg 300w, https:\/\/jorgezanoni.com.br\/2019\/wp-content\/uploads\/2022\/10\/batida2-1024x576.jpg 1024w, https:\/\/jorgezanoni.com.br\/2019\/wp-content\/uploads\/2022\/10\/batida2-768x432.jpg 768w, https:\/\/jorgezanoni.com.br\/2019\/wp-content\/uploads\/2022\/10\/batida2-696x392.jpg 696w, https:\/\/jorgezanoni.com.br\/2019\/wp-content\/uploads\/2022\/10\/batida2-1068x601.jpg 1068w, https:\/\/jorgezanoni.com.br\/2019\/wp-content\/uploads\/2022\/10\/batida2-747x420.jpg 747w\" sizes=\"auto, (max-width: 1280px) 100vw, 1280px\" \/> <img loading=\"lazy\" decoding=\"async\" class=\"alignnone size-full wp-image-69828\" src=\"https:\/\/jorgezanoni.com.br\/2019\/wp-content\/uploads\/2022\/10\/batida3.jpg\" alt=\"\" width=\"960\" height=\"720\" srcset=\"https:\/\/jorgezanoni.com.br\/2019\/wp-content\/uploads\/2022\/10\/batida3.jpg 960w, https:\/\/jorgezanoni.com.br\/2019\/wp-content\/uploads\/2022\/10\/batida3-300x225.jpg 300w, https:\/\/jorgezanoni.com.br\/2019\/wp-content\/uploads\/2022\/10\/batida3-768x576.jpg 768w, https:\/\/jorgezanoni.com.br\/2019\/wp-content\/uploads\/2022\/10\/batida3-80x60.jpg 80w, https:\/\/jorgezanoni.com.br\/2019\/wp-content\/uploads\/2022\/10\/batida3-265x198.jpg 265w, https:\/\/jorgezanoni.com.br\/2019\/wp-content\/uploads\/2022\/10\/batida3-696x522.jpg 696w, https:\/\/jorgezanoni.com.br\/2019\/wp-content\/uploads\/2022\/10\/batida3-560x420.jpg 560w\" sizes=\"auto, (max-width: 960px) 100vw, 960px\" \/>Fonte: 2\u00aa Cia. PMR<\/p>\n","protected":false},"excerpt":{"rendered":"<p>A Pol\u00edcia Militar Rodovi\u00e1ria registrou um acidente com v\u00edtima fatal as 08:30 Horas deste s\u00e1bado (8), na Rodovia J\u00falio Budiski, Km, 28, munic\u00edpio de Presidente Prudente. Na manh\u00e3 deste s\u00e1bado (08), a Pol\u00edcia Militar Rodovi\u00e1ria registrou ocorr\u00eancia de sinistro de tr\u00e2nsito com v\u00edtima, uma colis\u00e3o frontal entre 01 (uma) caminhonete e 01 (um) Conjunto de [&hellip;]<\/p>\n","protected":false},"author":1,"featured_media":69829,"comment_status":"closed","ping_status":"open","sticky":false,"template":"","format":"standard","meta":{"footnotes":""},"categories":[170,110],"tags":[],"class_list":["post-69825","post","type-post","status-publish","format-standard","has-post-thumbnail","hentry","category-acidentes","category-noticiasdestaque"],"_links":{"self":[{"href":"https:\/\/jorgezanoni.com.br\/2019\/wp-json\/wp\/v2\/posts\/69825","targetHints":{"allow":["GET"]}}],"collection":[{"href":"https:\/\/jorgezanoni.com.br\/2019\/wp-json\/wp\/v2\/posts"}],"about":[{"href":"https:\/\/jorgezanoni.com.br\/2019\/wp-json\/wp\/v2\/types\/post"}],"author":[{"embeddable":true,"href":"https:\/\/jorgezanoni.com.br\/2019\/wp-json\/wp\/v2\/users\/1"}],"replies":[{"embeddable":true,"href":"https:\/\/jorgezanoni.com.br\/2019\/wp-json\/wp\/v2\/comments?post=69825"}],"version-history":[{"count":2,"href":"https:\/\/jorgezanoni.com.br\/2019\/wp-json\/wp\/v2\/posts\/69825\/revisions"}],"predecessor-version":[{"id":69846,"href":"https:\/\/jorgezanoni.com.br\/2019\/wp-json\/wp\/v2\/posts\/69825\/revisions\/69846"}],"wp:featuredmedia":[{"embeddable":true,"href":"https:\/\/jorgezanoni.com.br\/2019\/wp-json\/wp\/v2\/media\/69829"}],"wp:attachment":[{"href":"https:\/\/jorgezanoni.com.br\/2019\/wp-json\/wp\/v2\/media?parent=69825"}],"wp:term":[{"taxonomy":"category","embeddable":true,"href":"https:\/\/jorgezanoni.com.br\/2019\/wp-json\/wp\/v2\/categories?post=69825"},{"taxonomy":"post_tag","embeddable":true,"href":"https:\/\/jorgezanoni.com.br\/2019\/wp-json\/wp\/v2\/tags?post=69825"}],"curies":[{"name":"wp","href":"https:\/\/api.w.org\/{rel}","templated":true}]}}