{"id":69785,"date":"2022-10-06T11:58:43","date_gmt":"2022-10-06T11:58:43","guid":{"rendered":"https:\/\/jorgezanoni.com.br\/2019\/?p=69785"},"modified":"2022-10-06T11:58:43","modified_gmt":"2022-10-06T11:58:43","slug":"a-importancia-do-cuidador-no-dia-a-dia-do-paciente-com-alzheimer-por-cidinha-pascoaloto","status":"publish","type":"post","link":"https:\/\/jorgezanoni.com.br\/2019\/a-importancia-do-cuidador-no-dia-a-dia-do-paciente-com-alzheimer-por-cidinha-pascoaloto\/","title":{"rendered":"A Import\u00e2ncia do cuidador no dia a dia do paciente com Alzheimer  (por Cidinha Pascoaloto)"},"content":{"rendered":"<p style=\"text-align: justify;\">Ao longo da vida o ser humano passa por v\u00e1rias fases, desde o desenvolvimento at\u00e9 o processo de envelhecimento. Passamos por mudan\u00e7as biol\u00f3gicas, psicol\u00f3gicas e a nossa rela\u00e7\u00e3o com o mundo tamb\u00e9m muda.\u00a0 Adoecemos com o passar dos anos.<\/p>\n<p style=\"text-align: justify;\">Existe uma doen\u00e7a que gera incapacidade e depend\u00eancia. O Alzheimer. Pacientes com Alzheimer tem necessidade de ter um cuidador pr\u00f3ximo mesmo que seja um familiar ou um profissional.<\/p>\n<p style=\"text-align: justify;\">Eles n\u00e3o conseguem realizar tarefas simples como escovar os dentes, cal\u00e7ar sapatos, se deslocar de um lado para o outro, entre outros. Os cuidadores sentem muitas dificuldades para lidar com comportamentos inadequados do paciente com essa dem\u00eancia.<\/p>\n<p style=\"text-align: justify;\">Mas existem algumas estrat\u00e9gias que ajudam a lidar melhor com esses pacientes. Essas estrat\u00e9gias deixam o relacionamento mais leve e facilita a rotina. Fale de forma simples e com calma usando poucas palavras.<\/p>\n<p style=\"text-align: justify;\">Nunca enfrente o paciente com dem\u00eancia, \u00e9 sempre bom lembrar que ele n\u00e3o est\u00e1 provocando o cuidador. Agressividades e agita\u00e7\u00f5es fazem parte da evolu\u00e7\u00e3o da doen\u00e7a. O paciente com dem\u00eancia n\u00e3o deve ser tratado como um beb\u00ea e nem como uma pessoa incapaz.<\/p>\n<p style=\"text-align: justify;\">Procure manter um ambiente calmo para que o paciente consiga ouvir o que voc\u00ea est\u00e1 falando. Olhe nos olhos e chame a pessoa pelo nome para que ela fique atenta ao que voc\u00ea vai falar. Ou\u00e7a o paciente com paci\u00eancia e n\u00e3o interrompa sua fala. Avise sempre o paciente sobre o que voc\u00ea vai fazer. Exemplo: agora \u00e9 hora do banho.<\/p>\n<p style=\"text-align: justify;\">Tomar banho para uma pessoa com dem\u00eancia pode ser apavorante e inc\u00f4modo. Procure fazer uma rotina tanto para o banho como tamb\u00e9m para a alimenta\u00e7\u00e3o e hor\u00e1rio de troca de roupa entre outras. A rotina \u00e9 um mecanismo de seguran\u00e7a para o idoso.<\/p>\n<p style=\"text-align: justify;\">Fa\u00e7a com que o paciente tenha contatos sociais para evitar o isolamento.<\/p>\n<p><img loading=\"lazy\" decoding=\"async\" class=\"alignnone size-full wp-image-69787\" src=\"https:\/\/jorgezanoni.com.br\/2019\/wp-content\/uploads\/2022\/10\/Cidinha-Pascoaloto.jpg\" alt=\"\" width=\"500\" height=\"755\" srcset=\"https:\/\/jorgezanoni.com.br\/2019\/wp-content\/uploads\/2022\/10\/Cidinha-Pascoaloto.jpg 500w, https:\/\/jorgezanoni.com.br\/2019\/wp-content\/uploads\/2022\/10\/Cidinha-Pascoaloto-199x300.jpg 199w, https:\/\/jorgezanoni.com.br\/2019\/wp-content\/uploads\/2022\/10\/Cidinha-Pascoaloto-278x420.jpg 278w\" sizes=\"auto, (max-width: 500px) 100vw, 500px\" \/><\/p>\n<p style=\"text-align: justify;\">Cidinha Pascoaloto-Psic\u00f3loga -CRP 06\/158174 Terapia cognitivo Comportamental (TCC)Atendimento online, contato: +55(18) 99725-6418<\/p>\n","protected":false},"excerpt":{"rendered":"<p>Ao longo da vida o ser humano passa por v\u00e1rias fases, desde o desenvolvimento at\u00e9 o processo de envelhecimento. Passamos por mudan\u00e7as biol\u00f3gicas, psicol\u00f3gicas e a nossa rela\u00e7\u00e3o com o mundo tamb\u00e9m muda.\u00a0 Adoecemos com o passar dos anos. Existe uma doen\u00e7a que gera incapacidade e depend\u00eancia. O Alzheimer. Pacientes com Alzheimer tem necessidade de [&hellip;]<\/p>\n","protected":false},"author":1,"featured_media":69787,"comment_status":"closed","ping_status":"open","sticky":false,"template":"","format":"standard","meta":{"footnotes":""},"categories":[175],"tags":[],"class_list":["post-69785","post","type-post","status-publish","format-standard","has-post-thumbnail","hentry","category-artigos"],"_links":{"self":[{"href":"https:\/\/jorgezanoni.com.br\/2019\/wp-json\/wp\/v2\/posts\/69785","targetHints":{"allow":["GET"]}}],"collection":[{"href":"https:\/\/jorgezanoni.com.br\/2019\/wp-json\/wp\/v2\/posts"}],"about":[{"href":"https:\/\/jorgezanoni.com.br\/2019\/wp-json\/wp\/v2\/types\/post"}],"author":[{"embeddable":true,"href":"https:\/\/jorgezanoni.com.br\/2019\/wp-json\/wp\/v2\/users\/1"}],"replies":[{"embeddable":true,"href":"https:\/\/jorgezanoni.com.br\/2019\/wp-json\/wp\/v2\/comments?post=69785"}],"version-history":[{"count":1,"href":"https:\/\/jorgezanoni.com.br\/2019\/wp-json\/wp\/v2\/posts\/69785\/revisions"}],"predecessor-version":[{"id":69789,"href":"https:\/\/jorgezanoni.com.br\/2019\/wp-json\/wp\/v2\/posts\/69785\/revisions\/69789"}],"wp:featuredmedia":[{"embeddable":true,"href":"https:\/\/jorgezanoni.com.br\/2019\/wp-json\/wp\/v2\/media\/69787"}],"wp:attachment":[{"href":"https:\/\/jorgezanoni.com.br\/2019\/wp-json\/wp\/v2\/media?parent=69785"}],"wp:term":[{"taxonomy":"category","embeddable":true,"href":"https:\/\/jorgezanoni.com.br\/2019\/wp-json\/wp\/v2\/categories?post=69785"},{"taxonomy":"post_tag","embeddable":true,"href":"https:\/\/jorgezanoni.com.br\/2019\/wp-json\/wp\/v2\/tags?post=69785"}],"curies":[{"name":"wp","href":"https:\/\/api.w.org\/{rel}","templated":true}]}}