{"id":69744,"date":"2022-10-05T16:06:48","date_gmt":"2022-10-05T16:06:48","guid":{"rendered":"https:\/\/jorgezanoni.com.br\/2019\/?p=69744"},"modified":"2022-10-05T16:06:48","modified_gmt":"2022-10-05T16:06:48","slug":"policia-militar-registra-ocorrencia-de-incendio-em-veiculo-em-estrada-de-panorama","status":"publish","type":"post","link":"https:\/\/jorgezanoni.com.br\/2019\/policia-militar-registra-ocorrencia-de-incendio-em-veiculo-em-estrada-de-panorama\/","title":{"rendered":"Pol\u00edcia Militar registra ocorr\u00eancia de inc\u00eandio em ve\u00edculo em estrada de Panorama"},"content":{"rendered":"<p style=\"text-align: justify;\">Na tarde de ontem, 04, a unidade da Pol\u00edcia Militar, registrou ocorr\u00eancia de inc\u00eandio \u00e0 ve\u00edculo na Estrada Aldo Bruno. No local dos fatos, foi constatado um ve\u00edculo GM\/Montana, com mais da metade do ve\u00edculo j\u00e1 queimado. A v\u00edtima\/condutor (49 anos) estava fora do ve\u00edculo, consciente e conversando, por\u00e9m, com queimaduras pelo corpo, sendo de imediato socorrido ao Pronto Socorro Municipal. Segundo relatos, o condutor transportava uma churrasqueira com carv\u00e3o aceso na carroceria do ve\u00edculo, dando in\u00edcio ao inc\u00eandio. O fogo havia sido controlado por populares que passavam no local.<\/p>\n<p><img loading=\"lazy\" decoding=\"async\" class=\"alignnone size-full wp-image-69746\" src=\"https:\/\/jorgezanoni.com.br\/2019\/wp-content\/uploads\/2022\/10\/fogo1.jpg\" alt=\"\" width=\"700\" height=\"493\" srcset=\"https:\/\/jorgezanoni.com.br\/2019\/wp-content\/uploads\/2022\/10\/fogo1.jpg 700w, https:\/\/jorgezanoni.com.br\/2019\/wp-content\/uploads\/2022\/10\/fogo1-300x211.jpg 300w, https:\/\/jorgezanoni.com.br\/2019\/wp-content\/uploads\/2022\/10\/fogo1-100x70.jpg 100w, https:\/\/jorgezanoni.com.br\/2019\/wp-content\/uploads\/2022\/10\/fogo1-696x490.jpg 696w, https:\/\/jorgezanoni.com.br\/2019\/wp-content\/uploads\/2022\/10\/fogo1-596x420.jpg 596w\" sizes=\"auto, (max-width: 700px) 100vw, 700px\" \/><\/p>\n<p>Fonte: Com. Social Pol\u00edcia Militar<\/p>\n","protected":false},"excerpt":{"rendered":"<p>Na tarde de ontem, 04, a unidade da Pol\u00edcia Militar, registrou ocorr\u00eancia de inc\u00eandio \u00e0 ve\u00edculo na Estrada Aldo Bruno. No local dos fatos, foi constatado um ve\u00edculo GM\/Montana, com mais da metade do ve\u00edculo j\u00e1 queimado. A v\u00edtima\/condutor (49 anos) estava fora do ve\u00edculo, consciente e conversando, por\u00e9m, com queimaduras pelo corpo, sendo de [&hellip;]<\/p>\n","protected":false},"author":1,"featured_media":69745,"comment_status":"closed","ping_status":"open","sticky":false,"template":"","format":"standard","meta":{"footnotes":""},"categories":[110,2],"tags":[],"class_list":["post-69744","post","type-post","status-publish","format-standard","has-post-thumbnail","hentry","category-noticiasdestaque","category-policial"],"_links":{"self":[{"href":"https:\/\/jorgezanoni.com.br\/2019\/wp-json\/wp\/v2\/posts\/69744","targetHints":{"allow":["GET"]}}],"collection":[{"href":"https:\/\/jorgezanoni.com.br\/2019\/wp-json\/wp\/v2\/posts"}],"about":[{"href":"https:\/\/jorgezanoni.com.br\/2019\/wp-json\/wp\/v2\/types\/post"}],"author":[{"embeddable":true,"href":"https:\/\/jorgezanoni.com.br\/2019\/wp-json\/wp\/v2\/users\/1"}],"replies":[{"embeddable":true,"href":"https:\/\/jorgezanoni.com.br\/2019\/wp-json\/wp\/v2\/comments?post=69744"}],"version-history":[{"count":1,"href":"https:\/\/jorgezanoni.com.br\/2019\/wp-json\/wp\/v2\/posts\/69744\/revisions"}],"predecessor-version":[{"id":69747,"href":"https:\/\/jorgezanoni.com.br\/2019\/wp-json\/wp\/v2\/posts\/69744\/revisions\/69747"}],"wp:featuredmedia":[{"embeddable":true,"href":"https:\/\/jorgezanoni.com.br\/2019\/wp-json\/wp\/v2\/media\/69745"}],"wp:attachment":[{"href":"https:\/\/jorgezanoni.com.br\/2019\/wp-json\/wp\/v2\/media?parent=69744"}],"wp:term":[{"taxonomy":"category","embeddable":true,"href":"https:\/\/jorgezanoni.com.br\/2019\/wp-json\/wp\/v2\/categories?post=69744"},{"taxonomy":"post_tag","embeddable":true,"href":"https:\/\/jorgezanoni.com.br\/2019\/wp-json\/wp\/v2\/tags?post=69744"}],"curies":[{"name":"wp","href":"https:\/\/api.w.org\/{rel}","templated":true}]}}