{"id":69736,"date":"2022-10-05T15:33:15","date_gmt":"2022-10-05T15:33:15","guid":{"rendered":"https:\/\/jorgezanoni.com.br\/2019\/?p=69736"},"modified":"2022-10-05T15:33:15","modified_gmt":"2022-10-05T15:33:15","slug":"2a-cia-da-policia-militar-rodoviaria-completa-33-anos-de-bons-servicos-prestados-nas-rodovias-do-oeste-paulista","status":"publish","type":"post","link":"https:\/\/jorgezanoni.com.br\/2019\/2a-cia-da-policia-militar-rodoviaria-completa-33-anos-de-bons-servicos-prestados-nas-rodovias-do-oeste-paulista\/","title":{"rendered":"2\u00aa Cia. da Pol\u00edcia Militar Rodovi\u00e1ria completa 33 anos de bons servi\u00e7os prestados nas rodovias do Oeste Paulista"},"content":{"rendered":"<p style=\"text-align: justify;\"><strong>SECRETARIA DE SEGURAN\u00c7A P\u00daBLICA &#8211;\u00a0<\/strong><strong>POL\u00cdCIA MILITAR DO ESTADO DE S\u00c3O PAULO &#8211;\u00a0<\/strong><strong>COMANDO DE POLICIAMENTO RODOVI\u00c1RIO \u2013 CPRv.<\/strong><\/p>\n<p style=\"text-align: justify;\">\u00a0<strong>\u201cNOSSO COMPROMISSO \u00c9 COM A VIDA\u201d<\/strong><strong>\u00a0<\/strong><\/p>\n<p style=\"text-align: justify;\">A 2\u00aa Companhia de Pol\u00edcia Rodovi\u00e1ria foi inaugurada em 05 de Outubro de 1989.<\/p>\n<p style=\"text-align: justify;\">Denominada inicialmente como 5\u00aa Companhia de Pol\u00edcia Rodovi\u00e1ria, a ent\u00e3o nova Subunidade da Pol\u00edcia Militar do Estado de S\u00e3o Paulo passou a funcionar inicialmente na sede da Divis\u00e3o Regional &#8211; 12 do DER, em Presidente Prudente.<\/p>\n<p style=\"text-align: justify;\">Criada para atender os anseios da regi\u00e3o administrativa de Presidente Prudente, segue transcri\u00e7\u00e3o do contido no Informativo do 2\u00ba Batalh\u00e3o de Pol\u00edcia Rodovi\u00e1ria no dia 06 de outubro de 1989:<\/p>\n<p style=\"text-align: justify;\"><u>&#8220;Presidente Prudente \u00e9 a cidade sede da 10\u00aa regi\u00e3o administrativa do Estado, \u00e1rea essa que compreende 50 munic\u00edpios, num total de 865.323 habitantes e uma extens\u00e3o territorial de 1781.270 km2 e em 2000 quil\u00f4metros de rodovias vicinais e SP onde o policiamento tem a dif\u00edcil tarefa de controlar o tr\u00e1fego, que em alguns pontos atinge a 10.000 ve\u00edculos di\u00e1rios transitando pela malha vi\u00e1ria, levando o progresso aos mais distantes pontos do Pa\u00eds&#8221;<\/u><\/p>\n<p style=\"text-align: justify;\">A atua\u00e7\u00e3o do Policiamento Rodovi\u00e1rio n\u00e3o iniciou na regi\u00e3o de Presidente Prudente somente no ano de 1989. Anterior a isso, o trabalho j\u00e1 era desenvolvido na regi\u00e3o e, as Bases Operacionais eram subordinadas \u00e0 Companhia de Pol\u00edcia Rodovi\u00e1ria situada em Assis, tendo as seguintes datas de cria\u00e7\u00e3o:<\/p>\n<p style=\"text-align: justify;\">A Base Operacional de Presidente Prudente foi inaugurada em 09 de Julho de 1981<\/p>\n<p style=\"text-align: justify;\">A Base Operacional de Presidente Venceslau foi inaugurada em 02 de Setembro de 1975<\/p>\n<p style=\"text-align: justify;\">A Base Operacional de Presidente Epit\u00e1cio foi inaugurada em 23 de Mar\u00e7o de 1975<\/p>\n<p style=\"text-align: justify;\">A Base Operacional de Dracena foi inaugurada em 08 de Dezembro de 1971 e,<\/p>\n<p style=\"text-align: justify;\">A Base Operacional de Adamantina foi inaugurada em 04 de Junho de 1988 e, assim fica demonstrado que a regi\u00e3o j\u00e1 contava com a atua\u00e7\u00e3o do Policiamento Rodovi\u00e1rio.<\/p>\n<p style=\"text-align: justify;\">Por\u00e9m, foi a partir de 05 de Outubro de 1989 que ganhou papel de destaque na Seguran\u00e7a vi\u00e1ria, na repress\u00e3o de crimes nas rodovias e nas mais diversas gamas de atua\u00e7\u00e3o, sendo criada ent\u00e3o uma sede regional do Policiamento Rodovi\u00e1rio.<\/p>\n<p style=\"text-align: justify;\">Conta tamb\u00e9m com o bra\u00e7o de atua\u00e7\u00e3o de seus Pelot\u00f5es:<\/p>\n<p style=\"text-align: justify;\">O 1\u00ba Pelot\u00e3o situando-se na cidade de Presidente Prudente.<\/p>\n<p style=\"text-align: justify;\">O 2\u00ba Pelot\u00e3o situando-se na cidade de Presidente Venceslau e,<\/p>\n<p style=\"text-align: justify;\">O 3\u00ba Pelot\u00e3o situando-se na cidade de Dracena.<\/p>\n<p style=\"text-align: justify;\">Sempre contando com o apoio ininterrupto do Departamento de Estradas de Rodagem e, mais atualmente das Concession\u00e1rias CART e EIXO SP, s\u00e3o 1530 quil\u00f4metros de rodovias Estaduais a serem vigiados pela 2\u00aa Companhia de Pol\u00edcia Rodovi\u00e1ria, excluindo-se desta conta as rodovias vicinais, tamb\u00e9m denominadas de rodovias municipais.<\/p>\n<p style=\"text-align: justify;\">As rodovias que perpassam a regi\u00e3o s\u00e3o importantes elos de liga\u00e7\u00e3o entre o leste do Estado de Mato Grosso do Sul, o Noroeste do Estado do Paran\u00e1, com grandes centros urbanos do pr\u00f3prio Estado de S\u00e3o Paulo e outros vizinhos.<\/p>\n<p style=\"text-align: justify;\">S\u00e3o de grande import\u00e2ncia as rodovias da regi\u00e3o pois representam, sem sombras de d\u00favidas, a movimenta\u00e7\u00e3o da economia regional, estadual e nacional, sendo fundamentais para o escoamento de cargas das mais variadas e o transporte de pessoas.<\/p>\n<p style=\"text-align: justify;\">Dado isso, a vigil\u00e2ncia deve ser constante, pois, infelizmente o crime tamb\u00e9m se utiliza destas rodovias para a concretiza\u00e7\u00e3o de seus atos.<\/p>\n<p style=\"text-align: justify;\">Isso ganhou tamb\u00e9m grande destaque com a cria\u00e7\u00e3o do TOR (T\u00e1tico Ostensivo Rodovi\u00e1rio) tamb\u00e9m no ano de 1989, que muito acrescentou para o Estado de S\u00e3o Paulo e para a regi\u00e3o de Presidente Prudente nas a\u00e7\u00f5es de presen\u00e7a policial e repress\u00e3o ao crimes praticados na malha vi\u00e1ria. A partir de ent\u00e3o, a singularidade da Companhia no combate aos il\u00edcitos penais nas rodovias, principalmente do Tr\u00e1fico de Drogas e Contrabando, ganhou destaque.<\/p>\n<p style=\"text-align: justify;\">Para se ter uma breve no\u00e7\u00e3o de import\u00e2ncia da repress\u00e3o criminal na \u00e1rea da Companhia, a modalidade de abordagens \u00e0 \u00d4nibus de Transporte Coletivo de passageiros para a localiza\u00e7\u00e3o de drogas teve in\u00edcio aqui e ganhou abrang\u00eancia importante no Estado de S\u00e3o Paulo e no Brasil.<\/p>\n<p style=\"text-align: justify;\">Seguindo em frente, a 2\u00aa Companhia de Pol\u00edcia Rodovi\u00e1ria \u00e9 atenta e vers\u00e1til \u00e0s demandas que surgem cotidianamente e assim, tem demonstrado \u00e0 nossa popula\u00e7\u00e3o do Oeste Paulista que podem contar com uma atua\u00e7\u00e3o eficiente e eficaz.<\/p>\n<p style=\"text-align: justify;\">Para demonstrar em n\u00fameros, nos \u00faltimos tr\u00eas anos a atua\u00e7\u00e3o (2019, 2020 e 2021) na regi\u00e3o tem demonstrado os seguintes n\u00fameros:<\/p>\n<p style=\"text-align: justify;\">&#8211; redu\u00e7\u00e3o em 4,5 % do n\u00famero total de sinistros<\/p>\n<p style=\"text-align: justify;\">&#8211; redu\u00e7\u00e3o em 14,5 % do n\u00famero total de v\u00edtimas fatais<\/p>\n<p style=\"text-align: justify;\">&#8211; redu\u00e7\u00e3o em 8,9 % do n\u00famero total de v\u00edtimas graves e leves<\/p>\n<p style=\"text-align: justify;\">Todos esses n\u00fameros seguindo para uma tend\u00eancia de queda no ano de 2022.<\/p>\n<p style=\"text-align: justify;\">Ainda houve nos \u00faltimo tr\u00eas anos, aliado com o ano de 2022:<\/p>\n<p style=\"text-align: justify;\">&#8211; constata\u00e7\u00e3o de 6.508 condutores dirigindo sob a influ\u00eancia de \u00e1lcool<\/p>\n<p style=\"text-align: justify;\">&#8211; apreens\u00e3o de 60 armas de fogo<\/p>\n<p style=\"text-align: justify;\">&#8211; apreens\u00e3o de 112,7 toneladas de drogas<\/p>\n<p style=\"text-align: justify;\">N\u00e3o \u00e9 s\u00f3 isso, nesse per\u00edodo dos \u00faltimos 3 anos foram mais de 50 Escolas e Empresas atendidas por Palestras Educativas de Tr\u00e2nsito.<\/p>\n<p style=\"text-align: justify;\">Enfim, os &#8220;anjos do asfalto&#8221; demonstram uma gama de boas pr\u00e1ticas que evidenciam o bom trabalho, aliada \u00e0 manuten\u00e7\u00e3o da seguran\u00e7a nas rodovias, destinadas aos brasileiros residentes na regi\u00e3o Oeste do Estado de S\u00e3o Paulo.<\/p>\n<p style=\"text-align: justify;\">Agradecemos o apoio e o reconhecimento de toda a popula\u00e7\u00e3o do Oeste Paulista.<\/p>\n<p style=\"text-align: justify;\">Seguimos sempre: Protegendo pessoas e salvando vidas.<\/p>\n<p><img loading=\"lazy\" decoding=\"async\" class=\"alignnone size-full wp-image-69738\" src=\"https:\/\/jorgezanoni.com.br\/2019\/wp-content\/uploads\/2022\/10\/pol1.jpg\" alt=\"\" width=\"1024\" height=\"472\" srcset=\"https:\/\/jorgezanoni.com.br\/2019\/wp-content\/uploads\/2022\/10\/pol1.jpg 1024w, https:\/\/jorgezanoni.com.br\/2019\/wp-content\/uploads\/2022\/10\/pol1-300x138.jpg 300w, https:\/\/jorgezanoni.com.br\/2019\/wp-content\/uploads\/2022\/10\/pol1-768x354.jpg 768w, https:\/\/jorgezanoni.com.br\/2019\/wp-content\/uploads\/2022\/10\/pol1-696x321.jpg 696w, https:\/\/jorgezanoni.com.br\/2019\/wp-content\/uploads\/2022\/10\/pol1-911x420.jpg 911w\" sizes=\"auto, (max-width: 1024px) 100vw, 1024px\" \/> <img loading=\"lazy\" decoding=\"async\" class=\"alignnone size-full wp-image-69739\" src=\"https:\/\/jorgezanoni.com.br\/2019\/wp-content\/uploads\/2022\/10\/pol2.jpg\" alt=\"\" width=\"891\" height=\"668\" srcset=\"https:\/\/jorgezanoni.com.br\/2019\/wp-content\/uploads\/2022\/10\/pol2.jpg 891w, https:\/\/jorgezanoni.com.br\/2019\/wp-content\/uploads\/2022\/10\/pol2-300x225.jpg 300w, https:\/\/jorgezanoni.com.br\/2019\/wp-content\/uploads\/2022\/10\/pol2-768x576.jpg 768w, https:\/\/jorgezanoni.com.br\/2019\/wp-content\/uploads\/2022\/10\/pol2-80x60.jpg 80w, https:\/\/jorgezanoni.com.br\/2019\/wp-content\/uploads\/2022\/10\/pol2-265x198.jpg 265w, https:\/\/jorgezanoni.com.br\/2019\/wp-content\/uploads\/2022\/10\/pol2-696x522.jpg 696w, https:\/\/jorgezanoni.com.br\/2019\/wp-content\/uploads\/2022\/10\/pol2-560x420.jpg 560w\" sizes=\"auto, (max-width: 891px) 100vw, 891px\" \/><\/p>\n<p style=\"text-align: justify;\">Fonte: 2\u00ba BPRV-2\u00aaCia N\u00ba 1294\/25\/22<\/p>\n<p>NOTA: O Site JZ parabeniza todos os Policiais Rodovi\u00e1rios, especialmente aqueles que prestam servi\u00e7os na base operacional de Adamantina, pela seriedade e presteza no atendimento, especialmente a Imprensa.<\/p>\n<p>Parab\u00e9ns!!!<\/p>\n<p>Jorge Zanoni<\/p>\n<p>&nbsp;<\/p>\n<p>&nbsp;<\/p>\n","protected":false},"excerpt":{"rendered":"<p>SECRETARIA DE SEGURAN\u00c7A P\u00daBLICA &#8211;\u00a0POL\u00cdCIA MILITAR DO ESTADO DE S\u00c3O PAULO &#8211;\u00a0COMANDO DE POLICIAMENTO RODOVI\u00c1RIO \u2013 CPRv. \u00a0\u201cNOSSO COMPROMISSO \u00c9 COM A VIDA\u201d\u00a0 A 2\u00aa Companhia de Pol\u00edcia Rodovi\u00e1ria foi inaugurada em 05 de Outubro de 1989. Denominada inicialmente como 5\u00aa Companhia de Pol\u00edcia Rodovi\u00e1ria, a ent\u00e3o nova Subunidade da Pol\u00edcia Militar do Estado de [&hellip;]<\/p>\n","protected":false},"author":1,"featured_media":69737,"comment_status":"closed","ping_status":"open","sticky":false,"template":"","format":"standard","meta":{"footnotes":""},"categories":[110,2],"tags":[],"class_list":["post-69736","post","type-post","status-publish","format-standard","has-post-thumbnail","hentry","category-noticiasdestaque","category-policial"],"_links":{"self":[{"href":"https:\/\/jorgezanoni.com.br\/2019\/wp-json\/wp\/v2\/posts\/69736","targetHints":{"allow":["GET"]}}],"collection":[{"href":"https:\/\/jorgezanoni.com.br\/2019\/wp-json\/wp\/v2\/posts"}],"about":[{"href":"https:\/\/jorgezanoni.com.br\/2019\/wp-json\/wp\/v2\/types\/post"}],"author":[{"embeddable":true,"href":"https:\/\/jorgezanoni.com.br\/2019\/wp-json\/wp\/v2\/users\/1"}],"replies":[{"embeddable":true,"href":"https:\/\/jorgezanoni.com.br\/2019\/wp-json\/wp\/v2\/comments?post=69736"}],"version-history":[{"count":1,"href":"https:\/\/jorgezanoni.com.br\/2019\/wp-json\/wp\/v2\/posts\/69736\/revisions"}],"predecessor-version":[{"id":69740,"href":"https:\/\/jorgezanoni.com.br\/2019\/wp-json\/wp\/v2\/posts\/69736\/revisions\/69740"}],"wp:featuredmedia":[{"embeddable":true,"href":"https:\/\/jorgezanoni.com.br\/2019\/wp-json\/wp\/v2\/media\/69737"}],"wp:attachment":[{"href":"https:\/\/jorgezanoni.com.br\/2019\/wp-json\/wp\/v2\/media?parent=69736"}],"wp:term":[{"taxonomy":"category","embeddable":true,"href":"https:\/\/jorgezanoni.com.br\/2019\/wp-json\/wp\/v2\/categories?post=69736"},{"taxonomy":"post_tag","embeddable":true,"href":"https:\/\/jorgezanoni.com.br\/2019\/wp-json\/wp\/v2\/tags?post=69736"}],"curies":[{"name":"wp","href":"https:\/\/api.w.org\/{rel}","templated":true}]}}