{"id":69716,"date":"2022-10-04T22:23:41","date_gmt":"2022-10-04T22:23:41","guid":{"rendered":"https:\/\/jorgezanoni.com.br\/2019\/?p=69716"},"modified":"2022-10-04T22:23:41","modified_gmt":"2022-10-04T22:23:41","slug":"pais-do-faz-de-conta-e-milhoes-de-mentes-mediocres-por-sergio-barbosa","status":"publish","type":"post","link":"https:\/\/jorgezanoni.com.br\/2019\/pais-do-faz-de-conta-e-milhoes-de-mentes-mediocres-por-sergio-barbosa\/","title":{"rendered":"Pais do faz de conta e Milh\u00f5es de mentes med\u00edocres! (por S\u00e9rgio Barbosa)"},"content":{"rendered":"<p style=\"text-align: justify;\"><strong>Pais do faz de conta e Milh\u00f5es de mentes med\u00edocres!<\/strong><\/p>\n<p style=\"text-align: justify;\"><strong><em>\u201cPenso que 50 milh\u00f5es de pessoas que votaram no candidato que riu das pessoas sem ar, riu dos n\u00fameros de suic\u00eddio, xinga jornalistas mulheres, ataca a imprensa, n\u00e3o comprou vacinas; disse n\u00e3o ser coveiro, isso n\u00e3o \u00e9 voto envergonhado, isso \u00e9 ser c\u00famplice do horror\u201d. (Ana Fontes)<\/em><\/strong><\/p>\n<p style=\"text-align: justify;\"><strong><em>\u00c0s v\u00edtimas da PANDEMIA (in memoriam), dedico! <\/em><\/strong><\/p>\n<p style=\"text-align: justify;\"><strong>S\u00e9rgio Barbosa (*)<\/strong><\/p>\n<p style=\"text-align: justify;\">Quem diria heim? Deve ter sido surpresa at\u00e9 mesmo para o COISO com suas COISAS receber MILH\u00d5ES DE VOTOS na sua conta de GENOCIDA&#8230;<\/p>\n<p style=\"text-align: justify;\">Quem fez tal ESCOLHA, com certeza, n\u00e3o teve nenhum PARENTE, AMIGO\/A ou CONHECIDOS\/AS que foram DIZIMADOS no per\u00edodo da PANDEMIA, a maioria por conta do DESCASO deste DESGOVERNO BOZZONARO com a sa\u00fade da popula\u00e7\u00e3o&#8230;<\/p>\n<p style=\"text-align: justify;\">Foram mais de 600 MIL MORTES, entendo que a MAIORIA destas MORTES poderia ter sido EVITADA pelo COISO e seus MINISTROS MED\u00cdOCRES, isso \u00e9, se tivessem se preocupado mais com a POPULA\u00c7\u00c3O deste PA\u00cdS DO FAZ DE CONTA&#8230;<\/p>\n<p style=\"text-align: justify;\">Al\u00e9m do mais em meio ao tudo de menos, as tais MENTES MED\u00cdOCRES votaram e escolheram SENADORES, DE PUTADOS ESTADUAIS E FEDERAIS, ainda, GOVERNADORES, que est\u00e3o ALINHADOS com este DESGOVERNO BOZZONARO&#8230;<\/p>\n<p style=\"text-align: justify;\">Torna-se LAMENT\u00c1VEL que tais desencontros tenham ocorrido neste dia 2 de outubro, tendo em vista o que est\u00e1 ocorrendo neste PA\u00cdS DO DE CONTA desde o GOLPE de 2.016 com o VAMPIRO e sua turma de ALOPRADOS\/AS&#8230;<\/p>\n<p style=\"text-align: justify;\">N\u00e3o se pode deixar de lado as tais PESQUISAS, entre as quais a do DATAFALHA, considerando que faz parte do PIG, ou seja, PARTIDO DA IMPRENSA GOLPISTA&#8230;<\/p>\n<p style=\"text-align: justify;\">Nesta regi\u00e3o denominada de ALTA PAULISTA, ficou mais do que evidente que a MAIORIA ABSOLUTA (sic) pertence a turma das CARRETAS E MOTOCIATAS com suas BUZINAS\/BERRANTES, todavia, diversas PROV\u00cdNCIAS ficaram deste cen\u00e1rio, a saber: FLORA RICA; NOVA GUATAPORANGA; OURO VERDE; SAGRES e S\u00c3O JO\u00c3O DO PAU D\u00b4ALHO, ou seja, quando a maioria dos\/as eleitores\/as, escolheram o lado da PAZ e das POL\u00cdTICAS SOCIAIS&#8230;<\/p>\n<p style=\"text-align: justify;\">Agora, esperar pelo SEGUNDO TURNO que pode ser aquilo que n\u00e3o se espera que seja, haja vista que o PODER ECON\u00d4MICO em qualquer cen\u00e1rio, comanda o PODER POL\u00cdTICO&#8230;<\/p>\n<p style=\"text-align: justify;\">Espero que VOC\u00ca esteja ciente destes e outros FATOS que ocorreram em tempo de PANDEMIA, bem como, nas \u00e1reas da EDUCA\u00c7\u00c3O, SA\u00daDE, PESQUISA, SOCIAL etc&#8230;<\/p>\n<p style=\"text-align: justify;\">O DESMONTE patrocinado pelo DESGOVERNO BOZZONARO nestas \u00e1reas, coloca o PA\u00cdS DO FAZ DE CONTA de volta ao PASSADO na chamada IDADE DAS TREVAS que foram aqueles anos e anos da IDADE M\u00c9DIA&#8230;<\/p>\n<p style=\"text-align: justify;\">E tem mais, as famigeradas MENTES MED\u00cdOCRES, ainda, ELEGERAM aqueles\/as que fizeram parte do DESMONTE nas \u00e1reas da SA\u00daDE, PESQUISA, MEIO AMBIENTE e DIREITOS HUMANOS&#8230;<\/p>\n<p style=\"text-align: justify;\">Como dizia um amigo do outro tempo do tempo, N\u00c3O D\u00c1 PRA SER FELIZ DESSE JEITO&#8230;<\/p>\n<p style=\"text-align: justify;\">Finalizando, QUEM SOBREVIVER VAI SABER&#8230;<\/p>\n<p style=\"text-align: justify;\"><strong>_______________________<\/strong><\/p>\n<p style=\"text-align: justify;\"><strong>(*) jornalista diplomado e professor universit\u00e1rio.<\/strong><\/p>\n<p style=\"text-align: justify;\"><strong>e-mail: <\/strong><a href=\"mailto:barbosa.sebar@gmail.com\"><strong>barbosa.sebar@gmail.com<\/strong><\/a><\/p>\n<p><strong>\u00a0<\/strong><\/p>\n<p>&nbsp;<\/p>\n","protected":false},"excerpt":{"rendered":"<p>Pais do faz de conta e Milh\u00f5es de mentes med\u00edocres! \u201cPenso que 50 milh\u00f5es de pessoas que votaram no candidato que riu das pessoas sem ar, riu dos n\u00fameros de suic\u00eddio, xinga jornalistas mulheres, ataca a imprensa, n\u00e3o comprou vacinas; disse n\u00e3o ser coveiro, isso n\u00e3o \u00e9 voto envergonhado, isso \u00e9 ser c\u00famplice do horror\u201d. [&hellip;]<\/p>\n","protected":false},"author":1,"featured_media":69717,"comment_status":"closed","ping_status":"open","sticky":false,"template":"","format":"standard","meta":{"footnotes":""},"categories":[175],"tags":[],"class_list":["post-69716","post","type-post","status-publish","format-standard","has-post-thumbnail","hentry","category-artigos"],"_links":{"self":[{"href":"https:\/\/jorgezanoni.com.br\/2019\/wp-json\/wp\/v2\/posts\/69716","targetHints":{"allow":["GET"]}}],"collection":[{"href":"https:\/\/jorgezanoni.com.br\/2019\/wp-json\/wp\/v2\/posts"}],"about":[{"href":"https:\/\/jorgezanoni.com.br\/2019\/wp-json\/wp\/v2\/types\/post"}],"author":[{"embeddable":true,"href":"https:\/\/jorgezanoni.com.br\/2019\/wp-json\/wp\/v2\/users\/1"}],"replies":[{"embeddable":true,"href":"https:\/\/jorgezanoni.com.br\/2019\/wp-json\/wp\/v2\/comments?post=69716"}],"version-history":[{"count":1,"href":"https:\/\/jorgezanoni.com.br\/2019\/wp-json\/wp\/v2\/posts\/69716\/revisions"}],"predecessor-version":[{"id":69718,"href":"https:\/\/jorgezanoni.com.br\/2019\/wp-json\/wp\/v2\/posts\/69716\/revisions\/69718"}],"wp:featuredmedia":[{"embeddable":true,"href":"https:\/\/jorgezanoni.com.br\/2019\/wp-json\/wp\/v2\/media\/69717"}],"wp:attachment":[{"href":"https:\/\/jorgezanoni.com.br\/2019\/wp-json\/wp\/v2\/media?parent=69716"}],"wp:term":[{"taxonomy":"category","embeddable":true,"href":"https:\/\/jorgezanoni.com.br\/2019\/wp-json\/wp\/v2\/categories?post=69716"},{"taxonomy":"post_tag","embeddable":true,"href":"https:\/\/jorgezanoni.com.br\/2019\/wp-json\/wp\/v2\/tags?post=69716"}],"curies":[{"name":"wp","href":"https:\/\/api.w.org\/{rel}","templated":true}]}}