{"id":69708,"date":"2022-10-04T15:54:11","date_gmt":"2022-10-04T15:54:11","guid":{"rendered":"https:\/\/jorgezanoni.com.br\/2019\/?p=69708"},"modified":"2022-10-04T15:54:11","modified_gmt":"2022-10-04T15:54:11","slug":"hoje-e-comemorado-o-dia-de-sao-francisco-de-assis","status":"publish","type":"post","link":"https:\/\/jorgezanoni.com.br\/2019\/hoje-e-comemorado-o-dia-de-sao-francisco-de-assis\/","title":{"rendered":"Hoje \u00e9 comemorado  o Dia de S\u00e3o Francisco de Assis"},"content":{"rendered":"<p style=\"text-align: justify;\">O\u00a0<strong>Dia de S\u00e3o Francisco de Assis<\/strong>\u00a0\u00e9 comemorado anualmente em\u00a0<strong>4 de outubro<\/strong>.<\/p>\n<p style=\"text-align: justify;\">A data homenageia um dos santos mais admirados pela comunidade cat\u00f3lica romana: S\u00e3o Francisco de Assis, o padroeiro dos animais e da natureza, tamb\u00e9m conhecido por ser o santo dos pobres.<\/p>\n<h2 style=\"text-align: justify;\">Hist\u00f3ria de S\u00e3o Francisco de Assis<\/h2>\n<p style=\"text-align: justify;\">Francisco nasceu na cidade de Assis, na It\u00e1lia, em 3 de julho de 1182. Filho de Pietro Bernadone e Pica Bourlemont, o jovem, cujo nome de batismo era Giovanni di Pietro di Bernardoni, aproveitou sua inf\u00e2ncia e adolesc\u00eancia desfrutando da riqueza e esbanjando vaidade.<\/p>\n<p style=\"text-align: justify;\"><img loading=\"lazy\" decoding=\"async\" src=\"https:\/\/s.calendarr.com\/upload\/datas\/fr\/an\/francisco-de-assis_c.jpg?auto_optimize=low&amp;width=640\" alt=\"Francisco de Assis\" width=\"655\" height=\"368\" \/><\/p>\n<p style=\"text-align: justify;\">No entanto, ao participar como soldado da guerra entre as cidades de Assis e Peruggia, ele foi capturado e, um ano depois, foi resgatado e ficou doente.<\/p>\n<p style=\"text-align: justify;\">Ele ainda tentou regressar ao ex\u00e9rcito, mas teve um sonho que transformou a sua vida. No sonho, uma voz disse-lhe para &#8220;servir ao amor<\/p>\n<p style=\"text-align: justify;\">e ao Servo&#8221;. Foi ent\u00e3o que Francisco de Assis abandonou toda a vida de riquezas e luxo para &#8220;desposar a Senhora Pobreza&#8221;, e come\u00e7ou a meditar em cavernas e igrejas abandonadas.<\/p>\n<p style=\"text-align: justify;\">Num desses momentos, ele recebeu uma vis\u00e3o, que\u00a0<strong>pedia que sua igreja fosse reconstru\u00edda<\/strong>. Assim, come\u00e7ou por aquelas ru\u00ednas e atraiu um grande n\u00famero de jovens que desejavam seguir seus passos.<\/p>\n<p style=\"text-align: justify;\">A fim de meditar melhor sobre o mist\u00e9rio do nascimento de Cristo, S\u00e3o Francisco de Assis teria feito figuras representando S\u00e3o Jos\u00e9, a Virgem Maria e Jesus,\u00a0<strong>construindo o primeiro pres\u00e9pio,\u00a0<\/strong>que se tornou t\u00e3o popular no Natal.<\/p>\n<p style=\"text-align: justify;\">Mais tarde, em 1224, enquanto meditava no Monte Alverne, S\u00e3o Francisco\u00a0<strong>recebeu os estigmas de Cristo<\/strong>. Os estigmas s\u00e3o as marcas das feridas de Jesus Cristo que aparecem no corpo de algumas pessoas.<\/p>\n<p style=\"text-align: justify;\">S\u00e3o Francisco de Assis faleceu no dia 3 de outubro de 1226 e foi sepultado na Igreja de S\u00e3o Jorge, na cidade de Assis, na It\u00e1lia.<\/p>\n<p style=\"text-align: justify;\">Ap\u00f3s dois anos da sua morte, S\u00e3 Francisco de Assis\u00a0<strong>foi canonizado pelo Papa Greg\u00f3rio IX<\/strong>\u00a0(1145-1241). Esta ter\u00e1 sido uma das canoniza\u00e7\u00f5es mais r\u00e1pidas da Hist\u00f3ria da Igreja.<\/p>\n<h2 style=\"text-align: justify;\">Funda\u00e7\u00e3o da Ordem Franciscana<\/h2>\n<p style=\"text-align: justify;\">Francisco tinha ouvido o chamado de Deus para seguir o caminho de Cristo. Assim sendo, o jovem passou a viver com alegria a vida da pobreza, humildade e obedi\u00eancia. Ele acreditava que para o crist\u00e3o viver o real significado do Evangelho, deveria abdicar de todos os confortos e seguir \u00e0 risca a vida de Jesus Cristo.<\/p>\n<p style=\"text-align: justify;\">Desta maneira,\u00a0<strong>escreveu a primeira regra da Ordem Franciscana<\/strong>\u00a0e conseguiu a aprova\u00e7\u00e3o oral do Papa Inoc\u00eancio III, em 1209, dando origem ao ramo hoje conhecido como Frades Franciscanos Conventuais.<\/p>\n<p style=\"text-align: justify;\">Igualmente,\u00a0<strong>receberia a jovem Clara<\/strong>, que seria a respons\u00e1vel pelo ramo feminino dos franciscanos, sob o nome de Clarissas.<\/p>\n<p style=\"text-align: justify;\">Seguindo seu caminho como peregrino de Deus, Francisco e seus seguidores viajaram por muitas cidades da Europa e \u00c1frica, como o Egito, Chipre, Roma, S\u00edria e outras cidades e lugares considerados sagrados.<\/p>\n<p style=\"text-align: justify;\">O amor de Francisco pelas &#8220;obras de Deus&#8221;, ou seja, a natureza e tudo que nela est\u00e1 inserido, era imenso. Ao abrir m\u00e3o de toda a sua fortuna, Francisco de Assis se dedicou aos animais, ao meio ambiente e aos leprosos.<\/p>\n<h2 style=\"text-align: justify;\">Sincretismo Religioso no Brasil<\/h2>\n<p style=\"text-align: justify;\">No Brasil, a partir do sincretismo religioso, S\u00e3o Francisco de Assis foi incorporado pela Umbanda e Candombl\u00e9, sendo venerado sob a figura de\u00a0<strong>Xang\u00f4<\/strong>.<\/p>\n<h2 style=\"text-align: justify;\">Ora\u00e7\u00e3o de S\u00e3o Francisco de Assis<\/h2>\n<p style=\"text-align: justify;\"><em>Senhor,<\/em><\/p>\n<p><em>Fazei de mim um instrumento de vossa Paz!<br \/>\nOnde houver \u00d3dio, que eu leve o Amor,<br \/>\nOnde houver Ofensa, que eu leve o Perd\u00e3o.<br \/>\nOnde houver Disc\u00f3rdia, que eu leve a Uni\u00e3o.<br \/>\nOnde houver D\u00favida, que eu leve a F\u00e9.<br \/>\nOnde houver Erro, que eu leve a Verdade.<br \/>\nOnde houver Desespero, que eu leve a Esperan\u00e7a.<br \/>\nOnde houver Tristeza, que eu leve a Alegria.<br \/>\nOnde houver Trevas, que eu leve a Luz!<\/p>\n<p>\u00d3 Mestre,<\/p>\n<p>fazei que eu procure mais:<br \/>\nConsolar, que ser consolado;<br \/>\nCompreender, que ser compreendido;<br \/>\nAmar, que ser amado. <\/em><\/p>\n<p style=\"text-align: justify;\"><em>Pois \u00e9 dando, que se recebe.<br \/>\nPerdoando, que se \u00e9 perdoado e<br \/>\n\u00c9 morrendo, que se vive para a vida eterna!&#8221;<\/em><\/p>\n<p style=\"text-align: justify;\">Fonte: https:\/\/www.calendarr.com\/brasil\/dia-de-sao-francisco-de-assis\/<\/p>\n<p>&nbsp;<\/p>\n","protected":false},"excerpt":{"rendered":"<p>O\u00a0Dia de S\u00e3o Francisco de Assis\u00a0\u00e9 comemorado anualmente em\u00a04 de outubro. A data homenageia um dos santos mais admirados pela comunidade cat\u00f3lica romana: S\u00e3o Francisco de Assis, o padroeiro dos animais e da natureza, tamb\u00e9m conhecido por ser o santo dos pobres. Hist\u00f3ria de S\u00e3o Francisco de Assis Francisco nasceu na cidade de Assis, na [&hellip;]<\/p>\n","protected":false},"author":1,"featured_media":69709,"comment_status":"closed","ping_status":"open","sticky":false,"template":"","format":"standard","meta":{"footnotes":""},"categories":[110,118],"tags":[],"class_list":["post-69708","post","type-post","status-publish","format-standard","has-post-thumbnail","hentry","category-noticiasdestaque","category-religiaoesolidariedade"],"_links":{"self":[{"href":"https:\/\/jorgezanoni.com.br\/2019\/wp-json\/wp\/v2\/posts\/69708","targetHints":{"allow":["GET"]}}],"collection":[{"href":"https:\/\/jorgezanoni.com.br\/2019\/wp-json\/wp\/v2\/posts"}],"about":[{"href":"https:\/\/jorgezanoni.com.br\/2019\/wp-json\/wp\/v2\/types\/post"}],"author":[{"embeddable":true,"href":"https:\/\/jorgezanoni.com.br\/2019\/wp-json\/wp\/v2\/users\/1"}],"replies":[{"embeddable":true,"href":"https:\/\/jorgezanoni.com.br\/2019\/wp-json\/wp\/v2\/comments?post=69708"}],"version-history":[{"count":1,"href":"https:\/\/jorgezanoni.com.br\/2019\/wp-json\/wp\/v2\/posts\/69708\/revisions"}],"predecessor-version":[{"id":69710,"href":"https:\/\/jorgezanoni.com.br\/2019\/wp-json\/wp\/v2\/posts\/69708\/revisions\/69710"}],"wp:featuredmedia":[{"embeddable":true,"href":"https:\/\/jorgezanoni.com.br\/2019\/wp-json\/wp\/v2\/media\/69709"}],"wp:attachment":[{"href":"https:\/\/jorgezanoni.com.br\/2019\/wp-json\/wp\/v2\/media?parent=69708"}],"wp:term":[{"taxonomy":"category","embeddable":true,"href":"https:\/\/jorgezanoni.com.br\/2019\/wp-json\/wp\/v2\/categories?post=69708"},{"taxonomy":"post_tag","embeddable":true,"href":"https:\/\/jorgezanoni.com.br\/2019\/wp-json\/wp\/v2\/tags?post=69708"}],"curies":[{"name":"wp","href":"https:\/\/api.w.org\/{rel}","templated":true}]}}