{"id":69629,"date":"2022-10-01T20:20:00","date_gmt":"2022-10-01T20:20:00","guid":{"rendered":"https:\/\/jorgezanoni.com.br\/2019\/?p=69629"},"modified":"2022-10-01T20:20:00","modified_gmt":"2022-10-01T20:20:00","slug":"setembro-amarelo-policia-civil-faz-palestra-sobre-valorizacao-da-vida-em-escola-estadual-de-dracena","status":"publish","type":"post","link":"https:\/\/jorgezanoni.com.br\/2019\/setembro-amarelo-policia-civil-faz-palestra-sobre-valorizacao-da-vida-em-escola-estadual-de-dracena\/","title":{"rendered":"SETEMBRO AMARELO: Pol\u00edcia Civil faz palestra sobre valoriza\u00e7\u00e3o da vida em escola estadual de Dracena"},"content":{"rendered":"<p style=\"text-align: justify;\">A Pol\u00edcia Civil, por interm\u00e9dio da Delegacia Seccional de Pol\u00edcia de Dracena, realizou nesta sexta-feira (30), palestra sobre a valoriza\u00e7\u00e3o da vida e preven\u00e7\u00e3o do suic\u00eddio, na Escola Estadual Eng\u00ba Isac Pereira Garcez. O encontro reuniu cerca de 50 alunos, do 1\u00ba ano, do Ensino Fundamental.<br \/>\nO convite a Pol\u00edcia Civil, foi idealizado pela dire\u00e7\u00e3o da escola e pela professora Ellen Francine. E o bate-papo ficou a cargo do investigador de pol\u00edcia Rodrigo Freitas, que possui forma\u00e7\u00e3o acad\u00eamica em psicologia.<br \/>\nDurante a conversa com os estudantes, o policial civil discorreu sobre os fatores e riscos que levam uma pessoa ao suic\u00eddio, tendo foco principal a ocorr\u00eancia do suic\u00eddio durante a adolesc\u00eancia externando as causas e fatores precipitantes.<br \/>\nPalestra transcorreu de forma din\u00e2mica com muitos questionamentos ao palestrante. Quest\u00f5es como barreiras a detec\u00e7\u00e3o e a preven\u00e7\u00e3o ao suic\u00eddio, principais transtornos mentais que levam ao suic\u00eddio, funcionamento mental do suicida e fatores protetores para que n\u00e3o ocorra o suic\u00eddio foram abordados.<br \/>\nAJUDA:<br \/>\nO Centro de Valoriza\u00e7\u00e3o da Vida &#8211; CVV, realiza apoio emocional e preven\u00e7\u00e3o do suic\u00eddio, atendendo volunt\u00e1ria e gratuitamente todas as pessoas que querem e precisam conversar, sob total sigilo pelo disque 188, 24 horas todos os dias.<\/p>\n<p style=\"text-align: justify;\">Fonte: Com. Social Pol\u00edcia Civil<\/p>\n","protected":false},"excerpt":{"rendered":"<p>A Pol\u00edcia Civil, por interm\u00e9dio da Delegacia Seccional de Pol\u00edcia de Dracena, realizou nesta sexta-feira (30), palestra sobre a valoriza\u00e7\u00e3o da vida e preven\u00e7\u00e3o do suic\u00eddio, na Escola Estadual Eng\u00ba Isac Pereira Garcez. O encontro reuniu cerca de 50 alunos, do 1\u00ba ano, do Ensino Fundamental. O convite a Pol\u00edcia Civil, foi idealizado pela dire\u00e7\u00e3o [&hellip;]<\/p>\n","protected":false},"author":1,"featured_media":69630,"comment_status":"closed","ping_status":"open","sticky":false,"template":"","format":"standard","meta":{"footnotes":""},"categories":[110,2],"tags":[],"class_list":["post-69629","post","type-post","status-publish","format-standard","has-post-thumbnail","hentry","category-noticiasdestaque","category-policial"],"_links":{"self":[{"href":"https:\/\/jorgezanoni.com.br\/2019\/wp-json\/wp\/v2\/posts\/69629","targetHints":{"allow":["GET"]}}],"collection":[{"href":"https:\/\/jorgezanoni.com.br\/2019\/wp-json\/wp\/v2\/posts"}],"about":[{"href":"https:\/\/jorgezanoni.com.br\/2019\/wp-json\/wp\/v2\/types\/post"}],"author":[{"embeddable":true,"href":"https:\/\/jorgezanoni.com.br\/2019\/wp-json\/wp\/v2\/users\/1"}],"replies":[{"embeddable":true,"href":"https:\/\/jorgezanoni.com.br\/2019\/wp-json\/wp\/v2\/comments?post=69629"}],"version-history":[{"count":1,"href":"https:\/\/jorgezanoni.com.br\/2019\/wp-json\/wp\/v2\/posts\/69629\/revisions"}],"predecessor-version":[{"id":69631,"href":"https:\/\/jorgezanoni.com.br\/2019\/wp-json\/wp\/v2\/posts\/69629\/revisions\/69631"}],"wp:featuredmedia":[{"embeddable":true,"href":"https:\/\/jorgezanoni.com.br\/2019\/wp-json\/wp\/v2\/media\/69630"}],"wp:attachment":[{"href":"https:\/\/jorgezanoni.com.br\/2019\/wp-json\/wp\/v2\/media?parent=69629"}],"wp:term":[{"taxonomy":"category","embeddable":true,"href":"https:\/\/jorgezanoni.com.br\/2019\/wp-json\/wp\/v2\/categories?post=69629"},{"taxonomy":"post_tag","embeddable":true,"href":"https:\/\/jorgezanoni.com.br\/2019\/wp-json\/wp\/v2\/tags?post=69629"}],"curies":[{"name":"wp","href":"https:\/\/api.w.org\/{rel}","templated":true}]}}