{"id":69625,"date":"2022-10-01T20:11:21","date_gmt":"2022-10-01T20:11:21","guid":{"rendered":"https:\/\/jorgezanoni.com.br\/2019\/?p=69625"},"modified":"2022-10-01T20:11:21","modified_gmt":"2022-10-01T20:11:21","slug":"policia-civil-faz-alusao-ao-dia-em-homenagem-a-instituicao-paulista-em-dracena","status":"publish","type":"post","link":"https:\/\/jorgezanoni.com.br\/2019\/policia-civil-faz-alusao-ao-dia-em-homenagem-a-instituicao-paulista-em-dracena\/","title":{"rendered":"Pol\u00edcia Civil faz alus\u00e3o ao dia em homenagem a institui\u00e7\u00e3o paulista em Dracena"},"content":{"rendered":"<p style=\"text-align: justify;\">A Pol\u00edcia Civil, por interm\u00e9dio da Delegacia de Pol\u00edcia Seccional de Pol\u00edcia de Dracena, realizou nesta sexta-feira (30), uma homenagem em comemora\u00e7\u00e3o ao dia da Pol\u00edcia Civil do Estado de S\u00e3o Paulo.<\/p>\n<p style=\"text-align: justify;\">Os integrantes da Policia Civil que atuam na \u00e1rea circunscricional da Seccional de Dracena, se reuniram na sede da unidade administrativa, e fizeram uma cerim\u00f4nia de hasteamento da Bandeira Nacional, do Estado de S\u00e3o Paulo e da Pol\u00edcia Civil.<\/p>\n<p style=\"text-align: justify;\">Ap\u00f3s o enceramento do ato simb\u00f3lico, o Dr. Alexandre Luengo, Delegado Seccional de Pol\u00edcia, ofereceu um caf\u00e9 da tarde aos policiais civis. E em seguida, agradeceu o empenho e atua\u00e7\u00e3o dos integrantes de todas carreiras que comp\u00f5e o quadro de profissionais, ressaltando ainda o trabalho investigativo desenvolvido com efici\u00eancia, e na resposta r\u00e1pida em prol da comunidade no esclarecimento dos casos, trazendo tranquilidade para sociedade em geral.<\/p>\n<p style=\"text-align: justify;\">A Data:<br \/>\nNo dia de 30 de setembro se comemora o \u201cDia da Pol\u00edcia Civil do Estado de S\u00e3o Paulo\u201d. A Lei estadual n\u00ba 12.259 de 15\/02\/2006 estabeleceu a comemora\u00e7\u00e3o anual do Dia da Pol\u00edcia Civil Paulista no dia 30 de setembro, dia do falecimento de Jorge Tibiri\u00e7\u00e1, respons\u00e1vel criador da Pol\u00edcia Civil, dirigida por Delegados de Pol\u00edcia de carreira e bachar\u00e9is em direito, princ\u00edpios pioneiros que depois foram adotados pela Constitui\u00e7\u00e3o Federal Brasileira e pela Constitui\u00e7\u00e3o Estadual Paulista.<\/p>\n<p><img loading=\"lazy\" decoding=\"async\" class=\"alignnone size-full wp-image-69626\" src=\"https:\/\/jorgezanoni.com.br\/2019\/wp-content\/uploads\/2022\/10\/pol-c-1.jpg\" alt=\"\" width=\"719\" height=\"1280\" srcset=\"https:\/\/jorgezanoni.com.br\/2019\/wp-content\/uploads\/2022\/10\/pol-c-1.jpg 719w, https:\/\/jorgezanoni.com.br\/2019\/wp-content\/uploads\/2022\/10\/pol-c-1-169x300.jpg 169w, https:\/\/jorgezanoni.com.br\/2019\/wp-content\/uploads\/2022\/10\/pol-c-1-575x1024.jpg 575w, https:\/\/jorgezanoni.com.br\/2019\/wp-content\/uploads\/2022\/10\/pol-c-1-696x1239.jpg 696w, https:\/\/jorgezanoni.com.br\/2019\/wp-content\/uploads\/2022\/10\/pol-c-1-236x420.jpg 236w\" sizes=\"auto, (max-width: 719px) 100vw, 719px\" \/><\/p>\n<p style=\"text-align: justify;\">Fonte: Com. Social Pol\u00edcia Civil<\/p>\n","protected":false},"excerpt":{"rendered":"<p>A Pol\u00edcia Civil, por interm\u00e9dio da Delegacia de Pol\u00edcia Seccional de Pol\u00edcia de Dracena, realizou nesta sexta-feira (30), uma homenagem em comemora\u00e7\u00e3o ao dia da Pol\u00edcia Civil do Estado de S\u00e3o Paulo. Os integrantes da Policia Civil que atuam na \u00e1rea circunscricional da Seccional de Dracena, se reuniram na sede da unidade administrativa, e fizeram [&hellip;]<\/p>\n","protected":false},"author":1,"featured_media":69627,"comment_status":"closed","ping_status":"open","sticky":false,"template":"","format":"standard","meta":{"footnotes":""},"categories":[110,2],"tags":[],"class_list":["post-69625","post","type-post","status-publish","format-standard","has-post-thumbnail","hentry","category-noticiasdestaque","category-policial"],"_links":{"self":[{"href":"https:\/\/jorgezanoni.com.br\/2019\/wp-json\/wp\/v2\/posts\/69625","targetHints":{"allow":["GET"]}}],"collection":[{"href":"https:\/\/jorgezanoni.com.br\/2019\/wp-json\/wp\/v2\/posts"}],"about":[{"href":"https:\/\/jorgezanoni.com.br\/2019\/wp-json\/wp\/v2\/types\/post"}],"author":[{"embeddable":true,"href":"https:\/\/jorgezanoni.com.br\/2019\/wp-json\/wp\/v2\/users\/1"}],"replies":[{"embeddable":true,"href":"https:\/\/jorgezanoni.com.br\/2019\/wp-json\/wp\/v2\/comments?post=69625"}],"version-history":[{"count":1,"href":"https:\/\/jorgezanoni.com.br\/2019\/wp-json\/wp\/v2\/posts\/69625\/revisions"}],"predecessor-version":[{"id":69628,"href":"https:\/\/jorgezanoni.com.br\/2019\/wp-json\/wp\/v2\/posts\/69625\/revisions\/69628"}],"wp:featuredmedia":[{"embeddable":true,"href":"https:\/\/jorgezanoni.com.br\/2019\/wp-json\/wp\/v2\/media\/69627"}],"wp:attachment":[{"href":"https:\/\/jorgezanoni.com.br\/2019\/wp-json\/wp\/v2\/media?parent=69625"}],"wp:term":[{"taxonomy":"category","embeddable":true,"href":"https:\/\/jorgezanoni.com.br\/2019\/wp-json\/wp\/v2\/categories?post=69625"},{"taxonomy":"post_tag","embeddable":true,"href":"https:\/\/jorgezanoni.com.br\/2019\/wp-json\/wp\/v2\/tags?post=69625"}],"curies":[{"name":"wp","href":"https:\/\/api.w.org\/{rel}","templated":true}]}}