{"id":69622,"date":"2022-10-01T19:51:14","date_gmt":"2022-10-01T19:51:14","guid":{"rendered":"https:\/\/jorgezanoni.com.br\/2019\/?p=69622"},"modified":"2022-10-01T19:51:14","modified_gmt":"2022-10-01T19:51:14","slug":"policia-militar-prende-homem-por-trafico-de-drogas-e-tentativa-de-homicidio-em-panorama","status":"publish","type":"post","link":"https:\/\/jorgezanoni.com.br\/2019\/policia-militar-prende-homem-por-trafico-de-drogas-e-tentativa-de-homicidio-em-panorama\/","title":{"rendered":"Pol\u00edcia Militar prende homem por Tr\u00e1fico de Drogas e Tentativa de Homic\u00eddio em Panorama"},"content":{"rendered":"<p style=\"text-align: justify;\">Na data de (29\/09\/2022), por volta das 20h00min, pelo munic\u00edpio de Panorama\/SP, as equipes da Pol\u00edcia Militar realizavam bloqueio policial pela Estrada Municipal Frederico Platizek, Km 03, sentido Campinal-Panorama\/SP, quando ao darem ordem de parada ao ve\u00edculo GM\/Classic Life, cor prata, ocupado por 03 (tr\u00eas) pessoas, o condutor do ve\u00edculo reduziu a velocidade e com o uso de lanternas foi poss\u00edvel visualizar que era conduzido por uma mulher (mulher 36 anos) e no banco do passageiro dianteiro havia um indiv\u00edduo (homem 30 anos), morador de Panorama que sobre ele recai v\u00e1rias den\u00fancias do envolvimento com tr\u00e1fico de drogas.<\/p>\n<p style=\"text-align: justify;\">Quando o ve\u00edculo estava parando, o passageiro desembarcou e evadiu-se em meio \u00e0s pastagens. Os policiais militares ent\u00e3o sa\u00edram em seu encal\u00e7o.<\/p>\n<p style=\"text-align: justify;\">Durante a fuga, os militares notaram que o autor segurava com as m\u00e3os algo na cintura e em dado momento o sacou (uma arma rev\u00f3lver calibre 38, numera\u00e7\u00e3o suprimida) e efetuou disparo na dire\u00e7\u00e3o dos policiais.<\/p>\n<p style=\"text-align: justify;\">Em raz\u00e3o da injusta agress\u00e3o, foi efetuado disparo pelo policial militar, que atingiu a perna direita do indiv\u00edduo. De imediato foi acionado o resgate para realizar o socorro, comparecendo no local a ambul\u00e2ncia que socorreu o indiv\u00edduo at\u00e9 o Pronto Socorro municipal, sendo posteriormente transferido \u00e0 Santa Casa de Dracena, onde foi submetido a uma cirurgia para retirada do proj\u00e9til.<\/p>\n<p style=\"text-align: justify;\">Ap\u00f3s sua libera\u00e7\u00e3o foi encaminhado ao Plant\u00e3o de Pol\u00edcia Judici\u00e1ria, onde a voz de pris\u00e3o dos policiais militares foi ratificada e o autor permaneceu preso pelos crimes de tr\u00e1fico de drogas e tentativa de homic\u00eddio, sendo a passageira ouvida e liberada.<\/p>\n<p style=\"text-align: justify;\">Ap\u00f3s busca veicular foram encontradas no interior do mencionado ve\u00edculo, 0,029kg de coca\u00edna e 0,030kg de haxixe, al\u00e9m de demais objetos apreendidos.<\/p>\n<p style=\"text-align: justify;\">#25bpmi<br \/>\n#cpi8<br \/>\n#POLICIAMILITARSP<br \/>\n#AFOR\u00c7AP\u00daBLICADES\u00c3OPAULO<br \/>\nComunica\u00e7\u00e3o Social do 25BPMI e regi\u00e3o<\/p>\n","protected":false},"excerpt":{"rendered":"<p>Na data de (29\/09\/2022), por volta das 20h00min, pelo munic\u00edpio de Panorama\/SP, as equipes da Pol\u00edcia Militar realizavam bloqueio policial pela Estrada Municipal Frederico Platizek, Km 03, sentido Campinal-Panorama\/SP, quando ao darem ordem de parada ao ve\u00edculo GM\/Classic Life, cor prata, ocupado por 03 (tr\u00eas) pessoas, o condutor do ve\u00edculo reduziu a velocidade e com [&hellip;]<\/p>\n","protected":false},"author":1,"featured_media":69623,"comment_status":"closed","ping_status":"open","sticky":false,"template":"","format":"standard","meta":{"footnotes":""},"categories":[110,2],"tags":[],"class_list":["post-69622","post","type-post","status-publish","format-standard","has-post-thumbnail","hentry","category-noticiasdestaque","category-policial"],"_links":{"self":[{"href":"https:\/\/jorgezanoni.com.br\/2019\/wp-json\/wp\/v2\/posts\/69622","targetHints":{"allow":["GET"]}}],"collection":[{"href":"https:\/\/jorgezanoni.com.br\/2019\/wp-json\/wp\/v2\/posts"}],"about":[{"href":"https:\/\/jorgezanoni.com.br\/2019\/wp-json\/wp\/v2\/types\/post"}],"author":[{"embeddable":true,"href":"https:\/\/jorgezanoni.com.br\/2019\/wp-json\/wp\/v2\/users\/1"}],"replies":[{"embeddable":true,"href":"https:\/\/jorgezanoni.com.br\/2019\/wp-json\/wp\/v2\/comments?post=69622"}],"version-history":[{"count":1,"href":"https:\/\/jorgezanoni.com.br\/2019\/wp-json\/wp\/v2\/posts\/69622\/revisions"}],"predecessor-version":[{"id":69624,"href":"https:\/\/jorgezanoni.com.br\/2019\/wp-json\/wp\/v2\/posts\/69622\/revisions\/69624"}],"wp:featuredmedia":[{"embeddable":true,"href":"https:\/\/jorgezanoni.com.br\/2019\/wp-json\/wp\/v2\/media\/69623"}],"wp:attachment":[{"href":"https:\/\/jorgezanoni.com.br\/2019\/wp-json\/wp\/v2\/media?parent=69622"}],"wp:term":[{"taxonomy":"category","embeddable":true,"href":"https:\/\/jorgezanoni.com.br\/2019\/wp-json\/wp\/v2\/categories?post=69622"},{"taxonomy":"post_tag","embeddable":true,"href":"https:\/\/jorgezanoni.com.br\/2019\/wp-json\/wp\/v2\/tags?post=69622"}],"curies":[{"name":"wp","href":"https:\/\/api.w.org\/{rel}","templated":true}]}}