{"id":69568,"date":"2022-09-29T22:28:46","date_gmt":"2022-09-29T22:28:46","guid":{"rendered":"https:\/\/jorgezanoni.com.br\/2019\/?p=69568"},"modified":"2022-09-29T22:28:46","modified_gmt":"2022-09-29T22:28:46","slug":"policia-militar-prende-homem-em-flagrante-apos-furto-de-celular-em-dracena","status":"publish","type":"post","link":"https:\/\/jorgezanoni.com.br\/2019\/policia-militar-prende-homem-em-flagrante-apos-furto-de-celular-em-dracena\/","title":{"rendered":"Pol\u00edcia Militar prende homem em flagrante ap\u00f3s furto de Celular em Dracena"},"content":{"rendered":"<p style=\"text-align: justify;\">Na data de hoje (29) por volta das 13h a equipe da Pol\u00edcia Militar em Dracena foi irradiado via rede r\u00e1dio ocorr\u00eancia de furto de celular a uma pessoa, na Av. Jos\u00e9 Bonif\u00e1cio e o sentido em que o autor estaria indo. Rapidamente a equipe deslocou ao local e em patrulhamento pr\u00f3ximo foi avistado alguns indiv\u00edduos tentando conter o infrator (homem 36 anos) e com a chegada das equipes policiais logramos \u00eaxito em cont\u00ea lo. A v\u00edtima (homem) de 53 anos, narrou que estava deitado na cal\u00e7ada descansando na hora do seu almo\u00e7o e deixara o celular ao seu lado, momento que o autor se aproveitou da situa\u00e7\u00e3o vindo a furtar e correr em fuga.<br \/>\nEm busca pessoal foi localizado na roupa \u00edntima o celular da v\u00edtima, sendo de pronto reconhecido o aparelho e o autor. Foi dado voz de pris\u00e3o em flagrante permanecendo preso.<\/p>\n<p style=\"text-align: justify;\">#25bpmi<br \/>\n#cpi8<br \/>\n#POLICIAMILITARSP<br \/>\n#AFOR\u00c7AP\u00daBLICADES\u00c3OPAULO<br \/>\nComunica\u00e7\u00e3o Social do 25BPMI e regi\u00e3o<\/p>\n","protected":false},"excerpt":{"rendered":"<p>Na data de hoje (29) por volta das 13h a equipe da Pol\u00edcia Militar em Dracena foi irradiado via rede r\u00e1dio ocorr\u00eancia de furto de celular a uma pessoa, na Av. Jos\u00e9 Bonif\u00e1cio e o sentido em que o autor estaria indo. Rapidamente a equipe deslocou ao local e em patrulhamento pr\u00f3ximo foi avistado alguns [&hellip;]<\/p>\n","protected":false},"author":1,"featured_media":69570,"comment_status":"closed","ping_status":"open","sticky":false,"template":"","format":"standard","meta":{"footnotes":""},"categories":[110,2],"tags":[],"class_list":["post-69568","post","type-post","status-publish","format-standard","has-post-thumbnail","hentry","category-noticiasdestaque","category-policial"],"_links":{"self":[{"href":"https:\/\/jorgezanoni.com.br\/2019\/wp-json\/wp\/v2\/posts\/69568","targetHints":{"allow":["GET"]}}],"collection":[{"href":"https:\/\/jorgezanoni.com.br\/2019\/wp-json\/wp\/v2\/posts"}],"about":[{"href":"https:\/\/jorgezanoni.com.br\/2019\/wp-json\/wp\/v2\/types\/post"}],"author":[{"embeddable":true,"href":"https:\/\/jorgezanoni.com.br\/2019\/wp-json\/wp\/v2\/users\/1"}],"replies":[{"embeddable":true,"href":"https:\/\/jorgezanoni.com.br\/2019\/wp-json\/wp\/v2\/comments?post=69568"}],"version-history":[{"count":1,"href":"https:\/\/jorgezanoni.com.br\/2019\/wp-json\/wp\/v2\/posts\/69568\/revisions"}],"predecessor-version":[{"id":69571,"href":"https:\/\/jorgezanoni.com.br\/2019\/wp-json\/wp\/v2\/posts\/69568\/revisions\/69571"}],"wp:featuredmedia":[{"embeddable":true,"href":"https:\/\/jorgezanoni.com.br\/2019\/wp-json\/wp\/v2\/media\/69570"}],"wp:attachment":[{"href":"https:\/\/jorgezanoni.com.br\/2019\/wp-json\/wp\/v2\/media?parent=69568"}],"wp:term":[{"taxonomy":"category","embeddable":true,"href":"https:\/\/jorgezanoni.com.br\/2019\/wp-json\/wp\/v2\/categories?post=69568"},{"taxonomy":"post_tag","embeddable":true,"href":"https:\/\/jorgezanoni.com.br\/2019\/wp-json\/wp\/v2\/tags?post=69568"}],"curies":[{"name":"wp","href":"https:\/\/api.w.org\/{rel}","templated":true}]}}