{"id":69564,"date":"2022-09-29T22:14:42","date_gmt":"2022-09-29T22:14:42","guid":{"rendered":"https:\/\/jorgezanoni.com.br\/2019\/?p=69564"},"modified":"2022-09-29T22:14:42","modified_gmt":"2022-09-29T22:14:42","slug":"reclamacao-da-populacao-coleta-de-lixo-e-motivo-de-reclamacao","status":"publish","type":"post","link":"https:\/\/jorgezanoni.com.br\/2019\/reclamacao-da-populacao-coleta-de-lixo-e-motivo-de-reclamacao\/","title":{"rendered":"RECLAMA\u00c7\u00c3O DA POPULA\u00c7\u00c3O: Coleta de Lixo \u00e9 motivo de reclama\u00e7\u00e3o"},"content":{"rendered":"<p style=\"text-align: justify;\">Moradores das proximidades do encontro das Ruas Santos Dumont (centro) e Virg\u00edlio Fioravante (Jardim Vera Cruz), est\u00e3o reclamando da discrimina\u00e7\u00e3o feito pelos coletores de lixo.<\/p>\n<p style=\"text-align: justify;\">Segundo eles, no centro se recolhe todos os dias e no bairro, os dias normais de passagem, s\u00e3o segunda, quarta e sexta-feira, por\u00e9m \u00e9 recolhido o setor centro e o outro lado da rua n\u00e3o, isso quando ainda deixam de recolher, como aconteceu nesta semana. As fotos mostram lixo de domingo no local.<\/p>\n<p style=\"text-align: justify;\">Informam os mun\u00edcipes que o problema \u00e9 constante, que j\u00e1 pediram provid\u00eancias e nada foi feito at\u00e9 agora.<\/p>\n<p style=\"text-align: justify;\">Pedem ao setor competente que viabilize e melhore o recolhimento naquele setor.<\/p>\n<p><img loading=\"lazy\" decoding=\"async\" class=\"alignnone size-full wp-image-69565\" src=\"https:\/\/jorgezanoni.com.br\/2019\/wp-content\/uploads\/2022\/09\/Lixo.jpg\" alt=\"\" width=\"700\" height=\"936\" srcset=\"https:\/\/jorgezanoni.com.br\/2019\/wp-content\/uploads\/2022\/09\/Lixo.jpg 700w, https:\/\/jorgezanoni.com.br\/2019\/wp-content\/uploads\/2022\/09\/Lixo-224x300.jpg 224w, https:\/\/jorgezanoni.com.br\/2019\/wp-content\/uploads\/2022\/09\/Lixo-696x931.jpg 696w, https:\/\/jorgezanoni.com.br\/2019\/wp-content\/uploads\/2022\/09\/Lixo-314x420.jpg 314w\" sizes=\"auto, (max-width: 700px) 100vw, 700px\" \/><\/p>\n<p style=\"text-align: justify;\">Jorge Zanoni<\/p>\n<p>Fotos de Internauta<\/p>\n<p>&nbsp;<\/p>\n","protected":false},"excerpt":{"rendered":"<p>Moradores das proximidades do encontro das Ruas Santos Dumont (centro) e Virg\u00edlio Fioravante (Jardim Vera Cruz), est\u00e3o reclamando da discrimina\u00e7\u00e3o feito pelos coletores de lixo. Segundo eles, no centro se recolhe todos os dias e no bairro, os dias normais de passagem, s\u00e3o segunda, quarta e sexta-feira, por\u00e9m \u00e9 recolhido o setor centro e o [&hellip;]<\/p>\n","protected":false},"author":1,"featured_media":69566,"comment_status":"closed","ping_status":"open","sticky":false,"template":"","format":"standard","meta":{"footnotes":""},"categories":[179,184,110],"tags":[],"class_list":["post-69564","post","type-post","status-publish","format-standard","has-post-thumbnail","hentry","category-cidadeseregiao","category-dracena","category-noticiasdestaque"],"_links":{"self":[{"href":"https:\/\/jorgezanoni.com.br\/2019\/wp-json\/wp\/v2\/posts\/69564","targetHints":{"allow":["GET"]}}],"collection":[{"href":"https:\/\/jorgezanoni.com.br\/2019\/wp-json\/wp\/v2\/posts"}],"about":[{"href":"https:\/\/jorgezanoni.com.br\/2019\/wp-json\/wp\/v2\/types\/post"}],"author":[{"embeddable":true,"href":"https:\/\/jorgezanoni.com.br\/2019\/wp-json\/wp\/v2\/users\/1"}],"replies":[{"embeddable":true,"href":"https:\/\/jorgezanoni.com.br\/2019\/wp-json\/wp\/v2\/comments?post=69564"}],"version-history":[{"count":1,"href":"https:\/\/jorgezanoni.com.br\/2019\/wp-json\/wp\/v2\/posts\/69564\/revisions"}],"predecessor-version":[{"id":69567,"href":"https:\/\/jorgezanoni.com.br\/2019\/wp-json\/wp\/v2\/posts\/69564\/revisions\/69567"}],"wp:featuredmedia":[{"embeddable":true,"href":"https:\/\/jorgezanoni.com.br\/2019\/wp-json\/wp\/v2\/media\/69566"}],"wp:attachment":[{"href":"https:\/\/jorgezanoni.com.br\/2019\/wp-json\/wp\/v2\/media?parent=69564"}],"wp:term":[{"taxonomy":"category","embeddable":true,"href":"https:\/\/jorgezanoni.com.br\/2019\/wp-json\/wp\/v2\/categories?post=69564"},{"taxonomy":"post_tag","embeddable":true,"href":"https:\/\/jorgezanoni.com.br\/2019\/wp-json\/wp\/v2\/tags?post=69564"}],"curies":[{"name":"wp","href":"https:\/\/api.w.org\/{rel}","templated":true}]}}