{"id":69472,"date":"2022-09-28T22:58:48","date_gmt":"2022-09-28T22:58:48","guid":{"rendered":"https:\/\/jorgezanoni.com.br\/2019\/?p=69472"},"modified":"2022-09-28T22:58:48","modified_gmt":"2022-09-28T22:58:48","slug":"capotamento-deixa-morador-de-dracena-ferido-na-sp-294-em-florida-paulista","status":"publish","type":"post","link":"https:\/\/jorgezanoni.com.br\/2019\/capotamento-deixa-morador-de-dracena-ferido-na-sp-294-em-florida-paulista\/","title":{"rendered":"Capotamento deixa morador de Dracena ferido na SP-294 em Fl\u00f3rida Paulista"},"content":{"rendered":"<p style=\"text-align: justify;\">Um acidente ocorrido no in\u00edcio da noite desta quarta-feira (28), pr\u00f3ximo ao trevo de Fl\u00f3rida Paulista, deixou uma pessoa ferida.<\/p>\n<p style=\"text-align: justify;\">As primeiras informa\u00e7\u00f5es s\u00e3o de que por motivos ainda desconhecidos, um ve\u00edculo Fiat UP capotou e a pessoa que o conduzia (homem morador de Dracena), sofreu ferimentos sendo necess\u00e1rio o encaminhamento para a Santa Casa de Fl\u00f3rida Paulista pelas equipes de resgate.<\/p>\n<p style=\"text-align: justify;\">O policiamento esteve no local e registrou a ocorr\u00eancia. As causas do acidente v\u00e3o ser apuradas.<\/p>\n<p>Fonte: Folha Regional &#8211; Foto: Cedida &#8211; Ac\u00e1cio Rocha \/ Siga Mais<\/p>\n","protected":false},"excerpt":{"rendered":"<p>Um acidente ocorrido no in\u00edcio da noite desta quarta-feira (28), pr\u00f3ximo ao trevo de Fl\u00f3rida Paulista, deixou uma pessoa ferida. As primeiras informa\u00e7\u00f5es s\u00e3o de que por motivos ainda desconhecidos, um ve\u00edculo Fiat UP capotou e a pessoa que o conduzia (homem morador de Dracena), sofreu ferimentos sendo necess\u00e1rio o encaminhamento para a Santa Casa [&hellip;]<\/p>\n","protected":false},"author":1,"featured_media":69473,"comment_status":"closed","ping_status":"open","sticky":false,"template":"","format":"standard","meta":{"footnotes":""},"categories":[170,110],"tags":[],"class_list":["post-69472","post","type-post","status-publish","format-standard","has-post-thumbnail","hentry","category-acidentes","category-noticiasdestaque"],"_links":{"self":[{"href":"https:\/\/jorgezanoni.com.br\/2019\/wp-json\/wp\/v2\/posts\/69472","targetHints":{"allow":["GET"]}}],"collection":[{"href":"https:\/\/jorgezanoni.com.br\/2019\/wp-json\/wp\/v2\/posts"}],"about":[{"href":"https:\/\/jorgezanoni.com.br\/2019\/wp-json\/wp\/v2\/types\/post"}],"author":[{"embeddable":true,"href":"https:\/\/jorgezanoni.com.br\/2019\/wp-json\/wp\/v2\/users\/1"}],"replies":[{"embeddable":true,"href":"https:\/\/jorgezanoni.com.br\/2019\/wp-json\/wp\/v2\/comments?post=69472"}],"version-history":[{"count":1,"href":"https:\/\/jorgezanoni.com.br\/2019\/wp-json\/wp\/v2\/posts\/69472\/revisions"}],"predecessor-version":[{"id":69474,"href":"https:\/\/jorgezanoni.com.br\/2019\/wp-json\/wp\/v2\/posts\/69472\/revisions\/69474"}],"wp:featuredmedia":[{"embeddable":true,"href":"https:\/\/jorgezanoni.com.br\/2019\/wp-json\/wp\/v2\/media\/69473"}],"wp:attachment":[{"href":"https:\/\/jorgezanoni.com.br\/2019\/wp-json\/wp\/v2\/media?parent=69472"}],"wp:term":[{"taxonomy":"category","embeddable":true,"href":"https:\/\/jorgezanoni.com.br\/2019\/wp-json\/wp\/v2\/categories?post=69472"},{"taxonomy":"post_tag","embeddable":true,"href":"https:\/\/jorgezanoni.com.br\/2019\/wp-json\/wp\/v2\/tags?post=69472"}],"curies":[{"name":"wp","href":"https:\/\/api.w.org\/{rel}","templated":true}]}}