{"id":69456,"date":"2022-09-27T20:02:31","date_gmt":"2022-09-27T20:02:31","guid":{"rendered":"https:\/\/jorgezanoni.com.br\/2019\/?p=69456"},"modified":"2022-09-27T20:02:31","modified_gmt":"2022-09-27T20:02:31","slug":"eleicoes-e-democracia-no-pais-do-faz-de-conta-por-sergio-barbosa","status":"publish","type":"post","link":"https:\/\/jorgezanoni.com.br\/2019\/eleicoes-e-democracia-no-pais-do-faz-de-conta-por-sergio-barbosa\/","title":{"rendered":"Elei\u00e7\u00f5es e Democracia no Pa\u00eds do faz de conta&#8230; (por S\u00e9rgio Barbosa)"},"content":{"rendered":"<p style=\"text-align: justify;\"><strong>Elei\u00e7\u00f5es e Democracia no Pa\u00eds do faz de conta&#8230;<\/strong><\/p>\n<p style=\"text-align: justify;\"><em>\u201cS\u00f3 a ignor\u00e2ncia aceita e a indiferen\u00e7a tolera o reinado da mediocridade.\u201d (<\/em><a href=\"https:\/\/www.pensador.com\/autor\/jose_de_alencar\/\"><em>Jos\u00e9 de Alencar<\/em><\/a><em>)<\/em><em>\u00a0<\/em><\/p>\n<p style=\"text-align: justify;\"><em>\u201cA democracia \u00e9 como a tesoura do jardineiro, que decota para igualar; a mediocridade \u00e9 o seu elemento.\u201d (<\/em><a href=\"https:\/\/www.pensador.com\/autor\/marques_de_marica\/\"><em>Marqu\u00eas de Maric\u00e1<\/em><\/a><em>)<\/em><strong>\u00a0<\/strong><\/p>\n<p style=\"text-align: justify;\"><strong>S\u00e9rgio Barbosa (*)<\/strong><\/p>\n<p style=\"text-align: justify;\">No pr\u00f3ximo domingo, 2 de outubro, estar\u00e1 ocorrendo nos quatros cantos deste PA\u00cdS DO FAZ DE CONTA, elei\u00e7\u00f5es em n\u00edveis estadual e federal, ainda, para diversos cargos nas \u00e1reas do executivo federal e estaduais, bem como, legislativo estadual e federal&#8230;<\/p>\n<p style=\"text-align: justify;\">N\u00e3o se pode deixar de lado que nestes \u00faltimos 6 ANOS LONGOS ANOS, tudo e mais alguma coisa (sic) andou pra tr\u00e1s, isso mesmo, desde o GOLPE de 2.016 com apoio do PIG-PARTIDO DA IMPRENSA GOLPISTA, depois, com a elei\u00e7\u00e3o deste DESGOVERNO BOZZONARO em 2.018&#8230;<\/p>\n<p style=\"text-align: justify;\">Tudo indica que a denominada REGI\u00c3O DA NOVA ALTA PAULISTA, deve dar APOIO para este atual DESGOVERNO do COISO com suas COISAS, tamb\u00e9m, n\u00e3o se pode esperar muitos destes lados neste TEMPO NOVO TEMPO&#8230;<\/p>\n<p style=\"text-align: justify;\">Espera-se que o resultado possa ser de acordo com o esperado e de acordo com as PESQUISAS do momento, tendo em vista que os RESULTADOS est\u00e3o contextualizando uma MUDAN\u00c7A e com certeza, PRA MELHOR&#8230;<\/p>\n<p style=\"text-align: justify;\">Escrever ARTIGOS OPINATIVOS, ainda mais neste cen\u00e1rio atual com tantas MENDES MED\u00cdOCRES circulando em n\u00edvel REGIOCAL, ou seja, do REGIONAL PARA O LOCAL, deve-se considerar que TODO CUIDADO \u00c9 POUCO&#8230;<\/p>\n<p style=\"text-align: justify;\">Espero, tamb\u00e9m, que os\/as LEITORES\/AS n\u00e3o fiquem culpando o EDITOR deste SITE\/PORTAL, considerando que se trata de uma OPINI\u00c3O PESSOAL, bem como, n\u00e3o reflete em momento algum a posi\u00e7\u00e3o editorial deste ve\u00edculo de m\u00eddia&#8230;<\/p>\n<p style=\"text-align: justify;\">Todavia, quando as denominadas e famigeradas MENDES MED\u00cdOCRES, aqui, apenas uma explica\u00e7\u00e3o, n\u00e3o escrevo mais aquele outro nome em respeito aos BOVINOS que n\u00e3o merecem tal tratamento, retornando ao assunto, tais MENTES continuam mais MED\u00cdOCRES do que nunca em todas as \u00e1reas do MERCADO REGIONAL&#8230;<\/p>\n<p style=\"text-align: justify;\">O ESTRAGO que este DESGOVERNO BOZZONARO causou neste PA\u00cdS DO FAZ DE CONTA, ainda, em todas as \u00e1reas, entretanto, menos para a turma dos BANCOS e do AGRONEG\u00d3CIO, haja vista o RETROCESSO nas propostas relacionadas com a SA\u00daDE, ECONOMIA, EDUCA\u00c7\u00c3O, SOCIAL, PESQUISA etc&#8230;<\/p>\n<p style=\"text-align: justify;\">Portanto, VOC\u00ca pode fazer a diferen\u00e7a neste DOMINGO nestas ELEI\u00c7\u00d5ES com a sua ESCOLHA, ainda, n\u00e3o fa\u00e7a como a AVESTRUZ que pra fugir do PROBLEMA, esconde a cabe\u00e7a e assim por diante&#8230;<\/p>\n<p style=\"text-align: justify;\">Outra coisa (sic), QUEM SOBREVIVER VAI SABER&#8230;<\/p>\n<p style=\"text-align: justify;\">FORA BOZZONARO COM SEUS COISOS COM COISAS!<\/p>\n<p style=\"text-align: justify;\"><strong><em>__________________________<\/em><\/strong><\/p>\n<p style=\"text-align: justify;\"><strong><em>(*) jornalista diplomado e professor universit\u00e1rio.<\/em><\/strong><\/p>\n<p style=\"text-align: justify;\"><strong><em>e-mail: <\/em><\/strong><a href=\"mailto:barbosa.sebar@gmail.com\"><strong><em>barbosa.sebar@gmail.com<\/em><\/strong><\/a><\/p>\n<p><strong><em>\u00a0<\/em><\/strong><\/p>\n<p>&nbsp;<\/p>\n","protected":false},"excerpt":{"rendered":"<p>Elei\u00e7\u00f5es e Democracia no Pa\u00eds do faz de conta&#8230; \u201cS\u00f3 a ignor\u00e2ncia aceita e a indiferen\u00e7a tolera o reinado da mediocridade.\u201d (Jos\u00e9 de Alencar)\u00a0 \u201cA democracia \u00e9 como a tesoura do jardineiro, que decota para igualar; a mediocridade \u00e9 o seu elemento.\u201d (Marqu\u00eas de Maric\u00e1)\u00a0 S\u00e9rgio Barbosa (*) No pr\u00f3ximo domingo, 2 de outubro, estar\u00e1 [&hellip;]<\/p>\n","protected":false},"author":1,"featured_media":69457,"comment_status":"closed","ping_status":"open","sticky":false,"template":"","format":"standard","meta":{"footnotes":""},"categories":[175],"tags":[],"class_list":["post-69456","post","type-post","status-publish","format-standard","has-post-thumbnail","hentry","category-artigos"],"_links":{"self":[{"href":"https:\/\/jorgezanoni.com.br\/2019\/wp-json\/wp\/v2\/posts\/69456","targetHints":{"allow":["GET"]}}],"collection":[{"href":"https:\/\/jorgezanoni.com.br\/2019\/wp-json\/wp\/v2\/posts"}],"about":[{"href":"https:\/\/jorgezanoni.com.br\/2019\/wp-json\/wp\/v2\/types\/post"}],"author":[{"embeddable":true,"href":"https:\/\/jorgezanoni.com.br\/2019\/wp-json\/wp\/v2\/users\/1"}],"replies":[{"embeddable":true,"href":"https:\/\/jorgezanoni.com.br\/2019\/wp-json\/wp\/v2\/comments?post=69456"}],"version-history":[{"count":1,"href":"https:\/\/jorgezanoni.com.br\/2019\/wp-json\/wp\/v2\/posts\/69456\/revisions"}],"predecessor-version":[{"id":69458,"href":"https:\/\/jorgezanoni.com.br\/2019\/wp-json\/wp\/v2\/posts\/69456\/revisions\/69458"}],"wp:featuredmedia":[{"embeddable":true,"href":"https:\/\/jorgezanoni.com.br\/2019\/wp-json\/wp\/v2\/media\/69457"}],"wp:attachment":[{"href":"https:\/\/jorgezanoni.com.br\/2019\/wp-json\/wp\/v2\/media?parent=69456"}],"wp:term":[{"taxonomy":"category","embeddable":true,"href":"https:\/\/jorgezanoni.com.br\/2019\/wp-json\/wp\/v2\/categories?post=69456"},{"taxonomy":"post_tag","embeddable":true,"href":"https:\/\/jorgezanoni.com.br\/2019\/wp-json\/wp\/v2\/tags?post=69456"}],"curies":[{"name":"wp","href":"https:\/\/api.w.org\/{rel}","templated":true}]}}