{"id":69443,"date":"2022-09-27T17:23:33","date_gmt":"2022-09-27T17:23:33","guid":{"rendered":"https:\/\/jorgezanoni.com.br\/2019\/?p=69443"},"modified":"2022-09-27T19:16:46","modified_gmt":"2022-09-27T19:16:46","slug":"policia-civil-prende-caminhoneiro-e-dono-do-caminhao-suspeitos-de-envolvimento-em-roubo-de-carga-em-dracena","status":"publish","type":"post","link":"https:\/\/jorgezanoni.com.br\/2019\/policia-civil-prende-caminhoneiro-e-dono-do-caminhao-suspeitos-de-envolvimento-em-roubo-de-carga-em-dracena\/","title":{"rendered":"Pol\u00edcia Civil prende caminhoneiro e dono do caminh\u00e3o suspeitos de envolvimento em roubo de carga em Dracena"},"content":{"rendered":"<p style=\"text-align: justify;\"><strong>Policiais Civis desconfiaram da vers\u00e3o apresentada pelo caminhoneiro quando ele comunicou o crime no Plant\u00e3o Policial de Dracena e constataram a suspeita de participa\u00e7\u00e3o no suposto roubo. O dono do caminh\u00e3o tamb\u00e9m acabou preso.<\/strong><\/p>\n<p style=\"text-align: justify;\">A Pol\u00edcia Civil, por interm\u00e9dio da Unidades Especializadas (Delegacia de Investiga\u00e7\u00f5es Gerais &#8211; DIG e Delegacia de Investiga\u00e7\u00f5es Sobre Entorpecentes &#8211; DISE), prendeu em flagrante nesta segunda-feira (26), um caminhoneiro de 50 anos, ap\u00f3s comunicar na madrugada do dia 26\/09 o suposto roubo de uma carga de 37 mil quilos de fertilizante. A ocorr\u00eancia do suposto crime foi elaborada no Plant\u00e3o Policial Dracena.<\/p>\n<p style=\"text-align: justify;\">Ao tomar conhecimento do registro do suposto crime roubo de carga, no contexto do Programa Estadual Procarga, agentes das Unidades Especializadas, iniciaram os trabalhos investigativos e, perceberam diverg\u00eancias na hist\u00f3ria narrada pela at\u00e9 ent\u00e3o, pessoa considerada v\u00edtima.<\/p>\n<p style=\"text-align: justify;\">O caminhoneiro narrava que transportava uma carga de fertilizantes, com peso de 37 mil quilos, avaliada em cerca de 170 mil reais, de Guarapuava-PR a Jussara -GO, que ao parar para pernoitar em um posto de combust\u00edvel, localizado na Rodovia Euclides de Oliveira Figueiredo, pr\u00f3ximo a Penitenciaria de Dracena, teria sido v\u00edtima de assalto por homens armados, que estavam num ve\u00edculo tipo \u201cSUV\u201d, que foi colocado um capuz em sua cabe\u00e7a e obrigaram ir no banco do autom\u00f3vel, que passado um certo tempo foi deixado na rotat\u00f3ria do trevo de Tupi Paulista, onde o caminh\u00e3o roubado havia sido deixado j\u00e1 sem a carga. Informou tamb\u00e9m que a carga possu\u00eda seguro e que o caminh\u00e3o pertencia ao seu patr\u00e3o.<\/p>\n<p style=\"text-align: justify;\">Diante da narrativa acima, os policiais civis passaram a desconfiar dos fatos, bem como em pesquisas realizadas em radares inteligentes, integrados aos Sistema Detecta, apresentava diverg\u00eancia no hor\u00e1rio do suposto roubo, e tamb\u00e9m foi verificado uma exist\u00eancia de uma outra ocorr\u00eancia de roubo com hist\u00f3rico muito similares.<\/p>\n<p style=\"text-align: justify;\">Quando ent\u00e3o, o motorista acabou confessando que havia forjado o roubo da carga, para recebimento do seguro. E ainda, acabou delatando a participa\u00e7\u00e3o do seu patr\u00e3o na empreitada criminosa.<\/p>\n<p style=\"text-align: justify;\">Os policiais civis apreenderam o celular do motorista, que num primeiro momento, ele alegava que havia sido subtra\u00eddo durante roubo. Um caderno com anota\u00e7\u00f5es contendo instru\u00e7\u00f5es de como registrar hist\u00f3ricos de roubo tamb\u00e9m foi encontrado.<\/p>\n<p style=\"text-align: justify;\">O motorista informou que receberia 12 mil reais para realizar a empreitada delituosa. O patr\u00e3o, um homem de 54 anos, foi preso na cidade de Presidente Venceslau-SP, onde estava aguardando o retorno do motorista do caminh\u00e3o.<\/p>\n<p style=\"text-align: justify;\">A dupla foi autuada em flagrante pelos crimes de associa\u00e7\u00e3o criminosa, apropria\u00e7\u00e3o ind\u00e9bita e comunica\u00e7\u00e3o falsa de crime. Ambos permaneceram presos a disposi\u00e7\u00e3o da Justi\u00e7a.<\/p>\n<p style=\"text-align: justify;\">O caminh\u00e3o foi apreendido. E as diligencias prosseguem visando a localiza\u00e7\u00e3o da carga supostamente roubada e a eventual participa\u00e7\u00e3o de outros indiv\u00edduos integrantes.<\/p>\n<p style=\"text-align: justify;\"><strong>CARGA APREENDIDA:<\/strong> A carga de 37 mil quilos de fertilizante, distribu\u00eddas em 37 bags, foi localizada em um estabelecimento comercial na cidade de Laranjeiras do Sul-PR, com o apoio do Batalh\u00e3o de Pol\u00edcia de Fronteira, da PM\/PR. A carga desviada foi apreendida, sendo condicionado ao propriet\u00e1rio do estabelecimento, o status de fiel deposit\u00e1rio dos produtos fertilizantes encontrado.<\/p>\n<p><img loading=\"lazy\" decoding=\"async\" class=\"alignnone size-full wp-image-69451\" src=\"https:\/\/jorgezanoni.com.br\/2019\/wp-content\/uploads\/2022\/09\/CARGA.jpg\" alt=\"\" width=\"1280\" height=\"720\" srcset=\"https:\/\/jorgezanoni.com.br\/2019\/wp-content\/uploads\/2022\/09\/CARGA.jpg 1280w, https:\/\/jorgezanoni.com.br\/2019\/wp-content\/uploads\/2022\/09\/CARGA-300x169.jpg 300w, https:\/\/jorgezanoni.com.br\/2019\/wp-content\/uploads\/2022\/09\/CARGA-1024x576.jpg 1024w, https:\/\/jorgezanoni.com.br\/2019\/wp-content\/uploads\/2022\/09\/CARGA-768x432.jpg 768w, https:\/\/jorgezanoni.com.br\/2019\/wp-content\/uploads\/2022\/09\/CARGA-696x392.jpg 696w, https:\/\/jorgezanoni.com.br\/2019\/wp-content\/uploads\/2022\/09\/CARGA-1068x601.jpg 1068w, https:\/\/jorgezanoni.com.br\/2019\/wp-content\/uploads\/2022\/09\/CARGA-747x420.jpg 747w\" sizes=\"auto, (max-width: 1280px) 100vw, 1280px\" \/><\/p>\n<p style=\"text-align: justify;\">Fonte: Com. Social Pol\u00edcia Civil<\/p>\n","protected":false},"excerpt":{"rendered":"<p>Policiais Civis desconfiaram da vers\u00e3o apresentada pelo caminhoneiro quando ele comunicou o crime no Plant\u00e3o Policial de Dracena e constataram a suspeita de participa\u00e7\u00e3o no suposto roubo. O dono do caminh\u00e3o tamb\u00e9m acabou preso. A Pol\u00edcia Civil, por interm\u00e9dio da Unidades Especializadas (Delegacia de Investiga\u00e7\u00f5es Gerais &#8211; DIG e Delegacia de Investiga\u00e7\u00f5es Sobre Entorpecentes &#8211; [&hellip;]<\/p>\n","protected":false},"author":1,"featured_media":69444,"comment_status":"closed","ping_status":"open","sticky":false,"template":"","format":"standard","meta":{"footnotes":""},"categories":[110,2],"tags":[],"class_list":["post-69443","post","type-post","status-publish","format-standard","has-post-thumbnail","hentry","category-noticiasdestaque","category-policial"],"_links":{"self":[{"href":"https:\/\/jorgezanoni.com.br\/2019\/wp-json\/wp\/v2\/posts\/69443","targetHints":{"allow":["GET"]}}],"collection":[{"href":"https:\/\/jorgezanoni.com.br\/2019\/wp-json\/wp\/v2\/posts"}],"about":[{"href":"https:\/\/jorgezanoni.com.br\/2019\/wp-json\/wp\/v2\/types\/post"}],"author":[{"embeddable":true,"href":"https:\/\/jorgezanoni.com.br\/2019\/wp-json\/wp\/v2\/users\/1"}],"replies":[{"embeddable":true,"href":"https:\/\/jorgezanoni.com.br\/2019\/wp-json\/wp\/v2\/comments?post=69443"}],"version-history":[{"count":3,"href":"https:\/\/jorgezanoni.com.br\/2019\/wp-json\/wp\/v2\/posts\/69443\/revisions"}],"predecessor-version":[{"id":69453,"href":"https:\/\/jorgezanoni.com.br\/2019\/wp-json\/wp\/v2\/posts\/69443\/revisions\/69453"}],"wp:featuredmedia":[{"embeddable":true,"href":"https:\/\/jorgezanoni.com.br\/2019\/wp-json\/wp\/v2\/media\/69444"}],"wp:attachment":[{"href":"https:\/\/jorgezanoni.com.br\/2019\/wp-json\/wp\/v2\/media?parent=69443"}],"wp:term":[{"taxonomy":"category","embeddable":true,"href":"https:\/\/jorgezanoni.com.br\/2019\/wp-json\/wp\/v2\/categories?post=69443"},{"taxonomy":"post_tag","embeddable":true,"href":"https:\/\/jorgezanoni.com.br\/2019\/wp-json\/wp\/v2\/tags?post=69443"}],"curies":[{"name":"wp","href":"https:\/\/api.w.org\/{rel}","templated":true}]}}