{"id":69437,"date":"2022-09-27T15:55:10","date_gmt":"2022-09-27T15:55:10","guid":{"rendered":"https:\/\/jorgezanoni.com.br\/2019\/?p=69437"},"modified":"2022-09-27T15:55:10","modified_gmt":"2022-09-27T15:55:10","slug":"homem-morre-em-acidente-de-moto-no-municipio-de-panorama","status":"publish","type":"post","link":"https:\/\/jorgezanoni.com.br\/2019\/homem-morre-em-acidente-de-moto-no-municipio-de-panorama\/","title":{"rendered":"Homem morre em acidente de moto no munic\u00edpio de Panorama"},"content":{"rendered":"<p style=\"text-align: justify;\">Na data de hoje, 27, por volta das 03:20hrs, a unidade de servi\u00e7o da Pol\u00edcia Militar foi solicitada via Copom para atendimento de ocorr\u00eancia de acidente de tr\u00e2nsito, na Avenida Rodion Podolsck, pr\u00f3ximo a uma cer\u00e2mica. Ao chegar no local, se encontrava a ambul\u00e2ncia municipal j\u00e1 com a v\u00edtima (homem, 26 anos) \u00e1 ser encaminhada ao Pronto Socorro Municipal e uma testemunha, relatando que se deparou com a v\u00edtima ca\u00eddo ao lado de uma motocicleta e de imediato solicitou a ambul\u00e2ncia e a Pol\u00edcia Militar. Em contato com o m\u00e9dico de plant\u00e3o, informou aos policiais que a v\u00edtima chegou ao pronto atendimento em \u00f3bito. Havia pelos de animal na moto, o que pode ter causado o acidente, por\u00e9m n\u00e3o foi localizado.<\/p>\n<p>Fonte: Com. Social Pol\u00edcia Militar<\/p>\n","protected":false},"excerpt":{"rendered":"<p>Na data de hoje, 27, por volta das 03:20hrs, a unidade de servi\u00e7o da Pol\u00edcia Militar foi solicitada via Copom para atendimento de ocorr\u00eancia de acidente de tr\u00e2nsito, na Avenida Rodion Podolsck, pr\u00f3ximo a uma cer\u00e2mica. Ao chegar no local, se encontrava a ambul\u00e2ncia municipal j\u00e1 com a v\u00edtima (homem, 26 anos) \u00e1 ser encaminhada [&hellip;]<\/p>\n","protected":false},"author":1,"featured_media":69438,"comment_status":"closed","ping_status":"open","sticky":false,"template":"","format":"standard","meta":{"footnotes":""},"categories":[110,2],"tags":[],"class_list":["post-69437","post","type-post","status-publish","format-standard","has-post-thumbnail","hentry","category-noticiasdestaque","category-policial"],"_links":{"self":[{"href":"https:\/\/jorgezanoni.com.br\/2019\/wp-json\/wp\/v2\/posts\/69437","targetHints":{"allow":["GET"]}}],"collection":[{"href":"https:\/\/jorgezanoni.com.br\/2019\/wp-json\/wp\/v2\/posts"}],"about":[{"href":"https:\/\/jorgezanoni.com.br\/2019\/wp-json\/wp\/v2\/types\/post"}],"author":[{"embeddable":true,"href":"https:\/\/jorgezanoni.com.br\/2019\/wp-json\/wp\/v2\/users\/1"}],"replies":[{"embeddable":true,"href":"https:\/\/jorgezanoni.com.br\/2019\/wp-json\/wp\/v2\/comments?post=69437"}],"version-history":[{"count":1,"href":"https:\/\/jorgezanoni.com.br\/2019\/wp-json\/wp\/v2\/posts\/69437\/revisions"}],"predecessor-version":[{"id":69439,"href":"https:\/\/jorgezanoni.com.br\/2019\/wp-json\/wp\/v2\/posts\/69437\/revisions\/69439"}],"wp:featuredmedia":[{"embeddable":true,"href":"https:\/\/jorgezanoni.com.br\/2019\/wp-json\/wp\/v2\/media\/69438"}],"wp:attachment":[{"href":"https:\/\/jorgezanoni.com.br\/2019\/wp-json\/wp\/v2\/media?parent=69437"}],"wp:term":[{"taxonomy":"category","embeddable":true,"href":"https:\/\/jorgezanoni.com.br\/2019\/wp-json\/wp\/v2\/categories?post=69437"},{"taxonomy":"post_tag","embeddable":true,"href":"https:\/\/jorgezanoni.com.br\/2019\/wp-json\/wp\/v2\/tags?post=69437"}],"curies":[{"name":"wp","href":"https:\/\/api.w.org\/{rel}","templated":true}]}}