{"id":69362,"date":"2022-09-25T15:06:47","date_gmt":"2022-09-25T15:06:47","guid":{"rendered":"https:\/\/jorgezanoni.com.br\/2019\/?p=69362"},"modified":"2022-09-25T15:06:47","modified_gmt":"2022-09-25T15:06:47","slug":"laboratorio-mastellini-de-dracena-realiza-acao-setembro-amarelo","status":"publish","type":"post","link":"https:\/\/jorgezanoni.com.br\/2019\/laboratorio-mastellini-de-dracena-realiza-acao-setembro-amarelo\/","title":{"rendered":"Laborat\u00f3rio Mastellini de Dracena realiza a\u00e7\u00e3o Setembro Amarelo"},"content":{"rendered":"<p style=\"text-align: justify;\">O Setembro Amarelo \u00e9 uma campanha idealizada pela Associa\u00e7\u00e3o Brasileira de Psiquiatria (ABP), em parceria com o Conselho Federal de Medicina (CFM) para conscientizar sobre a preven\u00e7\u00e3o do suic\u00eddio, buscando alertar a popula\u00e7\u00e3o a respeito da realidade da pr\u00e1tica no Brasil e no mundo. O laborat\u00f3rio Mastellini neste s\u00e1bado realizou na sua Unidade na cidade de Dracena, a\u00e7\u00e3o de conscientiza\u00e7\u00e3o para data, juntamente com o Plant\u00e3o da Alegria .<br \/>\no plant\u00e3o da alegria \u00e9 um grupo de humaniza\u00e7\u00e3o hospitalar que faz visitas na santa casa de Dracena h\u00e1 mais de 10 anos , n\u00f3s super apoiamos essa causa que \u00e9 o setembro amarelo , o m\u00eas de preven\u00e7\u00e3o ao suic\u00eddio.<br \/>\nVamos nos cuidar e nos conhecer , Conversar sempre \u00e9 a melhor solu\u00e7\u00e3o !! Voc\u00ea n\u00e3o est\u00e1 sozinho e o Mastellini est\u00e1 dispon\u00edvel sempre, vem pro Mastellini.<\/p>\n<p><img loading=\"lazy\" decoding=\"async\" class=\"alignnone size-full wp-image-69364\" src=\"https:\/\/jorgezanoni.com.br\/2019\/wp-content\/uploads\/2022\/09\/mas1-1.jpg\" alt=\"\" width=\"700\" height=\"1115\" srcset=\"https:\/\/jorgezanoni.com.br\/2019\/wp-content\/uploads\/2022\/09\/mas1-1.jpg 700w, https:\/\/jorgezanoni.com.br\/2019\/wp-content\/uploads\/2022\/09\/mas1-1-188x300.jpg 188w, https:\/\/jorgezanoni.com.br\/2019\/wp-content\/uploads\/2022\/09\/mas1-1-643x1024.jpg 643w, https:\/\/jorgezanoni.com.br\/2019\/wp-content\/uploads\/2022\/09\/mas1-1-696x1109.jpg 696w, https:\/\/jorgezanoni.com.br\/2019\/wp-content\/uploads\/2022\/09\/mas1-1-264x420.jpg 264w\" sizes=\"auto, (max-width: 700px) 100vw, 700px\" \/> <img loading=\"lazy\" decoding=\"async\" class=\"alignnone size-full wp-image-69365\" src=\"https:\/\/jorgezanoni.com.br\/2019\/wp-content\/uploads\/2022\/09\/mas2-1.jpg\" alt=\"\" width=\"700\" height=\"819\" srcset=\"https:\/\/jorgezanoni.com.br\/2019\/wp-content\/uploads\/2022\/09\/mas2-1.jpg 700w, https:\/\/jorgezanoni.com.br\/2019\/wp-content\/uploads\/2022\/09\/mas2-1-256x300.jpg 256w, https:\/\/jorgezanoni.com.br\/2019\/wp-content\/uploads\/2022\/09\/mas2-1-696x814.jpg 696w, https:\/\/jorgezanoni.com.br\/2019\/wp-content\/uploads\/2022\/09\/mas2-1-359x420.jpg 359w\" sizes=\"auto, (max-width: 700px) 100vw, 700px\" \/> <img loading=\"lazy\" decoding=\"async\" class=\"alignnone size-full wp-image-69366\" src=\"https:\/\/jorgezanoni.com.br\/2019\/wp-content\/uploads\/2022\/09\/mas3-1.jpg\" alt=\"\" width=\"700\" height=\"1005\" srcset=\"https:\/\/jorgezanoni.com.br\/2019\/wp-content\/uploads\/2022\/09\/mas3-1.jpg 700w, https:\/\/jorgezanoni.com.br\/2019\/wp-content\/uploads\/2022\/09\/mas3-1-209x300.jpg 209w, https:\/\/jorgezanoni.com.br\/2019\/wp-content\/uploads\/2022\/09\/mas3-1-696x999.jpg 696w, https:\/\/jorgezanoni.com.br\/2019\/wp-content\/uploads\/2022\/09\/mas3-1-293x420.jpg 293w\" sizes=\"auto, (max-width: 700px) 100vw, 700px\" \/> <img loading=\"lazy\" decoding=\"async\" class=\"alignnone size-full wp-image-69367\" src=\"https:\/\/jorgezanoni.com.br\/2019\/wp-content\/uploads\/2022\/09\/mas4-1.jpg\" alt=\"\" width=\"700\" height=\"1072\" srcset=\"https:\/\/jorgezanoni.com.br\/2019\/wp-content\/uploads\/2022\/09\/mas4-1.jpg 700w, https:\/\/jorgezanoni.com.br\/2019\/wp-content\/uploads\/2022\/09\/mas4-1-196x300.jpg 196w, https:\/\/jorgezanoni.com.br\/2019\/wp-content\/uploads\/2022\/09\/mas4-1-669x1024.jpg 669w, https:\/\/jorgezanoni.com.br\/2019\/wp-content\/uploads\/2022\/09\/mas4-1-696x1066.jpg 696w, https:\/\/jorgezanoni.com.br\/2019\/wp-content\/uploads\/2022\/09\/mas4-1-274x420.jpg 274w\" sizes=\"auto, (max-width: 700px) 100vw, 700px\" \/> <img loading=\"lazy\" decoding=\"async\" class=\"alignnone size-full wp-image-69368\" src=\"https:\/\/jorgezanoni.com.br\/2019\/wp-content\/uploads\/2022\/09\/mas5-1.jpg\" alt=\"\" width=\"700\" height=\"1166\" srcset=\"https:\/\/jorgezanoni.com.br\/2019\/wp-content\/uploads\/2022\/09\/mas5-1.jpg 700w, https:\/\/jorgezanoni.com.br\/2019\/wp-content\/uploads\/2022\/09\/mas5-1-180x300.jpg 180w, https:\/\/jorgezanoni.com.br\/2019\/wp-content\/uploads\/2022\/09\/mas5-1-615x1024.jpg 615w, https:\/\/jorgezanoni.com.br\/2019\/wp-content\/uploads\/2022\/09\/mas5-1-696x1159.jpg 696w, https:\/\/jorgezanoni.com.br\/2019\/wp-content\/uploads\/2022\/09\/mas5-1-252x420.jpg 252w\" sizes=\"auto, (max-width: 700px) 100vw, 700px\" \/> <img loading=\"lazy\" decoding=\"async\" class=\"alignnone size-full wp-image-69369\" src=\"https:\/\/jorgezanoni.com.br\/2019\/wp-content\/uploads\/2022\/09\/mas6-1.jpg\" alt=\"\" width=\"700\" height=\"689\" srcset=\"https:\/\/jorgezanoni.com.br\/2019\/wp-content\/uploads\/2022\/09\/mas6-1.jpg 700w, https:\/\/jorgezanoni.com.br\/2019\/wp-content\/uploads\/2022\/09\/mas6-1-300x295.jpg 300w, https:\/\/jorgezanoni.com.br\/2019\/wp-content\/uploads\/2022\/09\/mas6-1-696x685.jpg 696w, https:\/\/jorgezanoni.com.br\/2019\/wp-content\/uploads\/2022\/09\/mas6-1-427x420.jpg 427w\" sizes=\"auto, (max-width: 700px) 100vw, 700px\" \/>Fonte: Laborat\u00f3rio Mastellini<\/p>\n","protected":false},"excerpt":{"rendered":"<p>O Setembro Amarelo \u00e9 uma campanha idealizada pela Associa\u00e7\u00e3o Brasileira de Psiquiatria (ABP), em parceria com o Conselho Federal de Medicina (CFM) para conscientizar sobre a preven\u00e7\u00e3o do suic\u00eddio, buscando alertar a popula\u00e7\u00e3o a respeito da realidade da pr\u00e1tica no Brasil e no mundo. O laborat\u00f3rio Mastellini neste s\u00e1bado realizou na sua Unidade na cidade [&hellip;]<\/p>\n","protected":false},"author":1,"featured_media":69363,"comment_status":"closed","ping_status":"open","sticky":false,"template":"","format":"standard","meta":{"footnotes":""},"categories":[110,122],"tags":[],"class_list":["post-69362","post","type-post","status-publish","format-standard","has-post-thumbnail","hentry","category-noticiasdestaque","category-saudeeducacaoeconcurso"],"_links":{"self":[{"href":"https:\/\/jorgezanoni.com.br\/2019\/wp-json\/wp\/v2\/posts\/69362","targetHints":{"allow":["GET"]}}],"collection":[{"href":"https:\/\/jorgezanoni.com.br\/2019\/wp-json\/wp\/v2\/posts"}],"about":[{"href":"https:\/\/jorgezanoni.com.br\/2019\/wp-json\/wp\/v2\/types\/post"}],"author":[{"embeddable":true,"href":"https:\/\/jorgezanoni.com.br\/2019\/wp-json\/wp\/v2\/users\/1"}],"replies":[{"embeddable":true,"href":"https:\/\/jorgezanoni.com.br\/2019\/wp-json\/wp\/v2\/comments?post=69362"}],"version-history":[{"count":1,"href":"https:\/\/jorgezanoni.com.br\/2019\/wp-json\/wp\/v2\/posts\/69362\/revisions"}],"predecessor-version":[{"id":69370,"href":"https:\/\/jorgezanoni.com.br\/2019\/wp-json\/wp\/v2\/posts\/69362\/revisions\/69370"}],"wp:featuredmedia":[{"embeddable":true,"href":"https:\/\/jorgezanoni.com.br\/2019\/wp-json\/wp\/v2\/media\/69363"}],"wp:attachment":[{"href":"https:\/\/jorgezanoni.com.br\/2019\/wp-json\/wp\/v2\/media?parent=69362"}],"wp:term":[{"taxonomy":"category","embeddable":true,"href":"https:\/\/jorgezanoni.com.br\/2019\/wp-json\/wp\/v2\/categories?post=69362"},{"taxonomy":"post_tag","embeddable":true,"href":"https:\/\/jorgezanoni.com.br\/2019\/wp-json\/wp\/v2\/tags?post=69362"}],"curies":[{"name":"wp","href":"https:\/\/api.w.org\/{rel}","templated":true}]}}