{"id":69357,"date":"2022-09-25T14:35:55","date_gmt":"2022-09-25T14:35:55","guid":{"rendered":"https:\/\/jorgezanoni.com.br\/2019\/?p=69357"},"modified":"2022-09-25T14:35:55","modified_gmt":"2022-09-25T14:35:55","slug":"policia-civil-cumpre-mandados-de-prisao-contra-procurados-da-justica-em-dracena-e-panorama","status":"publish","type":"post","link":"https:\/\/jorgezanoni.com.br\/2019\/policia-civil-cumpre-mandados-de-prisao-contra-procurados-da-justica-em-dracena-e-panorama\/","title":{"rendered":"Pol\u00edcia Civil cumpre mandados de pris\u00e3o contra procurados da justi\u00e7a em Dracena e Panorama"},"content":{"rendered":"<p style=\"text-align: justify;\">A Pol\u00edcia Civil, por interm\u00e9dio por interm\u00e9dio das Unidades Especializadas (Delegacia de Investiga\u00e7\u00f5es Gerais &#8211; DIG e Delegacia de Investiga\u00e7\u00f5es Sobre Entorpecentes &#8211; DISE) e da Delegacia de Pol\u00edcia de Panorama, em a\u00e7\u00e3o de Pol\u00edcia Judici\u00e1ria para o cumprimento de ordens judiciais de pris\u00e3o, realizou a captura de 4 procurados nesta sexta-feira (23), homens com idade de 24, 29, 40 e 46 anos. A a\u00e7\u00e3o policial foi realizada nos munic\u00edpios de Dracena e Panorama, e os mandados de pris\u00e3o foram cumpridos em decorr\u00eancia de senten\u00e7a condenat\u00f3ria definitiva.<\/p>\n<p style=\"text-align: justify;\">Em Dracena, a Pol\u00edcia Civil prendeu um homem de 24 anos, no Jardim da Na\u00e7\u00f5es, que possu\u00eda em seu desfavor um mandado de pris\u00e3o, expedido pela 2\u00aa Vara Criminal da Comarca de Adamantina, pelos crimes de tr\u00e1fico de drogas e associa\u00e7\u00e3o para tr\u00e1fico, com condena\u00e7\u00e3o em regime fechado a 15 anos e 13 dias de reclus\u00e3o.<\/p>\n<p style=\"text-align: justify;\">J\u00e1 a a\u00e7\u00e3o policial, em Panorama, aconteceu nos bairros Jardim Aeroporto, Marrecas e Quinta das Iaras, e os mandados de pris\u00e3o foram expedidos pela Justi\u00e7a da Comarca de Panorama.<\/p>\n<p style=\"text-align: justify;\">No bairro Jardim Aeroporto, um homem de 29 anos, foi preso e teve o seu mandado de pris\u00e3o cumprido com condena\u00e7\u00e3o imposta de dois anos e 23 dias, em regime semiaberto, pela pr\u00e1tica delituosa dos crimes de les\u00e3o corporal, amea\u00e7a, resist\u00eancia e desacato.<\/p>\n<p style=\"text-align: justify;\">Em continua\u00e7\u00e3o, no bairro Marrecas, foi preso um homem de 46 anos, que possu\u00eda contra si, um mandado de pris\u00e3o decorrente de Viol\u00eancia Dom\u00e9stica, por descumprimento de medidas protetivas, com pena imposta de quatro meses e seis, em regime semiaberto.<\/p>\n<p style=\"text-align: justify;\">O \u00faltimo homem de 40 anos, foi preso no bairro Quinta da Iaras, para cumprimento de medida de seguran\u00e7a, em unidade de Cust\u00f3dia e Tratamento Psiqui\u00e1trico, por um per\u00edodo de um ano.<\/p>\n<p style=\"text-align: justify;\">Os capturados acima foram encaminhados as respectivas unidades policiais, onde aguardaram as audi\u00eancias de cust\u00f3dia, permanecendo \u00e0 disposi\u00e7\u00e3o da Justi\u00e7a, para posterior encaminhamento a unidade prisional.<\/p>\n<p style=\"text-align: justify;\">DEN\u00daNCIA<br \/>\nA popula\u00e7\u00e3o pode contribuir com informa\u00e7\u00f5es sobre pessoas foragidas ou procuradas da Justi\u00e7a. As den\u00fancias podem ser feitas para o n\u00famero 181, o Disque Den\u00fancia. O sigilo e o anonimato s\u00e3o garantidos.<\/p>\n<p><img loading=\"lazy\" decoding=\"async\" class=\"alignnone size-full wp-image-69358\" src=\"https:\/\/jorgezanoni.com.br\/2019\/wp-content\/uploads\/2022\/09\/Pro.jpg\" alt=\"\" width=\"700\" height=\"434\" srcset=\"https:\/\/jorgezanoni.com.br\/2019\/wp-content\/uploads\/2022\/09\/Pro.jpg 700w, https:\/\/jorgezanoni.com.br\/2019\/wp-content\/uploads\/2022\/09\/Pro-300x186.jpg 300w, https:\/\/jorgezanoni.com.br\/2019\/wp-content\/uploads\/2022\/09\/Pro-356x220.jpg 356w, https:\/\/jorgezanoni.com.br\/2019\/wp-content\/uploads\/2022\/09\/Pro-696x432.jpg 696w, https:\/\/jorgezanoni.com.br\/2019\/wp-content\/uploads\/2022\/09\/Pro-677x420.jpg 677w\" sizes=\"auto, (max-width: 700px) 100vw, 700px\" \/>Fonte: Com. Social Pol\u00edcia Civil<\/p>\n","protected":false},"excerpt":{"rendered":"<p>A Pol\u00edcia Civil, por interm\u00e9dio por interm\u00e9dio das Unidades Especializadas (Delegacia de Investiga\u00e7\u00f5es Gerais &#8211; DIG e Delegacia de Investiga\u00e7\u00f5es Sobre Entorpecentes &#8211; DISE) e da Delegacia de Pol\u00edcia de Panorama, em a\u00e7\u00e3o de Pol\u00edcia Judici\u00e1ria para o cumprimento de ordens judiciais de pris\u00e3o, realizou a captura de 4 procurados nesta sexta-feira (23), homens com [&hellip;]<\/p>\n","protected":false},"author":1,"featured_media":69359,"comment_status":"closed","ping_status":"open","sticky":false,"template":"","format":"standard","meta":{"footnotes":""},"categories":[110,2],"tags":[],"class_list":["post-69357","post","type-post","status-publish","format-standard","has-post-thumbnail","hentry","category-noticiasdestaque","category-policial"],"_links":{"self":[{"href":"https:\/\/jorgezanoni.com.br\/2019\/wp-json\/wp\/v2\/posts\/69357","targetHints":{"allow":["GET"]}}],"collection":[{"href":"https:\/\/jorgezanoni.com.br\/2019\/wp-json\/wp\/v2\/posts"}],"about":[{"href":"https:\/\/jorgezanoni.com.br\/2019\/wp-json\/wp\/v2\/types\/post"}],"author":[{"embeddable":true,"href":"https:\/\/jorgezanoni.com.br\/2019\/wp-json\/wp\/v2\/users\/1"}],"replies":[{"embeddable":true,"href":"https:\/\/jorgezanoni.com.br\/2019\/wp-json\/wp\/v2\/comments?post=69357"}],"version-history":[{"count":1,"href":"https:\/\/jorgezanoni.com.br\/2019\/wp-json\/wp\/v2\/posts\/69357\/revisions"}],"predecessor-version":[{"id":69361,"href":"https:\/\/jorgezanoni.com.br\/2019\/wp-json\/wp\/v2\/posts\/69357\/revisions\/69361"}],"wp:featuredmedia":[{"embeddable":true,"href":"https:\/\/jorgezanoni.com.br\/2019\/wp-json\/wp\/v2\/media\/69359"}],"wp:attachment":[{"href":"https:\/\/jorgezanoni.com.br\/2019\/wp-json\/wp\/v2\/media?parent=69357"}],"wp:term":[{"taxonomy":"category","embeddable":true,"href":"https:\/\/jorgezanoni.com.br\/2019\/wp-json\/wp\/v2\/categories?post=69357"},{"taxonomy":"post_tag","embeddable":true,"href":"https:\/\/jorgezanoni.com.br\/2019\/wp-json\/wp\/v2\/tags?post=69357"}],"curies":[{"name":"wp","href":"https:\/\/api.w.org\/{rel}","templated":true}]}}