{"id":69353,"date":"2022-09-25T14:27:15","date_gmt":"2022-09-25T14:27:15","guid":{"rendered":"https:\/\/jorgezanoni.com.br\/2019\/?p=69353"},"modified":"2022-09-25T14:27:15","modified_gmt":"2022-09-25T14:27:15","slug":"policia-civil-apreende-equipamentos-de-som-por-perturbacao-de-sossego-alheio-em-dracena","status":"publish","type":"post","link":"https:\/\/jorgezanoni.com.br\/2019\/policia-civil-apreende-equipamentos-de-som-por-perturbacao-de-sossego-alheio-em-dracena\/","title":{"rendered":"Pol\u00edcia Civil apreende equipamentos de som por perturba\u00e7\u00e3o de sossego alheio em Dracena"},"content":{"rendered":"<p style=\"text-align: justify;\">Em cumprimento a uma ordem judicial de busca apreens\u00e3o, a Pol\u00edcia Civil apreendeu duas caixas de som e um aparelho de som cd stereo system. A\u00e7\u00e3o ocorreu numa resid\u00eancia localizada no bairro Cj. Hab. Valdir Barbosa de Souza.<\/p>\n<p style=\"text-align: justify;\">A Pol\u00edcia Civil, por interm\u00e9dio da unidade de N\u00facleo Especial Criminal &#8211; Necrim apreendeu nesta sexta-feira (23), duas caixas de som e um aparelho de som cd stereo system, num im\u00f3vel residencial localizado no bairro Cj. Hab. Valdir Barbosa de Souza, em Dracena. O propriet\u00e1rio da casa, um homem de 49 anos, estava presente no local e acompanhou a\u00e7\u00e3o policial.<\/p>\n<p style=\"text-align: justify;\">A\u00e7\u00e3o policial ocorreu em cumprimento a um mandado de busca e apreens\u00e3o domiciliar, expedido pelo Juizado Especial C\u00edvel e Criminal, da Comarca de Dracena, em procedimento de Termo Circunstanciado instaurado no N\u00facleo Especial Criminal &#8211; Necrim, por conduta contravencional de perturba\u00e7\u00e3o de sossego alheio.<\/p>\n<p style=\"text-align: justify;\">Os equipamentos sonoros foram apreendidos e ser\u00e3o encaminhados ao Institu\u00eddo de Criminal\u00edstica para posterior emiss\u00e3o de laudo pericial de aferi\u00e7\u00e3o sonora.<\/p>\n<p>Fonte: Com. Social Pol\u00edcia Civil<\/p>\n","protected":false},"excerpt":{"rendered":"<p>Em cumprimento a uma ordem judicial de busca apreens\u00e3o, a Pol\u00edcia Civil apreendeu duas caixas de som e um aparelho de som cd stereo system. A\u00e7\u00e3o ocorreu numa resid\u00eancia localizada no bairro Cj. Hab. Valdir Barbosa de Souza. A Pol\u00edcia Civil, por interm\u00e9dio da unidade de N\u00facleo Especial Criminal &#8211; Necrim apreendeu nesta sexta-feira (23), [&hellip;]<\/p>\n","protected":false},"author":1,"featured_media":69355,"comment_status":"closed","ping_status":"open","sticky":false,"template":"","format":"standard","meta":{"footnotes":""},"categories":[110,2],"tags":[],"class_list":["post-69353","post","type-post","status-publish","format-standard","has-post-thumbnail","hentry","category-noticiasdestaque","category-policial"],"_links":{"self":[{"href":"https:\/\/jorgezanoni.com.br\/2019\/wp-json\/wp\/v2\/posts\/69353","targetHints":{"allow":["GET"]}}],"collection":[{"href":"https:\/\/jorgezanoni.com.br\/2019\/wp-json\/wp\/v2\/posts"}],"about":[{"href":"https:\/\/jorgezanoni.com.br\/2019\/wp-json\/wp\/v2\/types\/post"}],"author":[{"embeddable":true,"href":"https:\/\/jorgezanoni.com.br\/2019\/wp-json\/wp\/v2\/users\/1"}],"replies":[{"embeddable":true,"href":"https:\/\/jorgezanoni.com.br\/2019\/wp-json\/wp\/v2\/comments?post=69353"}],"version-history":[{"count":1,"href":"https:\/\/jorgezanoni.com.br\/2019\/wp-json\/wp\/v2\/posts\/69353\/revisions"}],"predecessor-version":[{"id":69356,"href":"https:\/\/jorgezanoni.com.br\/2019\/wp-json\/wp\/v2\/posts\/69353\/revisions\/69356"}],"wp:featuredmedia":[{"embeddable":true,"href":"https:\/\/jorgezanoni.com.br\/2019\/wp-json\/wp\/v2\/media\/69355"}],"wp:attachment":[{"href":"https:\/\/jorgezanoni.com.br\/2019\/wp-json\/wp\/v2\/media?parent=69353"}],"wp:term":[{"taxonomy":"category","embeddable":true,"href":"https:\/\/jorgezanoni.com.br\/2019\/wp-json\/wp\/v2\/categories?post=69353"},{"taxonomy":"post_tag","embeddable":true,"href":"https:\/\/jorgezanoni.com.br\/2019\/wp-json\/wp\/v2\/tags?post=69353"}],"curies":[{"name":"wp","href":"https:\/\/api.w.org\/{rel}","templated":true}]}}