{"id":69313,"date":"2022-09-23T22:24:00","date_gmt":"2022-09-23T22:24:00","guid":{"rendered":"https:\/\/jorgezanoni.com.br\/2019\/?p=69313"},"modified":"2022-09-23T22:24:00","modified_gmt":"2022-09-23T22:24:00","slug":"feira-de-profissoes-apresenta-possibilidades-aos-futuros-calouros-2","status":"publish","type":"post","link":"https:\/\/jorgezanoni.com.br\/2019\/feira-de-profissoes-apresenta-possibilidades-aos-futuros-calouros-2\/","title":{"rendered":"Feira de Profiss\u00f5es apresenta possibilidades aos futuros calouros"},"content":{"rendered":"<p style=\"text-align: justify;\"><span style=\"font-size: large;\">Na pr\u00f3xima semana, dias 28 e 29 de setembro, ser\u00e1 realizada a Feira de Profiss\u00f5es, no Gin\u00e1sio da Fundec. Este evento anual re\u00fane a Unifadra (cursos superiores) e o CEP\/UME (cursos t\u00e9cnicos), unidades mantidas pela Fundec, para apresentar aos estudantes do ensino m\u00e9dio e demais interessados o ambiente dos cursos t\u00e9cnicos e superiores e falar um pouco sobre o exerc\u00edcio da profiss\u00e3o e suas possibilidades no mercado de trabalho. O evento \u00e9 aberto ao p\u00fablico, totalmente gratuito e conta com estandes din\u00e2micos sobre diversas profiss\u00f5es.<\/span><\/p>\n<p><span style=\"font-size: large;\">A diretora do CEP\/UME C\u00e1tia Afonso enfatiza que a Feira de Profiss\u00f5es ajuda os jovens a realizar uma escolha mais assertiva, al\u00e9m de apresentar os diferenciais da forma\u00e7\u00e3o t\u00e9cnica e os cursos oferecidos pelo CEP\/UME, que s\u00e3o uma \u00f3tima op\u00e7\u00e3o para quem tem pressa em se qualificar para o mercado de trabalho.<\/span><\/p>\n<p><span style=\"font-size: large;\">O diretor acad\u00eamico da Unifadra Enio Garbelini destaca que a feira est\u00e1 sendo muito aguardada, n\u00e3o somente pelos visitantes, mas pelos alunos e docentes da institui\u00e7\u00e3o, pois externa todas as possibilidades ofertadas pelos cursos da Unifadra, auxiliando os estudantes na escolha de futuras profiss\u00f5es. &#8220;Ser\u00e1 o primeiro grande evento presencial que estamos desenvolvendo com os estudantes de Dracena e regi\u00e3o, e um momento especial para todos os envolvidos. A Unifadra preza muito pelo contato humano e atua constantemente na expans\u00e3o do conhecimento&#8221;, enfatiza o diretor.<\/span><\/p>\n<p><span style=\"font-size: large;\">Neste ano, a Feira de Profiss\u00f5es tamb\u00e9m realizar\u00e1 o sorteio de bolsas de 50% de desconto da Unifadra. Para concorrer, \u00e9 necess\u00e1rio fazer sua inscri\u00e7\u00e3o durante o evento. O edital do sorteio j\u00e1 est\u00e1 dispon\u00edvel no site\u00a0<a href=\"http:\/\/www.fundec.edu.br\/feira\" target=\"_blank\" rel=\"noopener noreferrer\">www.fundec.edu.br\/feira<\/a>\u00a0.<\/span><\/p>\n<p><span style=\"font-size: large;\"><b>Feira de Profiss\u00f5es, no Gin\u00e1sio da Fundec<\/b><\/span><br \/>\n<span style=\"font-size: large;\"><b>Dia 28\/09<\/b>\u00a0(quarta-feira), das 14h\u00a0<\/span>\u00e0s 16h30<span style=\"font-size: large;\">\u00a0e das 19h\u00a0<\/span>\u00e0s 21h30<br \/>\n<span style=\"font-size: large;\"><b>Dia 29\/09<\/b>\u00a0(quinta-feira), das 8h \u00e0s 11h30 e das 14h \u00e0s 16h30<\/span><br \/>\n<span style=\"font-size: large;\">As escolas ou grupos grandes dever\u00e3o agendar o hor\u00e1rio de visita\u00e7\u00e3o pelo Whatsapp (18) 99616-4776.<\/span><br \/>\n<span style=\"font-size: large;\"><b>Mais informa\u00e7\u00f5es<\/b>:\u00a0<a href=\"http:\/\/www.fundec.edu.br\/feira\" target=\"_blank\" rel=\"noopener noreferrer\">www.fundec.edu.br\/feira<\/a><\/span><\/p>\n<p>Fonte: Depto. de Comunica\u00e7\u00e3o Fundec<\/p>\n","protected":false},"excerpt":{"rendered":"<p>Na pr\u00f3xima semana, dias 28 e 29 de setembro, ser\u00e1 realizada a Feira de Profiss\u00f5es, no Gin\u00e1sio da Fundec. Este evento anual re\u00fane a Unifadra (cursos superiores) e o CEP\/UME (cursos t\u00e9cnicos), unidades mantidas pela Fundec, para apresentar aos estudantes do ensino m\u00e9dio e demais interessados o ambiente dos cursos t\u00e9cnicos e superiores e falar [&hellip;]<\/p>\n","protected":false},"author":1,"featured_media":69314,"comment_status":"closed","ping_status":"open","sticky":false,"template":"","format":"standard","meta":{"footnotes":""},"categories":[110,122],"tags":[],"class_list":["post-69313","post","type-post","status-publish","format-standard","has-post-thumbnail","hentry","category-noticiasdestaque","category-saudeeducacaoeconcurso"],"_links":{"self":[{"href":"https:\/\/jorgezanoni.com.br\/2019\/wp-json\/wp\/v2\/posts\/69313","targetHints":{"allow":["GET"]}}],"collection":[{"href":"https:\/\/jorgezanoni.com.br\/2019\/wp-json\/wp\/v2\/posts"}],"about":[{"href":"https:\/\/jorgezanoni.com.br\/2019\/wp-json\/wp\/v2\/types\/post"}],"author":[{"embeddable":true,"href":"https:\/\/jorgezanoni.com.br\/2019\/wp-json\/wp\/v2\/users\/1"}],"replies":[{"embeddable":true,"href":"https:\/\/jorgezanoni.com.br\/2019\/wp-json\/wp\/v2\/comments?post=69313"}],"version-history":[{"count":1,"href":"https:\/\/jorgezanoni.com.br\/2019\/wp-json\/wp\/v2\/posts\/69313\/revisions"}],"predecessor-version":[{"id":69315,"href":"https:\/\/jorgezanoni.com.br\/2019\/wp-json\/wp\/v2\/posts\/69313\/revisions\/69315"}],"wp:featuredmedia":[{"embeddable":true,"href":"https:\/\/jorgezanoni.com.br\/2019\/wp-json\/wp\/v2\/media\/69314"}],"wp:attachment":[{"href":"https:\/\/jorgezanoni.com.br\/2019\/wp-json\/wp\/v2\/media?parent=69313"}],"wp:term":[{"taxonomy":"category","embeddable":true,"href":"https:\/\/jorgezanoni.com.br\/2019\/wp-json\/wp\/v2\/categories?post=69313"},{"taxonomy":"post_tag","embeddable":true,"href":"https:\/\/jorgezanoni.com.br\/2019\/wp-json\/wp\/v2\/tags?post=69313"}],"curies":[{"name":"wp","href":"https:\/\/api.w.org\/{rel}","templated":true}]}}