{"id":69276,"date":"2022-09-23T00:23:17","date_gmt":"2022-09-23T00:23:17","guid":{"rendered":"https:\/\/jorgezanoni.com.br\/2019\/?p=69276"},"modified":"2022-09-23T11:14:39","modified_gmt":"2022-09-23T11:14:39","slug":"morre-o-professor-everaldo-canoa-morador-de-tupi-paulista","status":"publish","type":"post","link":"https:\/\/jorgezanoni.com.br\/2019\/morre-o-professor-everaldo-canoa-morador-de-tupi-paulista\/","title":{"rendered":"Morre o Professor Everaldo Canoa morador de Tupi Paulista"},"content":{"rendered":"<p style=\"text-align: justify;\">Comunicamos com pesar o falecimento do Professor Everaldo Canoa de 79 anos. Uma vida inteira dedicada a educa\u00e7\u00e3o.<\/p>\n<p style=\"text-align: justify;\">Foi rotariano e membro da Ma\u00e7onaria, uma pessoa de f\u00e1cil conv\u00edvio e amigos por onde passava.<\/p>\n<p style=\"text-align: justify;\">Deixa a esposa Ilda, filhas Ildamara e Stela, netos, demais familiares e uma grande legi\u00e3o de amigos.<\/p>\n<p style=\"text-align: justify;\">O Site JZ se solidariza com a familia e amigos neste dif\u00edcil momento.<\/p>\n<p style=\"text-align: justify;\">Jorge Zanoni<\/p>\n<p><img loading=\"lazy\" decoding=\"async\" class=\"alignnone size-full wp-image-69296\" src=\"https:\/\/jorgezanoni.com.br\/2019\/wp-content\/uploads\/2022\/09\/Everaldo.jpg\" alt=\"\" width=\"1280\" height=\"1279\" srcset=\"https:\/\/jorgezanoni.com.br\/2019\/wp-content\/uploads\/2022\/09\/Everaldo.jpg 1280w, https:\/\/jorgezanoni.com.br\/2019\/wp-content\/uploads\/2022\/09\/Everaldo-300x300.jpg 300w, https:\/\/jorgezanoni.com.br\/2019\/wp-content\/uploads\/2022\/09\/Everaldo-1024x1024.jpg 1024w, https:\/\/jorgezanoni.com.br\/2019\/wp-content\/uploads\/2022\/09\/Everaldo-150x150.jpg 150w, https:\/\/jorgezanoni.com.br\/2019\/wp-content\/uploads\/2022\/09\/Everaldo-768x767.jpg 768w, https:\/\/jorgezanoni.com.br\/2019\/wp-content\/uploads\/2022\/09\/Everaldo-696x695.jpg 696w, https:\/\/jorgezanoni.com.br\/2019\/wp-content\/uploads\/2022\/09\/Everaldo-1068x1067.jpg 1068w, https:\/\/jorgezanoni.com.br\/2019\/wp-content\/uploads\/2022\/09\/Everaldo-420x420.jpg 420w\" sizes=\"auto, (max-width: 1280px) 100vw, 1280px\" \/><\/p>\n<p>&nbsp;<\/p>\n","protected":false},"excerpt":{"rendered":"<p>Comunicamos com pesar o falecimento do Professor Everaldo Canoa de 79 anos. Uma vida inteira dedicada a educa\u00e7\u00e3o. Foi rotariano e membro da Ma\u00e7onaria, uma pessoa de f\u00e1cil conv\u00edvio e amigos por onde passava. Deixa a esposa Ilda, filhas Ildamara e Stela, netos, demais familiares e uma grande legi\u00e3o de amigos. O Site JZ se [&hellip;]<\/p>\n","protected":false},"author":1,"featured_media":69277,"comment_status":"closed","ping_status":"open","sticky":false,"template":"","format":"standard","meta":{"footnotes":""},"categories":[178,110],"tags":[],"class_list":["post-69276","post","type-post","status-publish","format-standard","has-post-thumbnail","hentry","category-notadefalecimento","category-noticiasdestaque"],"_links":{"self":[{"href":"https:\/\/jorgezanoni.com.br\/2019\/wp-json\/wp\/v2\/posts\/69276","targetHints":{"allow":["GET"]}}],"collection":[{"href":"https:\/\/jorgezanoni.com.br\/2019\/wp-json\/wp\/v2\/posts"}],"about":[{"href":"https:\/\/jorgezanoni.com.br\/2019\/wp-json\/wp\/v2\/types\/post"}],"author":[{"embeddable":true,"href":"https:\/\/jorgezanoni.com.br\/2019\/wp-json\/wp\/v2\/users\/1"}],"replies":[{"embeddable":true,"href":"https:\/\/jorgezanoni.com.br\/2019\/wp-json\/wp\/v2\/comments?post=69276"}],"version-history":[{"count":3,"href":"https:\/\/jorgezanoni.com.br\/2019\/wp-json\/wp\/v2\/posts\/69276\/revisions"}],"predecessor-version":[{"id":69298,"href":"https:\/\/jorgezanoni.com.br\/2019\/wp-json\/wp\/v2\/posts\/69276\/revisions\/69298"}],"wp:featuredmedia":[{"embeddable":true,"href":"https:\/\/jorgezanoni.com.br\/2019\/wp-json\/wp\/v2\/media\/69277"}],"wp:attachment":[{"href":"https:\/\/jorgezanoni.com.br\/2019\/wp-json\/wp\/v2\/media?parent=69276"}],"wp:term":[{"taxonomy":"category","embeddable":true,"href":"https:\/\/jorgezanoni.com.br\/2019\/wp-json\/wp\/v2\/categories?post=69276"},{"taxonomy":"post_tag","embeddable":true,"href":"https:\/\/jorgezanoni.com.br\/2019\/wp-json\/wp\/v2\/tags?post=69276"}],"curies":[{"name":"wp","href":"https:\/\/api.w.org\/{rel}","templated":true}]}}