{"id":69267,"date":"2022-09-22T23:11:44","date_gmt":"2022-09-22T23:11:44","guid":{"rendered":"https:\/\/jorgezanoni.com.br\/2019\/?p=69267"},"modified":"2022-09-22T23:11:44","modified_gmt":"2022-09-22T23:11:44","slug":"voce-ja-ouviu-falar-de-comportamento-passivo-agressivo-por-cidinha-pascoaloto","status":"publish","type":"post","link":"https:\/\/jorgezanoni.com.br\/2019\/voce-ja-ouviu-falar-de-comportamento-passivo-agressivo-por-cidinha-pascoaloto\/","title":{"rendered":"Voc\u00ea j\u00e1 ouviu falar de comportamento passivo-agressivo?  (por Cidinha Pascoaloto)"},"content":{"rendered":"<p style=\"text-align: justify;\">Esse comportamento acontece quando o indiv\u00edduo expressa indiretamente os seus sentimentos negativos em vez de falar abertamente o que sente. E acontece uma desconex\u00e3o entre o que ele diz e o que ele realmente gostaria de dizer, tornado assim a conviv\u00eancia cansativa. Um indiv\u00edduo passivo-agressivo diz sempre que est\u00e1 tudo bem mesmo estando enraivecido e furioso. Eles se recusam a expressar sentimentos negativos, ressentimentos e agress\u00f5es.<\/p>\n<p style=\"text-align: justify;\">Esse tipo de comportamento pode causar danos graves no relacionamento interpessoal e no trabalho. O comportamento passivo-agressivo pode ser resultado de v\u00e1rias condi\u00e7\u00f5es de sa\u00fade mental, mas n\u00e3o \u00e9 considerada uma doen\u00e7a. \u00c9 apenas um comportamento com falha na comunica\u00e7\u00e3o. Esse comportamento pode ser modificado quando o indiv\u00edduo passa por treinamentos de habilidades sociais. Como reconhecer um indiv\u00edduo com esse comportamento? Ele costuma ter diversos n\u00edveis de delicadeza portanto \u00e9 muito dif\u00edcil de identific\u00e1-lo.<\/p>\n<p style=\"text-align: justify;\">Vamos ver algumas caracter\u00edsticas que poder\u00e3o ajudar na identifica\u00e7\u00e3o. Voc\u00ea pode observar se a pessoa te mau humor cont\u00ednuo, ou demonstra descontentamento como suspiros e vive com cara de mau humor, est\u00e1 com raiva e diz que est\u00e1 tudo bem, tem resist\u00eancia em concluir tarefas.\u00a0 Bate portas e faz barulhos propositalmente. Muitas vezes se afasta de pessoas queridas sem dar explica\u00e7\u00e3o e se questionado, nega que est\u00e1 se distanciando. N\u00e3o consegue reconhecer essa dificuldade e por isso fica dif\u00edcil mudar para melhor.<\/p>\n<p style=\"text-align: justify;\">Para saber se voc\u00ea \u00e9 um agressivo-passivo comece a observar seu comportamento. Ser\u00e1 que quando voc\u00ea est\u00e1 feliz com a presen\u00e7a de outra pessoa voc\u00ea fica de mau humor? Voc\u00ea costuma evitar a pessoa que te deixaram chateada? E quando voc\u00ea est\u00e1 com raiva de algu\u00e9m voc\u00ea deixa de falar com ela? Tem costume de punir algu\u00e9m com algum comportamento?<\/p>\n<p style=\"text-align: justify;\">Voc\u00ea \u00e0s vezes usa de brincadeiras para evitar conversas s\u00e9rias e necess\u00e1rias? Se voc\u00ea se identificou com algumas dessas caracter\u00edsticas tente expressar melhor suas emo\u00e7\u00f5es de forma suave ao inv\u00e9s de irritar os outros.<\/p>\n<p><img loading=\"lazy\" decoding=\"async\" class=\"alignnone size-full wp-image-69268\" src=\"https:\/\/jorgezanoni.com.br\/2019\/wp-content\/uploads\/2022\/09\/Cidinha-Pascoaloto-3.jpg\" alt=\"\" width=\"500\" height=\"755\" srcset=\"https:\/\/jorgezanoni.com.br\/2019\/wp-content\/uploads\/2022\/09\/Cidinha-Pascoaloto-3.jpg 500w, https:\/\/jorgezanoni.com.br\/2019\/wp-content\/uploads\/2022\/09\/Cidinha-Pascoaloto-3-199x300.jpg 199w, https:\/\/jorgezanoni.com.br\/2019\/wp-content\/uploads\/2022\/09\/Cidinha-Pascoaloto-3-278x420.jpg 278w\" sizes=\"auto, (max-width: 500px) 100vw, 500px\" \/><\/p>\n<p style=\"text-align: justify;\">Cidinha Pascoaloto \u2013 Psic\u00f3loga -CRP 06\/158174 Terapia cognitivo Comportamental (TCC)Atendimento on-line, contato: (18) 99725-6418<\/p>\n","protected":false},"excerpt":{"rendered":"<p>Esse comportamento acontece quando o indiv\u00edduo expressa indiretamente os seus sentimentos negativos em vez de falar abertamente o que sente. E acontece uma desconex\u00e3o entre o que ele diz e o que ele realmente gostaria de dizer, tornado assim a conviv\u00eancia cansativa. Um indiv\u00edduo passivo-agressivo diz sempre que est\u00e1 tudo bem mesmo estando enraivecido e [&hellip;]<\/p>\n","protected":false},"author":1,"featured_media":69269,"comment_status":"closed","ping_status":"open","sticky":false,"template":"","format":"standard","meta":{"footnotes":""},"categories":[175],"tags":[],"class_list":["post-69267","post","type-post","status-publish","format-standard","has-post-thumbnail","hentry","category-artigos"],"_links":{"self":[{"href":"https:\/\/jorgezanoni.com.br\/2019\/wp-json\/wp\/v2\/posts\/69267","targetHints":{"allow":["GET"]}}],"collection":[{"href":"https:\/\/jorgezanoni.com.br\/2019\/wp-json\/wp\/v2\/posts"}],"about":[{"href":"https:\/\/jorgezanoni.com.br\/2019\/wp-json\/wp\/v2\/types\/post"}],"author":[{"embeddable":true,"href":"https:\/\/jorgezanoni.com.br\/2019\/wp-json\/wp\/v2\/users\/1"}],"replies":[{"embeddable":true,"href":"https:\/\/jorgezanoni.com.br\/2019\/wp-json\/wp\/v2\/comments?post=69267"}],"version-history":[{"count":1,"href":"https:\/\/jorgezanoni.com.br\/2019\/wp-json\/wp\/v2\/posts\/69267\/revisions"}],"predecessor-version":[{"id":69270,"href":"https:\/\/jorgezanoni.com.br\/2019\/wp-json\/wp\/v2\/posts\/69267\/revisions\/69270"}],"wp:featuredmedia":[{"embeddable":true,"href":"https:\/\/jorgezanoni.com.br\/2019\/wp-json\/wp\/v2\/media\/69269"}],"wp:attachment":[{"href":"https:\/\/jorgezanoni.com.br\/2019\/wp-json\/wp\/v2\/media?parent=69267"}],"wp:term":[{"taxonomy":"category","embeddable":true,"href":"https:\/\/jorgezanoni.com.br\/2019\/wp-json\/wp\/v2\/categories?post=69267"},{"taxonomy":"post_tag","embeddable":true,"href":"https:\/\/jorgezanoni.com.br\/2019\/wp-json\/wp\/v2\/tags?post=69267"}],"curies":[{"name":"wp","href":"https:\/\/api.w.org\/{rel}","templated":true}]}}