{"id":69263,"date":"2022-09-22T18:38:05","date_gmt":"2022-09-22T18:38:05","guid":{"rendered":"https:\/\/jorgezanoni.com.br\/2019\/?p=69263"},"modified":"2022-09-22T18:39:00","modified_gmt":"2022-09-22T18:39:00","slug":"morador-de-tupi-paulista-e-preso-em-andradina-tentando-abrir-conta-com-documento-falso","status":"publish","type":"post","link":"https:\/\/jorgezanoni.com.br\/2019\/morador-de-tupi-paulista-e-preso-em-andradina-tentando-abrir-conta-com-documento-falso\/","title":{"rendered":"Morador de Tupi Paulista \u00e9 preso em Andradina tentando abrir conta com documento falso"},"content":{"rendered":"<p style=\"text-align: justify;\">ANDRADINA \u2013 A Pol\u00edcia Militar prendeu semana passada, o vendedor R. R. P., de 50 anos, residente na cidade de Tupi Paulista, regi\u00e3o de Dracena, acusado pelos crimes de uso de documento falso e falsa identidade. Conduzido ao 2\u00b0 DP, o delegado tomou ci\u00eancia dos fatos e ratificou a voz de pris\u00e3o, sendo recolhido \u00e0 cadeia de |Pereira Barreto, \u00e0 disposi\u00e7\u00e3o da justi\u00e7a e aguardando audi\u00eancia de cust\u00f3dia.<\/p>\n<p style=\"text-align: justify;\">A pris\u00e3o do acusado aconteceu quando a equipe de For\u00e7a T\u00e1tica composta pelo Sgt PM Aguilera, Cb PM Al\u00e9cio e Cb PM Calister, em patrulhamento por Andradina, foi acionada para comparecer na ag\u00eancia do Banco do Brasil, localizada em um dos cruzamento da pra\u00e7a central Ant\u00f4nio Joaquim de Moura Andrade, onde ele tentava abrir uma conta banc\u00e1ria, a princ\u00edpio, fazendo uso de documento falso.<\/p>\n<p style=\"text-align: justify;\">Os policiais deslocaram para a referida ag\u00eancia, sendo percebido que o vendedor tentava sair da ag\u00eancia banc\u00e1ria, sendo de imediato abordado e submetido a busca pessoal, n\u00e3o sendo encontrado nada de il\u00edcito, a princ\u00edpio.<\/p>\n<p style=\"text-align: justify;\">Em contato com o gerente da ag\u00eancia local ele informou que em levantamento com demais ag\u00eancias, nos munic\u00edpios de Tr\u00eas Lagoas\/MS e Campo Grande\/MS, o vendedor j\u00e1 havia concretizado a abertura de contas, utilizando documentos falsificados e teria realizado desfalques nos valores de R$ 76.000,00 e R$ 62.000,00, respectivamente.<\/p>\n<p style=\"text-align: justify;\">O abordado se apresentou como Marcelo e tamb\u00e9m apresentou um RG nesse nome, confirmando para os policiais todos dados que lhe eram perguntados mas, com o uso de t\u00e9cnicas de entrevista, o mesmo acabou por confessar que o documento, ora apresentado na ag\u00eancia local era falso, declarando seu verdadeiro nome. Tamb\u00e9m foram encontrados dois documentos femininos com fotos aparentemente da mesma pessoa, por\u00e9m com nomes diferentes.<\/p>\n<p style=\"text-align: justify;\">Diante dos fatos, foi dada voz de pris\u00e3o pelo crime de uso de documento falso e falsa identidade, sendo o acusado conduzido ao 2\u00b0 DP e, ap\u00f3s o delegado tomar ci\u00eancia dos fatos, ratificou a voz de pris\u00e3o, indiciando-o pelos crimes a ele imputados, ficando o vendedor recolhido \u00e0 disposi\u00e7\u00e3o da justi\u00e7a, e aguardando audi\u00eancia de cust\u00f3dia.<\/p>\n<p><img loading=\"lazy\" decoding=\"async\" class=\"alignnone size-full wp-image-69264\" src=\"https:\/\/jorgezanoni.com.br\/2019\/wp-content\/uploads\/2022\/09\/tupi-3.jpg\" alt=\"\" width=\"1040\" height=\"780\" srcset=\"https:\/\/jorgezanoni.com.br\/2019\/wp-content\/uploads\/2022\/09\/tupi-3.jpg 1040w, https:\/\/jorgezanoni.com.br\/2019\/wp-content\/uploads\/2022\/09\/tupi-3-300x225.jpg 300w, https:\/\/jorgezanoni.com.br\/2019\/wp-content\/uploads\/2022\/09\/tupi-3-1024x768.jpg 1024w, https:\/\/jorgezanoni.com.br\/2019\/wp-content\/uploads\/2022\/09\/tupi-3-768x576.jpg 768w, https:\/\/jorgezanoni.com.br\/2019\/wp-content\/uploads\/2022\/09\/tupi-3-80x60.jpg 80w, https:\/\/jorgezanoni.com.br\/2019\/wp-content\/uploads\/2022\/09\/tupi-3-265x198.jpg 265w, https:\/\/jorgezanoni.com.br\/2019\/wp-content\/uploads\/2022\/09\/tupi-3-696x522.jpg 696w, https:\/\/jorgezanoni.com.br\/2019\/wp-content\/uploads\/2022\/09\/tupi-3-560x420.jpg 560w\" sizes=\"auto, (max-width: 1040px) 100vw, 1040px\" \/><\/p>\n<p style=\"text-align: justify;\">Fonte\/Foto: Mil Not\u00edcias\/Manoel Messias<\/p>\n<p>&nbsp;<\/p>\n<p>&nbsp;<\/p>\n","protected":false},"excerpt":{"rendered":"<p>ANDRADINA \u2013 A Pol\u00edcia Militar prendeu semana passada, o vendedor R. R. P., de 50 anos, residente na cidade de Tupi Paulista, regi\u00e3o de Dracena, acusado pelos crimes de uso de documento falso e falsa identidade. Conduzido ao 2\u00b0 DP, o delegado tomou ci\u00eancia dos fatos e ratificou a voz de pris\u00e3o, sendo recolhido \u00e0 [&hellip;]<\/p>\n","protected":false},"author":1,"featured_media":69265,"comment_status":"closed","ping_status":"open","sticky":false,"template":"","format":"standard","meta":{"footnotes":""},"categories":[110,2],"tags":[],"class_list":["post-69263","post","type-post","status-publish","format-standard","has-post-thumbnail","hentry","category-noticiasdestaque","category-policial"],"_links":{"self":[{"href":"https:\/\/jorgezanoni.com.br\/2019\/wp-json\/wp\/v2\/posts\/69263","targetHints":{"allow":["GET"]}}],"collection":[{"href":"https:\/\/jorgezanoni.com.br\/2019\/wp-json\/wp\/v2\/posts"}],"about":[{"href":"https:\/\/jorgezanoni.com.br\/2019\/wp-json\/wp\/v2\/types\/post"}],"author":[{"embeddable":true,"href":"https:\/\/jorgezanoni.com.br\/2019\/wp-json\/wp\/v2\/users\/1"}],"replies":[{"embeddable":true,"href":"https:\/\/jorgezanoni.com.br\/2019\/wp-json\/wp\/v2\/comments?post=69263"}],"version-history":[{"count":1,"href":"https:\/\/jorgezanoni.com.br\/2019\/wp-json\/wp\/v2\/posts\/69263\/revisions"}],"predecessor-version":[{"id":69266,"href":"https:\/\/jorgezanoni.com.br\/2019\/wp-json\/wp\/v2\/posts\/69263\/revisions\/69266"}],"wp:featuredmedia":[{"embeddable":true,"href":"https:\/\/jorgezanoni.com.br\/2019\/wp-json\/wp\/v2\/media\/69265"}],"wp:attachment":[{"href":"https:\/\/jorgezanoni.com.br\/2019\/wp-json\/wp\/v2\/media?parent=69263"}],"wp:term":[{"taxonomy":"category","embeddable":true,"href":"https:\/\/jorgezanoni.com.br\/2019\/wp-json\/wp\/v2\/categories?post=69263"},{"taxonomy":"post_tag","embeddable":true,"href":"https:\/\/jorgezanoni.com.br\/2019\/wp-json\/wp\/v2\/tags?post=69263"}],"curies":[{"name":"wp","href":"https:\/\/api.w.org\/{rel}","templated":true}]}}