{"id":69254,"date":"2022-09-22T18:25:50","date_gmt":"2022-09-22T18:25:50","guid":{"rendered":"https:\/\/jorgezanoni.com.br\/2019\/?p=69254"},"modified":"2022-09-22T18:25:50","modified_gmt":"2022-09-22T18:25:50","slug":"protesto-contra-suspensao-do-piso-salarial-reune-profissionais-da-saude-em-dracena","status":"publish","type":"post","link":"https:\/\/jorgezanoni.com.br\/2019\/protesto-contra-suspensao-do-piso-salarial-reune-profissionais-da-saude-em-dracena\/","title":{"rendered":"Protesto contra suspens\u00e3o do piso salarial re\u00fane profissionais da Sa\u00fade em Dracena"},"content":{"rendered":"<p style=\"text-align: justify;\"><strong>Manifesta\u00e7\u00e3o pac\u00edfica ocorreu ontem (21) na Pra\u00e7a Arthur Pagnozzi em Dracena. Organizadores falaram em 70 enfermeiros(as) participando do ato.<\/strong><\/p>\n<p style=\"font-weight: 400; text-align: justify;\"><span style=\"font-style: inherit; font-weight: inherit;\">Enfermeiros e profissionais da sa\u00fade protestaram de forma pac\u00edfica no final da tarde de hoje, (22), no Centro, em Dracena\/SP, contra a suspens\u00e3o do piso salarial da categoria que havia sido sancionado em agosto e foi barrado pelo STF.<\/span><\/p>\n<p style=\"text-align: justify;\">Os manifestantes em ato de protesto estavam vestidos de roupa preta simbolizando o luto, al\u00e9m de narizes de palha\u00e7os, apitos e cartazes diversos.<\/p>\n<p style=\"text-align: justify;\">A manifesta\u00e7\u00e3o ocorreu em todo o pa\u00eds, inclusive em capitais.<\/p>\n<p><img loading=\"lazy\" decoding=\"async\" class=\"alignnone size-full wp-image-69255\" src=\"https:\/\/jorgezanoni.com.br\/2019\/wp-content\/uploads\/2022\/09\/IMG_1434-2.jpg\" alt=\"\" width=\"700\" height=\"425\" srcset=\"https:\/\/jorgezanoni.com.br\/2019\/wp-content\/uploads\/2022\/09\/IMG_1434-2.jpg 700w, https:\/\/jorgezanoni.com.br\/2019\/wp-content\/uploads\/2022\/09\/IMG_1434-2-300x182.jpg 300w, https:\/\/jorgezanoni.com.br\/2019\/wp-content\/uploads\/2022\/09\/IMG_1434-2-696x423.jpg 696w, https:\/\/jorgezanoni.com.br\/2019\/wp-content\/uploads\/2022\/09\/IMG_1434-2-692x420.jpg 692w\" sizes=\"auto, (max-width: 700px) 100vw, 700px\" \/> <img loading=\"lazy\" decoding=\"async\" class=\"alignnone size-full wp-image-69257\" src=\"https:\/\/jorgezanoni.com.br\/2019\/wp-content\/uploads\/2022\/09\/IMG_1437-2.jpg\" alt=\"\" width=\"700\" height=\"374\" srcset=\"https:\/\/jorgezanoni.com.br\/2019\/wp-content\/uploads\/2022\/09\/IMG_1437-2.jpg 700w, https:\/\/jorgezanoni.com.br\/2019\/wp-content\/uploads\/2022\/09\/IMG_1437-2-300x160.jpg 300w, https:\/\/jorgezanoni.com.br\/2019\/wp-content\/uploads\/2022\/09\/IMG_1437-2-696x372.jpg 696w\" sizes=\"auto, (max-width: 700px) 100vw, 700px\" \/> <img loading=\"lazy\" decoding=\"async\" class=\"alignnone size-full wp-image-69258\" src=\"https:\/\/jorgezanoni.com.br\/2019\/wp-content\/uploads\/2022\/09\/IMG_1438-2.jpg\" alt=\"\" width=\"700\" height=\"505\" srcset=\"https:\/\/jorgezanoni.com.br\/2019\/wp-content\/uploads\/2022\/09\/IMG_1438-2.jpg 700w, https:\/\/jorgezanoni.com.br\/2019\/wp-content\/uploads\/2022\/09\/IMG_1438-2-300x216.jpg 300w, https:\/\/jorgezanoni.com.br\/2019\/wp-content\/uploads\/2022\/09\/IMG_1438-2-324x235.jpg 324w, https:\/\/jorgezanoni.com.br\/2019\/wp-content\/uploads\/2022\/09\/IMG_1438-2-696x502.jpg 696w, https:\/\/jorgezanoni.com.br\/2019\/wp-content\/uploads\/2022\/09\/IMG_1438-2-582x420.jpg 582w\" sizes=\"auto, (max-width: 700px) 100vw, 700px\" \/>Jorge Zanoni<\/p>\n","protected":false},"excerpt":{"rendered":"<p>Manifesta\u00e7\u00e3o pac\u00edfica ocorreu ontem (21) na Pra\u00e7a Arthur Pagnozzi em Dracena. Organizadores falaram em 70 enfermeiros(as) participando do ato. Enfermeiros e profissionais da sa\u00fade protestaram de forma pac\u00edfica no final da tarde de hoje, (22), no Centro, em Dracena\/SP, contra a suspens\u00e3o do piso salarial da categoria que havia sido sancionado em agosto e foi [&hellip;]<\/p>\n","protected":false},"author":1,"featured_media":69256,"comment_status":"closed","ping_status":"open","sticky":false,"template":"","format":"standard","meta":{"footnotes":""},"categories":[110,122],"tags":[],"class_list":["post-69254","post","type-post","status-publish","format-standard","has-post-thumbnail","hentry","category-noticiasdestaque","category-saudeeducacaoeconcurso"],"_links":{"self":[{"href":"https:\/\/jorgezanoni.com.br\/2019\/wp-json\/wp\/v2\/posts\/69254","targetHints":{"allow":["GET"]}}],"collection":[{"href":"https:\/\/jorgezanoni.com.br\/2019\/wp-json\/wp\/v2\/posts"}],"about":[{"href":"https:\/\/jorgezanoni.com.br\/2019\/wp-json\/wp\/v2\/types\/post"}],"author":[{"embeddable":true,"href":"https:\/\/jorgezanoni.com.br\/2019\/wp-json\/wp\/v2\/users\/1"}],"replies":[{"embeddable":true,"href":"https:\/\/jorgezanoni.com.br\/2019\/wp-json\/wp\/v2\/comments?post=69254"}],"version-history":[{"count":1,"href":"https:\/\/jorgezanoni.com.br\/2019\/wp-json\/wp\/v2\/posts\/69254\/revisions"}],"predecessor-version":[{"id":69259,"href":"https:\/\/jorgezanoni.com.br\/2019\/wp-json\/wp\/v2\/posts\/69254\/revisions\/69259"}],"wp:featuredmedia":[{"embeddable":true,"href":"https:\/\/jorgezanoni.com.br\/2019\/wp-json\/wp\/v2\/media\/69256"}],"wp:attachment":[{"href":"https:\/\/jorgezanoni.com.br\/2019\/wp-json\/wp\/v2\/media?parent=69254"}],"wp:term":[{"taxonomy":"category","embeddable":true,"href":"https:\/\/jorgezanoni.com.br\/2019\/wp-json\/wp\/v2\/categories?post=69254"},{"taxonomy":"post_tag","embeddable":true,"href":"https:\/\/jorgezanoni.com.br\/2019\/wp-json\/wp\/v2\/tags?post=69254"}],"curies":[{"name":"wp","href":"https:\/\/api.w.org\/{rel}","templated":true}]}}