{"id":69247,"date":"2022-09-22T17:01:59","date_gmt":"2022-09-22T17:01:59","guid":{"rendered":"https:\/\/jorgezanoni.com.br\/2019\/?p=69247"},"modified":"2022-09-22T17:21:34","modified_gmt":"2022-09-22T17:21:34","slug":"reuniao-conjunta-entre-as-policias-militar-e-civil-ocorreu-nesta-manha-em-dracena","status":"publish","type":"post","link":"https:\/\/jorgezanoni.com.br\/2019\/reuniao-conjunta-entre-as-policias-militar-e-civil-ocorreu-nesta-manha-em-dracena\/","title":{"rendered":"Reuni\u00e3o conjunta entre as Pol\u00edcias Militar e Civil ocorreu nesta manh\u00e3 em Dracena"},"content":{"rendered":"<p style=\"text-align: justify;\"><strong>REUNI\u00c3O CONJUNTA ENTRE POL\u00cdCIA MILITAR E POL\u00cdCIA CIVIL OCORRE NESTA MANH\u00c3 EM DRACENA.<\/strong><\/p>\n<p style=\"text-align: justify;\">Na manh\u00e3 de hoje (22) foi realizada na sede do 25\u00ba Batalh\u00e3o de Pol\u00edcia Militar do Interior a Reuni\u00e3o Conjunta entre Pol\u00edcia Militar e Pol\u00edcia Civil para tratativas sobre indicadores criminais de toda a regi\u00e3o de atua\u00e7\u00e3o do Comando de Policiamento do Interior Oito e Deinter 8 (Assis, Presidente Prudente, Presidente Venceslau e Dracena), indicadores esses o melhor de todo Estado de S\u00e3o Paulo. A reuni\u00e3o que ocorre mensalmente foi presidida pelo Comandante do Interior 8, Coronel PM Adriano Aran\u00e3o e pelo Diretor do Deinter 8 Dr.Walmir Geralde, tendo a participa\u00e7\u00e3o dos Comandantes de Batalh\u00e3o, Delegados Seccionais, Coordenadores Operacionais dos Batalh\u00f5es e Comandantes das Pol\u00edcias Ambiental e Rodovi\u00e1ria, sendo tra\u00e7adas estrat\u00e9gias para o combate \u00e0 criminalidade e a\u00e7\u00f5es que promovam e garantam a seguran\u00e7a de toda popula\u00e7\u00e3o.<\/p>\n<p><img loading=\"lazy\" decoding=\"async\" class=\"alignnone size-full wp-image-69249\" src=\"https:\/\/jorgezanoni.com.br\/2019\/wp-content\/uploads\/2022\/09\/reu1.jpg\" alt=\"\" width=\"700\" height=\"339\" srcset=\"https:\/\/jorgezanoni.com.br\/2019\/wp-content\/uploads\/2022\/09\/reu1.jpg 700w, https:\/\/jorgezanoni.com.br\/2019\/wp-content\/uploads\/2022\/09\/reu1-300x145.jpg 300w, https:\/\/jorgezanoni.com.br\/2019\/wp-content\/uploads\/2022\/09\/reu1-696x337.jpg 696w\" sizes=\"auto, (max-width: 700px) 100vw, 700px\" \/><\/p>\n<p style=\"text-align: justify;\">#25bpmi<br \/>\n#cpi8<br \/>\n#POLICIAMILITARSP<br \/>\n#AFOR\u00c7AP\u00daBLICADES\u00c3OPAULO<br \/>\nComunica\u00e7\u00e3o Social do 25BPMI e regi\u00e3o<\/p>\n","protected":false},"excerpt":{"rendered":"<p>REUNI\u00c3O CONJUNTA ENTRE POL\u00cdCIA MILITAR E POL\u00cdCIA CIVIL OCORRE NESTA MANH\u00c3 EM DRACENA. Na manh\u00e3 de hoje (22) foi realizada na sede do 25\u00ba Batalh\u00e3o de Pol\u00edcia Militar do Interior a Reuni\u00e3o Conjunta entre Pol\u00edcia Militar e Pol\u00edcia Civil para tratativas sobre indicadores criminais de toda a regi\u00e3o de atua\u00e7\u00e3o do Comando de Policiamento do [&hellip;]<\/p>\n","protected":false},"author":1,"featured_media":69248,"comment_status":"closed","ping_status":"open","sticky":false,"template":"","format":"standard","meta":{"footnotes":""},"categories":[110,2],"tags":[],"class_list":["post-69247","post","type-post","status-publish","format-standard","has-post-thumbnail","hentry","category-noticiasdestaque","category-policial"],"_links":{"self":[{"href":"https:\/\/jorgezanoni.com.br\/2019\/wp-json\/wp\/v2\/posts\/69247","targetHints":{"allow":["GET"]}}],"collection":[{"href":"https:\/\/jorgezanoni.com.br\/2019\/wp-json\/wp\/v2\/posts"}],"about":[{"href":"https:\/\/jorgezanoni.com.br\/2019\/wp-json\/wp\/v2\/types\/post"}],"author":[{"embeddable":true,"href":"https:\/\/jorgezanoni.com.br\/2019\/wp-json\/wp\/v2\/users\/1"}],"replies":[{"embeddable":true,"href":"https:\/\/jorgezanoni.com.br\/2019\/wp-json\/wp\/v2\/comments?post=69247"}],"version-history":[{"count":2,"href":"https:\/\/jorgezanoni.com.br\/2019\/wp-json\/wp\/v2\/posts\/69247\/revisions"}],"predecessor-version":[{"id":69253,"href":"https:\/\/jorgezanoni.com.br\/2019\/wp-json\/wp\/v2\/posts\/69247\/revisions\/69253"}],"wp:featuredmedia":[{"embeddable":true,"href":"https:\/\/jorgezanoni.com.br\/2019\/wp-json\/wp\/v2\/media\/69248"}],"wp:attachment":[{"href":"https:\/\/jorgezanoni.com.br\/2019\/wp-json\/wp\/v2\/media?parent=69247"}],"wp:term":[{"taxonomy":"category","embeddable":true,"href":"https:\/\/jorgezanoni.com.br\/2019\/wp-json\/wp\/v2\/categories?post=69247"},{"taxonomy":"post_tag","embeddable":true,"href":"https:\/\/jorgezanoni.com.br\/2019\/wp-json\/wp\/v2\/tags?post=69247"}],"curies":[{"name":"wp","href":"https:\/\/api.w.org\/{rel}","templated":true}]}}