{"id":69242,"date":"2022-09-22T15:20:16","date_gmt":"2022-09-22T15:20:16","guid":{"rendered":"https:\/\/jorgezanoni.com.br\/2019\/?p=69242"},"modified":"2022-09-22T15:20:16","modified_gmt":"2022-09-22T15:20:16","slug":"delegacia-seccional-de-dracena-no-dia-da-arvore","status":"publish","type":"post","link":"https:\/\/jorgezanoni.com.br\/2019\/delegacia-seccional-de-dracena-no-dia-da-arvore\/","title":{"rendered":"Delegacia Seccional de Dracena no Dia da \u00c1rvore"},"content":{"rendered":"<p style=\"text-align: justify;\"><strong>No dia 21 de setembro quando se comemora o \u201cDia da \u00c1rvore\u201d, a Delegacia Seccional de Pol\u00edcia de Dracena participou de importante evento.<\/strong><\/p>\n<p style=\"text-align: justify;\">A Prefeitura Municipal de Dracena, por interm\u00e9dio das Secretarias Municipais de Educa\u00e7\u00e3o e Agricultura, realizou o plantio de arvores defronte uma das faces do Centro Ol\u00edmpico local que fica em frente \u00e0 Delegacia Seccional de Pol\u00edcia de Dracena.<\/p>\n<p style=\"text-align: justify;\">Alunos da rede municipal, com orienta\u00e7\u00e3o de professores e t\u00e9cnicos da agricultura plantaram algumas arvores.<\/p>\n<p style=\"text-align: justify;\">O acontecimento teve lugar no per\u00edodo da manh\u00e3 (21\/09), por volta de 08 horas.<\/p>\n<p style=\"text-align: justify;\">Do evento, participaram tamb\u00e9m o Prefeito Municipal de Dracena Andr\u00e9 Lemos e o Delegado Seccional de Pol\u00edcia de Dracena Alexandre Luis Luengo Lopes.<\/p>\n<p><img loading=\"lazy\" decoding=\"async\" class=\"alignnone size-full wp-image-69243\" src=\"https:\/\/jorgezanoni.com.br\/2019\/wp-content\/uploads\/2022\/09\/arvore.jpg\" alt=\"\" width=\"700\" height=\"393\" srcset=\"https:\/\/jorgezanoni.com.br\/2019\/wp-content\/uploads\/2022\/09\/arvore.jpg 700w, https:\/\/jorgezanoni.com.br\/2019\/wp-content\/uploads\/2022\/09\/arvore-300x168.jpg 300w, https:\/\/jorgezanoni.com.br\/2019\/wp-content\/uploads\/2022\/09\/arvore-696x391.jpg 696w\" sizes=\"auto, (max-width: 700px) 100vw, 700px\" \/> <img loading=\"lazy\" decoding=\"async\" class=\"alignnone size-full wp-image-69244\" src=\"https:\/\/jorgezanoni.com.br\/2019\/wp-content\/uploads\/2022\/09\/arvore1.jpg\" alt=\"\" width=\"700\" height=\"393\" srcset=\"https:\/\/jorgezanoni.com.br\/2019\/wp-content\/uploads\/2022\/09\/arvore1.jpg 700w, https:\/\/jorgezanoni.com.br\/2019\/wp-content\/uploads\/2022\/09\/arvore1-300x168.jpg 300w, https:\/\/jorgezanoni.com.br\/2019\/wp-content\/uploads\/2022\/09\/arvore1-696x391.jpg 696w\" sizes=\"auto, (max-width: 700px) 100vw, 700px\" \/><\/p>\n<p>Fonte: Com. Social Pol\u00edcia Civil<\/p>\n","protected":false},"excerpt":{"rendered":"<p>No dia 21 de setembro quando se comemora o \u201cDia da \u00c1rvore\u201d, a Delegacia Seccional de Pol\u00edcia de Dracena participou de importante evento. A Prefeitura Municipal de Dracena, por interm\u00e9dio das Secretarias Municipais de Educa\u00e7\u00e3o e Agricultura, realizou o plantio de arvores defronte uma das faces do Centro Ol\u00edmpico local que fica em frente \u00e0 [&hellip;]<\/p>\n","protected":false},"author":1,"featured_media":69245,"comment_status":"closed","ping_status":"open","sticky":false,"template":"","format":"standard","meta":{"footnotes":""},"categories":[176,110,2],"tags":[],"class_list":["post-69242","post","type-post","status-publish","format-standard","has-post-thumbnail","hentry","category-meioambienteeagricultura","category-noticiasdestaque","category-policial"],"_links":{"self":[{"href":"https:\/\/jorgezanoni.com.br\/2019\/wp-json\/wp\/v2\/posts\/69242","targetHints":{"allow":["GET"]}}],"collection":[{"href":"https:\/\/jorgezanoni.com.br\/2019\/wp-json\/wp\/v2\/posts"}],"about":[{"href":"https:\/\/jorgezanoni.com.br\/2019\/wp-json\/wp\/v2\/types\/post"}],"author":[{"embeddable":true,"href":"https:\/\/jorgezanoni.com.br\/2019\/wp-json\/wp\/v2\/users\/1"}],"replies":[{"embeddable":true,"href":"https:\/\/jorgezanoni.com.br\/2019\/wp-json\/wp\/v2\/comments?post=69242"}],"version-history":[{"count":1,"href":"https:\/\/jorgezanoni.com.br\/2019\/wp-json\/wp\/v2\/posts\/69242\/revisions"}],"predecessor-version":[{"id":69246,"href":"https:\/\/jorgezanoni.com.br\/2019\/wp-json\/wp\/v2\/posts\/69242\/revisions\/69246"}],"wp:featuredmedia":[{"embeddable":true,"href":"https:\/\/jorgezanoni.com.br\/2019\/wp-json\/wp\/v2\/media\/69245"}],"wp:attachment":[{"href":"https:\/\/jorgezanoni.com.br\/2019\/wp-json\/wp\/v2\/media?parent=69242"}],"wp:term":[{"taxonomy":"category","embeddable":true,"href":"https:\/\/jorgezanoni.com.br\/2019\/wp-json\/wp\/v2\/categories?post=69242"},{"taxonomy":"post_tag","embeddable":true,"href":"https:\/\/jorgezanoni.com.br\/2019\/wp-json\/wp\/v2\/tags?post=69242"}],"curies":[{"name":"wp","href":"https:\/\/api.w.org\/{rel}","templated":true}]}}